{"id":68175,"date":"2023-06-22T12:40:10","date_gmt":"2023-06-22T17:40:10","guid":{"rendered":"https:\/\/redsemlac.com\/semmexico\/?p=68175"},"modified":"2023-06-22T12:40:11","modified_gmt":"2023-06-22T17:40:11","slug":"marcha-amor-es-amor-este-2-de-julio-por-la-comunidad-lgbt-en-cuatepec-barrio-alto-convocado-por-diputado-janecarlo-lozano-reynoso","status":"publish","type":"post","link":"https:\/\/redsemlac.com\/semmexico\/marcha-amor-es-amor-este-2-de-julio-por-la-comunidad-lgbt-en-cuatepec-barrio-alto-convocado-por-diputado-janecarlo-lozano-reynoso\/","title":{"rendered":"Marcha #Amor es Amor este 2 de julio por la comunidad LGBT+ en Cuatepec Barrio Alto convocado por diputado Janecarlo Lozano Reynoso\u00a0 \u00a0"},"content":{"rendered":"\n<ul class=\"wp-block-list\">\n<li><strong>Activistas iniciaron esta marcha hace tres a\u00f1os debido a la discriminaci\u00f3n, acoso y asesinato de dos personas trans en el Barrio de Cuautepec.<\/strong><\/li>\n<\/ul>\n\n\n\n<p class=\"wp-block-paragraph\"><strong>Micaela M\u00e1rquez<\/strong><\/p>\n\n\n\n<p class=\"wp-block-paragraph\">SemM\u00e9xico, Ciudad de M\u00e9xico, 22 de junio del 2023.- Para promover los derechos que han ganado la comunidad LGBT+ el diputado morenista Janecarlo Lozano Reynoso convoc\u00f3 a la Tercera Marcha con el nombre #Amor es Amor la que se tiene prevista reunir\u00e1 a 13 mil personas para el 2 de julio en Cuautepec Barrio Alto ,alcald\u00eda Gustavo Moreno.<\/p>\n\n\n\n<p class=\"wp-block-paragraph\">Activistas iniciaron esta marcha hace tres a\u00f1os debido a la discriminaci\u00f3n, acoso y asesinato de dos personas trans en el Barrio de Cuautepec.<\/p>\n\n\n\n<p class=\"wp-block-paragraph\">De acuerdo a la Encuesta Nacional sobre Diversidad Sexual y G\u00e9nero 2021 se estima en la Ciudad de M\u00e9xico 311 mil personas pertenecientes a la comunidad LGBT+, la mayor cantidad se encuentra en el Estado de M\u00e9xico y Baja California Sur es la entidad con menor poblaci\u00f3n con 33.5 mil personas.<\/p>\n\n\n\n<p class=\"wp-block-paragraph\">El diputado morenista precis\u00f3 que se partir\u00e1 cerca de las 10 de la ma\u00f1ana de la base de RTP de Lomas en la colonia Malacates Cuatepec Barrio Alto con un carnaval, desayuno para las y los asistentes y la coronaci\u00f3n de la reina. Para amenizar el evento se contar\u00e1 con la Sonora Dinamita y Black Mambo.<\/p>\n\n\n\n<p class=\"wp-block-paragraph\">Mauricio representante del Grupo Arco\u00edris refiri\u00f3 que el evento es parte de la lucha por todas las compa\u00f1eras que han ca\u00eddo en la colonia y para demostrar que no son s\u00f3lo un comit\u00e9 masivo sino personas que luchan por sus derechos.<\/p>\n\n\n\n<p class=\"wp-block-paragraph\">La movilizaci\u00f3n se llevar\u00e1 a cabo por las principales avenidas de Cuatepec Barrio Alto que pasar por el Jard\u00edn Hidalgo de acuerdo a la ruta del cable bus hasta la estaci\u00f3n Campos Revoluci\u00f3n. Se detendr\u00e1n en la calle de La Par\u00eds para realizar una ofrenda a dos integrantes de la comunidad que fueron asesinados cruelmente en el \u00faltimo a\u00f1o por cr\u00edmenes de odio, como fueron catalogados.<\/p>\n\n\n\n<p class=\"wp-block-paragraph\">Los comit\u00e9s Arco\u00edris, Aida, Paloma Cuautepec y Kenia al finalizar el recorrido en el deportivo Carmen Serd\u00e1n entregaran reconocimientos y un cierre musical por la Sonora Dinamita y de Black Mambo.<\/p>\n\n\n\n<p class=\"wp-block-paragraph\">SEM\/MG<\/p>\n","protected":false},"excerpt":{"rendered":"<p>Activistas iniciaron esta marcha hace tres a\u00f1os debido a la discriminaci\u00f3n, acoso y asesinato de dos personas trans en el Barrio de Cuautepec.<\/p>\n","protected":false},"author":3,"featured_media":68176,"comment_status":"open","ping_status":"open","sticky":false,"template":"","format":"standard","meta":{"_monsterinsights_skip_tracking":false,"footnotes":""},"categories":[50],"tags":[],"class_list":["post-68175","post","type-post","status-publish","format-standard","has-post-thumbnail","category-congreso"],"_links":{"self":[{"href":"https:\/\/redsemlac.com\/semmexico\/wp-json\/wp\/v2\/posts\/68175","targetHints":{"allow":["GET"]}}],"collection":[{"href":"https:\/\/redsemlac.com\/semmexico\/wp-json\/wp\/v2\/posts"}],"about":[{"href":"https:\/\/redsemlac.com\/semmexico\/wp-json\/wp\/v2\/types\/post"}],"author":[{"embeddable":true,"href":"https:\/\/redsemlac.com\/semmexico\/wp-json\/wp\/v2\/users\/3"}],"replies":[{"embeddable":true,"href":"https:\/\/redsemlac.com\/semmexico\/wp-json\/wp\/v2\/comments?post=68175"}],"version-history":[{"count":0,"href":"https:\/\/redsemlac.com\/semmexico\/wp-json\/wp\/v2\/posts\/68175\/revisions"}],"wp:featuredmedia":[{"embeddable":true,"href":"https:\/\/redsemlac.com\/semmexico\/wp-json\/wp\/v2\/media\/68176"}],"wp:attachment":[{"href":"https:\/\/redsemlac.com\/semmexico\/wp-json\/wp\/v2\/media?parent=68175"}],"wp:term":[{"taxonomy":"category","embeddable":true,"href":"https:\/\/redsemlac.com\/semmexico\/wp-json\/wp\/v2\/categories?post=68175"},{"taxonomy":"post_tag","embeddable":true,"href":"https:\/\/redsemlac.com\/semmexico\/wp-json\/wp\/v2\/tags?post=68175"}],"curies":[{"name":"wp","href":"https:\/\/api.w.org\/{rel}","templated":true}]}}