{"id":6809,"date":"2019-05-06T16:21:24","date_gmt":"2019-05-06T16:21:24","guid":{"rendered":"https:\/\/redsemlac.com\/semmexico\/?p=6809"},"modified":"2023-07-21T14:48:38","modified_gmt":"2023-07-21T19:48:38","slug":"entresemana-moises-sanchez-limon","status":"publish","type":"post","link":"https:\/\/redsemlac.com\/semmexico\/entresemana-moises-sanchez-limon\/","title":{"rendered":"Entresemana Mois\u00e9s S\u00e1nchez Lim\u00f3n"},"content":{"rendered":"\n<p class=\"wp-block-paragraph\"> Periodista mexicano. Director del portal Contraste<\/p>\n\n\n\n<figure class=\"wp-block-embed is-type-rich is-provider-sem-mexico\"><div class=\"wp-block-embed__wrapper\">\nhttps:\/\/redsemlac.com\/semmexico\/columnas\/columnistas\/moises-sanchez-limon\/entresemana\/\n<\/div><\/figure>\n\n\n\n<figure class=\"wp-block-embed is-type-rich is-provider-sem-mexico\"><div class=\"wp-block-embed__wrapper\">\nhttps:\/\/redsemlac.com\/semmexico\/columnas\/columnistas\/moises-sanchez-limon\/entresemana-2\/\n<\/div><\/figure>\n\n\n\n<figure class=\"wp-block-embed is-type-rich is-provider-sem-mexico\"><div class=\"wp-block-embed__wrapper\">\nhttps:\/\/redsemlac.com\/semmexico\/columnas\/columnistas\/moises-sanchez-limon\/entresemana-3\/\n<\/div><\/figure>\n\n\n\n<figure class=\"wp-block-embed is-type-rich is-provider-sem-mexico\"><div class=\"wp-block-embed__wrapper\">\nhttps:\/\/redsemlac.com\/semmexico\/columnas\/columnistas\/moises-sanchez-limon\/entresemana-4\/\n<\/div><\/figure>\n\n\n\n<figure class=\"wp-block-embed is-type-rich is-provider-sem-mexico\"><div class=\"wp-block-embed__wrapper\">\nhttps:\/\/redsemlac.com\/semmexico\/columnas\/columnistas\/moises-sanchez-limon\/no-intimide-ni-mienta-presidente-es-pecado\/\n<\/div><\/figure>\n\n\n\n<figure class=\"wp-block-embed is-type-rich is-provider-sem-mexico\"><div class=\"wp-block-embed__wrapper\">\nhttps:\/\/redsemlac.com\/semmexico\/columnas\/columnistas\/moises-sanchez-limon\/entresemana-5\/\n<\/div><\/figure>\n\n\n\n<figure class=\"wp-block-embed is-type-rich is-provider-sem-mexico\"><div class=\"wp-block-embed__wrapper\">\nhttps:\/\/redsemlac.com\/semmexico\/columnas\/columnistas\/moises-sanchez-limon\/entresemana-6\/\n<\/div><\/figure>\n\n\n\n<figure class=\"wp-block-embed is-type-rich is-provider-sem-mexico\"><div class=\"wp-block-embed__wrapper\">\nhttps:\/\/redsemlac.com\/semmexico\/columnas\/columnistas\/moises-sanchez-limon\/entresemana-7\/\n<\/div><\/figure>\n\n\n\n<figure class=\"wp-block-embed is-type-rich is-provider-sem-mexico\"><div class=\"wp-block-embed__wrapper\">\nhttps:\/\/redsemlac.com\/semmexico\/columnas\/columnistas\/moises-sanchez-limon\/la-nueva-mafia-del-poder\/\n<\/div><\/figure>\n\n\n\n<figure class=\"wp-block-embed is-type-rich is-provider-sem-mexico\"><div class=\"wp-block-embed__wrapper\">\nhttps:\/\/redsemlac.com\/semmexico\/columnas\/columnistas\/moises-sanchez-limon\/consultame\/\n<\/div><\/figure>\n\n\n\n<figure class=\"wp-block-embed is-type-rich is-provider-sem-mexico\"><div class=\"wp-block-embed__wrapper\">\nhttps:\/\/redsemlac.com\/semmexico\/columnas\/columnistas\/moises-sanchez-limon\/entresemana-8\/\n<\/div><\/figure>\n\n\n\n<figure class=\"wp-block-embed is-type-rich is-provider-sem-mexico\"><div class=\"wp-block-embed__wrapper\">\nhttps:\/\/redsemlac.com\/semmexico\/columnas\/columnistas\/moises-sanchez-limon\/entresemana-9\/\n<\/div><\/figure>\n\n\n\n<figure class=\"wp-block-embed is-type-rich is-provider-sem-mexico\"><div class=\"wp-block-embed__wrapper\">\nhttps:\/\/redsemlac.com\/semmexico\/columnas\/columnistas\/moises-sanchez-limon\/el-gato-y-el-raton\/\n<\/div><\/figure>\n\n\n\n<figure class=\"wp-block-embed is-type-rich is-provider-sem-mexico\"><div class=\"wp-block-embed__wrapper\">\nhttps:\/\/redsemlac.com\/semmexico\/columnas\/columnistas\/moises-sanchez-limon\/entresemana-10\/\n<\/div><\/figure>\n\n\n\n<figure class=\"wp-block-embed is-type-rich is-provider-sem-mexico\"><div class=\"wp-block-embed__wrapper\">\nhttps:\/\/redsemlac.com\/semmexico\/columnas\/columnistas\/moises-sanchez-limon\/y-los-ninos\/\n<\/div><\/figure>\n\n\n\n<figure class=\"wp-block-embed is-type-rich is-provider-sem-mexico\"><div class=\"wp-block-embed__wrapper\">\nhttps:\/\/redsemlac.com\/semmexico\/columnas\/columnistas\/moises-sanchez-limon\/entresemana-11\/\n<\/div><\/figure>\n\n\n\n<figure class=\"wp-block-embed is-type-rich is-provider-sem-mexico\"><div class=\"wp-block-embed__wrapper\">\nhttps:\/\/redsemlac.com\/semmexico\/columnas\/columnistas\/moises-sanchez-limon\/se-pudo-evitar-la-tragedia\/\n<\/div><\/figure>\n\n\n\n<figure class=\"wp-block-embed is-type-rich is-provider-sem-mexico\"><div class=\"wp-block-embed__wrapper\">\nhttps:\/\/redsemlac.com\/semmexico\/columnas\/columnistas\/moises-sanchez-limon\/entresemana-12\/\n<\/div><\/figure>\n\n\n\n<figure class=\"wp-block-embed is-type-rich is-provider-sem-mexico\"><div class=\"wp-block-embed__wrapper\">\nhttps:\/\/redsemlac.com\/semmexico\/columnas\/columnistas\/moises-sanchez-limon\/la-volada-los-inexpertos-y\/\n<\/div><\/figure>\n\n\n\n<figure class=\"wp-block-embed is-type-rich is-provider-sem-mexico\"><div class=\"wp-block-embed__wrapper\">\nhttps:\/\/redsemlac.com\/semmexico\/columnas\/columnistas\/moises-sanchez-limon\/entresemana-13\/\n<\/div><\/figure>\n\n\n\n<figure class=\"wp-block-embed is-type-rich is-provider-sem-mexico\"><div class=\"wp-block-embed__wrapper\">\nhttps:\/\/redsemlac.com\/semmexico\/columnas\/columnistas\/moises-sanchez-limon\/presidente-le-tiembla-la-mano\/\n<\/div><\/figure>\n\n\n\n<figure class=\"wp-block-embed is-type-rich is-provider-sem-mexico\"><div class=\"wp-block-embed__wrapper\">\nhttps:\/\/redsemlac.com\/semmexico\/columnas\/columnistas\/moises-sanchez-limon\/entresemana-14\/\n<\/div><\/figure>\n\n\n\n<figure class=\"wp-block-embed is-type-rich is-provider-sem-mexico\"><div class=\"wp-block-embed__wrapper\">\nhttps:\/\/redsemlac.com\/semmexico\/columnas\/columnistas\/moises-sanchez-limon\/coello-trejo-chapa-bezanilla-la-pgr\/\n<\/div><\/figure>\n\n\n\n<figure class=\"wp-block-embed is-type-rich is-provider-sem-mexico\"><div class=\"wp-block-embed__wrapper\">\nhttps:\/\/redsemlac.com\/semmexico\/columnas\/columnistas\/moises-sanchez-limon\/entresemana-15\/\n<\/div><\/figure>\n\n\n\n<figure class=\"wp-block-embed is-type-rich is-provider-sem-mexico\"><div class=\"wp-block-embed__wrapper\">\nhttps:\/\/redsemlac.com\/semmexico\/columnas\/columnistas\/moises-sanchez-limon\/asunto-de-leyes\/\n<\/div><\/figure>\n\n\n\n<figure class=\"wp-block-embed is-type-rich is-provider-sem-mexico\"><div class=\"wp-block-embed__wrapper\">\nhttps:\/\/redsemlac.com\/semmexico\/columnas\/columnistas\/moises-sanchez-limon\/naim-un-malentendido\/\n<\/div><\/figure>\n\n\n\n<figure class=\"wp-block-embed is-type-rich is-provider-sem-mexico\"><div class=\"wp-block-embed__wrapper\">\nhttps:\/\/redsemlac.com\/semmexico\/columnas\/columnistas\/moises-sanchez-limon\/entresemana-16\/\n<\/div><\/figure>\n\n\n\n<figure class=\"wp-block-embed is-type-rich is-provider-sem-mexico\"><div class=\"wp-block-embed__wrapper\">\nhttps:\/\/redsemlac.com\/semmexico\/columnas\/columnistas\/moises-sanchez-limon\/hace-12-anos-los-excesos\/\n<\/div><\/figure>\n\n\n\n<figure class=\"wp-block-embed is-type-rich is-provider-sem-mexico\"><div class=\"wp-block-embed__wrapper\">\nhttps:\/\/redsemlac.com\/semmexico\/columnas\/columnistas\/moises-sanchez-limon\/lopez-obrador-ni-mira-ni-oye-a-los-alcaldes\/\n<\/div><\/figure>\n\n\n\n<figure class=\"wp-block-embed is-type-rich is-provider-sem-mexico\"><div class=\"wp-block-embed__wrapper\">\nhttps:\/\/redsemlac.com\/semmexico\/columnas\/columnistas\/moises-sanchez-limon\/entresemana-17\/\n<\/div><\/figure>\n\n\n\n<figure class=\"wp-block-embed is-type-rich is-provider-sem-mexico\"><div class=\"wp-block-embed__wrapper\">\nhttps:\/\/redsemlac.com\/semmexico\/columnas\/columnistas\/moises-sanchez-limon\/consulta-nacional\/\n<\/div><\/figure>\n\n\n\n<figure class=\"wp-block-embed is-type-rich is-provider-sem-mexico\"><div class=\"wp-block-embed__wrapper\">\nhttps:\/\/redsemlac.com\/semmexico\/columnas\/columnistas\/moises-sanchez-limon\/entresemana-18\/\n<\/div><\/figure>\n\n\n\n<figure class=\"wp-block-embed is-type-rich is-provider-sem-mexico\"><div class=\"wp-block-embed__wrapper\">\nhttps:\/\/redsemlac.com\/semmexico\/columnas\/columnistas\/moises-sanchez-limon\/y-los-presidentes-municipales-andres-manuel\/\n<\/div><\/figure>\n\n\n\n<figure class=\"wp-block-embed is-type-rich is-provider-sem-mexico\"><div class=\"wp-block-embed__wrapper\">\nhttps:\/\/redsemlac.com\/semmexico\/columnas\/columnistas\/moises-sanchez-limon\/entresemana-19\/\n<\/div><\/figure>\n\n\n\n<figure class=\"wp-block-embed is-type-rich is-provider-sem-mexico\"><div class=\"wp-block-embed__wrapper\">\nhttps:\/\/redsemlac.com\/semmexico\/columnas\/columnistas\/moises-sanchez-limon\/enterrar-al-pasado\/\n<\/div><\/figure>\n\n\n\n<figure class=\"wp-block-embed is-type-rich is-provider-sem-mexico\"><div class=\"wp-block-embed__wrapper\">\nhttps:\/\/redsemlac.com\/semmexico\/columnas\/columnistas\/moises-sanchez-limon\/entresemana-20\/\n<\/div><\/figure>\n\n\n\n<figure class=\"wp-block-embed is-type-rich is-provider-sem-mexico\"><div class=\"wp-block-embed__wrapper\">\nhttps:\/\/redsemlac.com\/semmexico\/columnas\/columnistas\/moises-sanchez-limon\/entresemana-21\/\n<\/div><\/figure>\n\n\n\n<figure class=\"wp-block-embed is-type-rich is-provider-sem-mexico\"><div class=\"wp-block-embed__wrapper\">\nhttps:\/\/redsemlac.com\/semmexico\/columnas\/columnistas\/moises-sanchez-limon\/entresemana-22\/\n<\/div><\/figure>\n\n\n\n<figure class=\"wp-block-embed is-type-rich is-provider-sem-mexico\"><div class=\"wp-block-embed__wrapper\">\nhttps:\/\/redsemlac.com\/semmexico\/columnas\/columnistas\/moises-sanchez-limon\/entresemana-23\/\n<\/div><\/figure>\n\n\n\n<figure class=\"wp-block-embed is-type-rich is-provider-sem-mexico\"><div class=\"wp-block-embed__wrapper\">\nhttps:\/\/redsemlac.com\/semmexico\/columnas\/columnistas\/moises-sanchez-limon\/entresemana-24\/\n<\/div><\/figure>\n\n\n\n<figure class=\"wp-block-embed is-type-rich is-provider-sem-mexico\"><div class=\"wp-block-embed__wrapper\">\nhttps:\/\/redsemlac.com\/semmexico\/columnas\/columnistas\/moises-sanchez-limon\/cunado\/\n<\/div><\/figure>\n\n\n\n<figure class=\"wp-block-embed is-type-rich is-provider-sem-mexico\"><div class=\"wp-block-embed__wrapper\">\nhttps:\/\/redsemlac.com\/semmexico\/columnas\/columnistas\/moises-sanchez-limon\/tiene-olor-a-venganza\/\n<\/div><\/figure>\n\n\n\n<figure class=\"wp-block-embed is-type-rich is-provider-sem-mexico\"><div class=\"wp-block-embed__wrapper\">\nhttps:\/\/redsemlac.com\/semmexico\/columnas\/columnistas\/moises-sanchez-limon\/entresemana-25\/\n<\/div><\/figure>\n\n\n\n<figure class=\"wp-block-embed is-type-rich is-provider-sem-mexico\"><div class=\"wp-block-embed__wrapper\">\nhttps:\/\/redsemlac.com\/semmexico\/columnas\/columnistas\/moises-sanchez-limon\/los-duenos-de-la-cdmx-y-del-pais\/\n<\/div><\/figure>\n\n\n\n<figure class=\"wp-block-embed is-type-rich is-provider-sem-mexico\"><div class=\"wp-block-embed__wrapper\">\nhttps:\/\/redsemlac.com\/semmexico\/columnas\/columnistas\/moises-sanchez-limon\/entresemana-26\/\n<\/div><\/figure>\n\n\n\n<figure class=\"wp-block-embed is-type-rich is-provider-sem-mexico\"><div class=\"wp-block-embed__wrapper\">\nhttps:\/\/redsemlac.com\/semmexico\/columnas\/columnistas\/moises-sanchez-limon\/el-pri-que-viene\/\n<\/div><\/figure>\n\n\n\n<figure class=\"wp-block-embed is-type-rich is-provider-sem-mexico\"><div class=\"wp-block-embed__wrapper\">\nhttps:\/\/redsemlac.com\/semmexico\/columnas\/columnistas\/moises-sanchez-limon\/entresemana-27\/\n<\/div><\/figure>\n\n\n\n<figure class=\"wp-block-embed is-type-rich is-provider-sem-mexico\"><div class=\"wp-block-embed__wrapper\">\nhttps:\/\/redsemlac.com\/semmexico\/columnas\/columnistas\/moises-sanchez-limon\/revancha-y-espejo-retrovisor\/\n<\/div><\/figure>\n\n\n\n<figure class=\"wp-block-embed is-type-rich is-provider-sem-mexico\"><div class=\"wp-block-embed__wrapper\">\nhttps:\/\/redsemlac.com\/semmexico\/columnas\/columnistas\/moises-sanchez-limon\/entresemana-28\/\n<\/div><\/figure>\n\n\n\n<figure class=\"wp-block-embed is-type-rich is-provider-sem-mexico\"><div class=\"wp-block-embed__wrapper\">\nhttps:\/\/redsemlac.com\/semmexico\/columnas\/columnistas\/moises-sanchez-limon\/el-de-atras-paga\/\n<\/div><\/figure>\n\n\n\n<figure class=\"wp-block-embed is-type-rich is-provider-sem-mexico\"><div class=\"wp-block-embed__wrapper\">\nhttps:\/\/redsemlac.com\/semmexico\/columnas\/columnistas\/moises-sanchez-limon\/entresemana-29\/\n<\/div><\/figure>\n\n\n\n<figure class=\"wp-block-embed is-type-rich is-provider-sem-mexico\"><div class=\"wp-block-embed__wrapper\">\nhttps:\/\/redsemlac.com\/semmexico\/columnas\/columnistas\/moises-sanchez-limon\/entresemana-30\/\n<\/div><\/figure>\n\n\n\n<figure class=\"wp-block-embed is-type-rich is-provider-sem-mexico\"><div class=\"wp-block-embed__wrapper\">\nhttps:\/\/redsemlac.com\/semmexico\/columnas\/columnistas\/moises-sanchez-limon\/entresemana-31\/\n<\/div><\/figure>\n\n\n\n<figure class=\"wp-block-embed is-type-rich is-provider-sem-mexico\"><div class=\"wp-block-embed__wrapper\">\nhttps:\/\/redsemlac.com\/semmexico\/columnas\/columnistas\/moises-sanchez-limon\/quien-defiende-al-presidente\/\n<\/div><\/figure>\n\n\n\n<figure class=\"wp-block-embed is-type-rich is-provider-sem-mexico\"><div class=\"wp-block-embed__wrapper\">\nhttps:\/\/redsemlac.com\/semmexico\/columnas\/columnistas\/moises-sanchez-limon\/entresemana-32\/\n<\/div><\/figure>\n\n\n\n<figure class=\"wp-block-embed is-type-rich is-provider-sem-mexico\"><div class=\"wp-block-embed__wrapper\">\nhttps:\/\/redsemlac.com\/semmexico\/columnas\/columnistas\/moises-sanchez-limon\/impudicos\/\n<\/div><\/figure>\n\n\n\n<figure class=\"wp-block-embed is-type-rich is-provider-sem-mexico\"><div class=\"wp-block-embed__wrapper\">\nhttps:\/\/redsemlac.com\/semmexico\/columnas\/columnistas\/moises-sanchez-limon\/entresemana-33\/\n<\/div><\/figure>\n\n\n\n<figure class=\"wp-block-embed is-type-rich is-provider-sem-mexico\"><div class=\"wp-block-embed__wrapper\">\nhttps:\/\/redsemlac.com\/semmexico\/columnas\/columnistas\/moises-sanchez-limon\/facturas-sexenales\/\n<\/div><\/figure>\n\n\n\n<figure class=\"wp-block-embed is-type-rich is-provider-sem-mexico\"><div class=\"wp-block-embed__wrapper\">\nhttps:\/\/redsemlac.com\/semmexico\/columnas\/columnistas\/moises-sanchez-limon\/entresemana-34\/\n<\/div><\/figure>\n\n\n\n<figure class=\"wp-block-embed is-type-rich is-provider-sem-mexico\"><div class=\"wp-block-embed__wrapper\">\nhttps:\/\/redsemlac.com\/semmexico\/columnas\/columnistas\/moises-sanchez-limon\/puebla-asuntos-de-familia\/\n<\/div><\/figure>\n","protected":false},"excerpt":{"rendered":"<p>Periodista mexicano. Director del portal Contraste<\/p>\n","protected":false},"author":3,"featured_media":6811,"comment_status":"open","ping_status":"open","sticky":false,"template":"","format":"standard","meta":{"_monsterinsights_skip_tracking":false,"footnotes":""},"categories":[690,105,83,35],"tags":[],"class_list":["post-6809","post","type-post","status-publish","format-standard","has-post-thumbnail","category-690","category-entresemana","category-moises-sanchez-limon","category-opinion"],"_links":{"self":[{"href":"https:\/\/redsemlac.com\/semmexico\/wp-json\/wp\/v2\/posts\/6809","targetHints":{"allow":["GET"]}}],"collection":[{"href":"https:\/\/redsemlac.com\/semmexico\/wp-json\/wp\/v2\/posts"}],"about":[{"href":"https:\/\/redsemlac.com\/semmexico\/wp-json\/wp\/v2\/types\/post"}],"author":[{"embeddable":true,"href":"https:\/\/redsemlac.com\/semmexico\/wp-json\/wp\/v2\/users\/3"}],"replies":[{"embeddable":true,"href":"https:\/\/redsemlac.com\/semmexico\/wp-json\/wp\/v2\/comments?post=6809"}],"version-history":[{"count":0,"href":"https:\/\/redsemlac.com\/semmexico\/wp-json\/wp\/v2\/posts\/6809\/revisions"}],"wp:featuredmedia":[{"embeddable":true,"href":"https:\/\/redsemlac.com\/semmexico\/wp-json\/wp\/v2\/media\/6811"}],"wp:attachment":[{"href":"https:\/\/redsemlac.com\/semmexico\/wp-json\/wp\/v2\/media?parent=6809"}],"wp:term":[{"taxonomy":"category","embeddable":true,"href":"https:\/\/redsemlac.com\/semmexico\/wp-json\/wp\/v2\/categories?post=6809"},{"taxonomy":"post_tag","embeddable":true,"href":"https:\/\/redsemlac.com\/semmexico\/wp-json\/wp\/v2\/tags?post=6809"}],"curies":[{"name":"wp","href":"https:\/\/api.w.org\/{rel}","templated":true}]}}