{"id":68029,"date":"2023-06-18T16:20:46","date_gmt":"2023-06-18T21:20:46","guid":{"rendered":"https:\/\/redsemlac.com\/semmexico\/?p=68029"},"modified":"2023-06-18T16:20:47","modified_gmt":"2023-06-18T21:20:47","slug":"vuelve-madama-butterfly-al-palacio-de-bellas-artes-con-la-compania-nacional-de-opera","status":"publish","type":"post","link":"https:\/\/redsemlac.com\/semmexico\/vuelve-madama-butterfly-al-palacio-de-bellas-artes-con-la-compania-nacional-de-opera\/","title":{"rendered":"Vuelve\u00a0Madama Butterfly\u00a0al Palacio de Bellas Artes con la Compa\u00f1\u00eda Nacional de \u00d3pera\u00a0"},"content":{"rendered":"\n<p class=\"wp-block-paragraph\">Ofrecer\u00e1 cuatro funciones los d\u00edas 25, 27 y 29 de junio y el 2 de julio&nbsp;<\/p>\n\n\n\n<p class=\"wp-block-paragraph\">Es uno de los t\u00edtulos m\u00e1s representados del repertorio oper\u00edstico, con un elenco integrado en su totalidad por cantantes mexicanos&nbsp;<\/p>\n\n\n\n<p class=\"wp-block-paragraph\">Vuelve Madama Butterfly al Palacio de Bellas Artes, en la voz de Maribel Salazar, as\u00ed lo inform\u00f3 ayer la Secretar\u00eda de Cultura del Gobierno de M\u00e9xico y el Instituto Nacional de Bellas Artes y Literatura (Inbal). La obra cl\u00e1sica es de Giacomo Puccini, en tres actos y estar\u00e1 a cargo de la Compa\u00f1\u00eda Nacional de \u00d3pera, en el marco de su temporada 2023.&nbsp;<\/p>\n\n\n\n<p class=\"wp-block-paragraph\"><br><br>Se presentar\u00e1n cuatro funciones: domingos 25 de junio y 2 de julio, a las 17:00 horas; martes 27 y jueves 29 de junio a las 20:00, en la Sala Principal del Palacio de Bellas Artes.<\/p>\n\n\n\n<p class=\"wp-block-paragraph\">&nbsp;<br><br>Se trata de uno de los t\u00edtulos m\u00e1s representados en el repertorio oper\u00edstico y cuya presencia en los teatros es aclamada por todo el p\u00fablico, a casi 120 a\u00f1os de su estreno en el Teatro Grande de Brescia, Italia.&nbsp;<\/p>\n\n\n\n<p class=\"wp-block-paragraph\">En conferencia de prensa virtual, el director de \u00d3pera de Bellas Artes, Alonso Escalante, se\u00f1al\u00f3 que la reposici\u00f3n de una obra supone la oportunidad de verse enriquecida. \u201cEs un trabajo en proceso que de forma evolutiva va hacia otro punto. Es una obra que fue creada en un momento en el que surgen diversos cambios a partir de una serie de situaciones que abren rutas hacia otras realidades no centradas en los temas que ocupaban los autores de ese momento.&nbsp;&nbsp;&nbsp;&nbsp;<\/p>\n\n\n\n<p class=\"wp-block-paragraph\">\u201cDe ah\u00ed que&nbsp;<em>Madame Butterfly<\/em>, como el anterior t\u00edtulo que presentamos con \u00d3pera de Bellas Artes,&nbsp;<em>Pescadores de perlas<\/em>, exploraran lo que se llam\u00f3, en ese momento, los temas ex\u00f3ticos, porque est\u00e1n fuera de la l\u00f3gica de Europa. Puccini se encuentra con esta obra no de forma gratuita, sino que ven\u00eda de una novela que hab\u00eda sido escrita anteriormente y ya hay un inter\u00e9s por estos temas que eran raros para aquello que era tratado en los escenarios, as\u00ed es que resulta una innovaci\u00f3n en la forma en que Puccini ven\u00eda realizando su quehacer composicional\u201d, dijo.&nbsp;&nbsp;&nbsp;&nbsp;<\/p>\n\n\n\n<p class=\"wp-block-paragraph\">Giacomo Puccini compuso&nbsp;<em>Madama Butterfly<\/em>&nbsp;al inicio del siglo XX, despu\u00e9s de que&nbsp;<em>Manon Lescaut<\/em>,&nbsp;<em>La boh\u00e8me<\/em>&nbsp;y&nbsp;<em>Tosca<\/em>&nbsp;eran ya grandes \u00e9xitos que se presentaban de manera constante en numerosos teatros. Precisamente, es para el estreno de&nbsp;<em>Tosca<\/em>&nbsp;en Londres que \u00e9l se encuentra en la ciudad brit\u00e1nica y asiste a la representaci\u00f3n teatral del drama&nbsp;<em>Madame Butterfly,<\/em>&nbsp;de David Belasco, y queda inmediatamente emocionado con la posibilidad de hacer una nueva \u00f3pera sobre esta obra.&nbsp;<\/p>\n\n\n\n<p class=\"wp-block-paragraph\">La historia cuenta el desposamiento de Pinkerton, oficial de la marina americana y la geisha Cio-Cio-san. Sin embargo, para el americano este matrimonio es una burla, mientras que, para su esposa, llamada Butterfly y con 15 a\u00f1os de edad, se enamora verdaderamente de \u00e9l, al punto de renunciar a su religi\u00f3n y a su familia. Al poco tiempo, el oficial regresa a su pa\u00eds, con la promesa de volver pronto a Jap\u00f3n y reunirse con su esposa. Pasan tres a\u00f1os y Butterfly no pierde la esperanza. Rechaza toda propuesta de posibles pretendientes, pues su coraz\u00f3n est\u00e1 con Pinkerton, y as\u00ed pasa el tiempo, apenas sobreviviendo en la pobreza, al lado del hijo que ha tenido con su esposo y con su acompa\u00f1ante, la fiel Suzuki.&nbsp;<\/p>\n\n\n\n<p class=\"wp-block-paragraph\">Para cortar toda ilusi\u00f3n, Sharples, el c\u00f3nsul americano, lee la carta que ha enviado Pinkerton, anunciando su retorno acompa\u00f1ado por su mujer americana. Cuando llega al puerto de Nagasaki el barco de Pinkerton, Cio-Cio-san le espera emocionada y pasa en vela toda la noche al lado de los suyos, sin embargo, las cosas no corresponder\u00e1n a sus expectativas y el desenlace ser\u00e1 fatal.&nbsp;<\/p>\n\n\n\n<p class=\"wp-block-paragraph\">En esta producci\u00f3n, dirigida por Juliana Faesler, plantea una visi\u00f3n adelantada temporalmente a la concepci\u00f3n original de Puccini, en la que introduce una escenograf\u00eda \u2013dise\u00f1ada tambi\u00e9n por la propia Faesler\u2013 conformada por elementos a manera de gigantescas vigas que sirven de fondo y que, al tomar diferentes configuraciones abstractas, sirven de marco a la dramaturgia original y conviven armoniosamente con el ambiente figurativo de la casita de Cio-Cio-san.&nbsp;&nbsp;<\/p>\n\n\n\n<p class=\"wp-block-paragraph\">Juliana Faesler explic\u00f3 que la puesta en escena es el retrato de una mujer profundamente amante de la vida, que lucha hasta el final por lo que cree que es importante y honorable. \u201cDesde ese \u00e1ngulo hemos construido una puesta en escena que trata de acercar a esta mujer y los personajes a todas las mujeres del mundo que viven la realidad de&nbsp;<em>Madame Butterfly<\/em>&nbsp;como un homenaje y profundo respeto\u201d.&nbsp;&nbsp;<\/p>\n\n\n\n<p class=\"wp-block-paragraph\">Explic\u00f3 que dentro del universo de la \u00f3pera se encuentran en cada puesta nuevas miradas, y en este mismo sentido fue planteada la intenci\u00f3n esc\u00e9nica. \u201cLa idea general fue tratar de encontrar un medio donde dialogara la abstracci\u00f3n de la m\u00fasica que es fant\u00e1stica y emocional con la obra de teatro que esta magistralmente escrita\u201d.&nbsp;&nbsp;<\/p>\n\n\n\n<p class=\"wp-block-paragraph\">Por su parte, el director concertador, Iv\u00e1n L\u00f3pez Reynoso, afirm\u00f3 que es un lujo y emoci\u00f3n grande dirigir esta \u00f3pera. \u201cSignifica tambi\u00e9n el regreso de uno de los compositores m\u00e1s queridos de la historia de la \u00f3pera a la cartelera de la \u00d3pera de Bellas Artes, despu\u00e9s de una crisis sanitaria. Estas obras de gran formato, como es&nbsp;<em>Madame Butterfly,<\/em>&nbsp;estuvieron fuera de nuestro repertorio y ahora regresa con mucha fuerza y lo que significa tener a la orquesta completa en el foso, con un coro grande\u201d.&nbsp;&nbsp;<\/p>\n\n\n\n<p class=\"wp-block-paragraph\">El equipo creativo est\u00e1 integrado por Mayra Ju\u00e1rez y Marina Meza, quienes dise\u00f1aron el vestuario original; Rafael Mendoza en el dise\u00f1o de iluminaci\u00f3n y de escenotecnia; Cinthia Mu\u00f1oz a cargo del maquillaje y peluquer\u00eda, e Irene Akiko, dise\u00f1adora de movimiento corporal.&nbsp;<\/p>\n\n\n\n<p class=\"wp-block-paragraph\">Con un elenco en su totalidad por cantantes mexicanos, el papel protag\u00f3nico estar\u00e1 encarnado por la soprano Maribel Salazar (Cio-Cio-san), acompa\u00f1ada por el tenor Andr\u00e9s Carrillo (Pinkerton), la mezzosoprano Itzeli J\u00e1uregui (Suzuki), el bar\u00edtono Jes\u00fas Suaste (Sharples), el tenor Gerardo Reynoso (Goro); los bar\u00edtonos \u00d3scar Vel\u00e1zquez (Bonzo) y \u00c9dgar Gil (notario\/Yamadori), las ni\u00f1as Hibari Iida (Cio-Cio-san ni\u00f1a), Camila Amilpas y Sof\u00eda Brezzo (Dolore), el bar\u00edtono Juan Pablo Sandoval (Yakuside\/comisario), las sopranos Celia G\u00f3mez (madre de Cio-Cio-san), Irene San Antonio (t\u00eda de Cio-Cio-san) y Dolores Men\u00e9ndez (prima de Cio-Cio-san).&nbsp;<\/p>\n\n\n\n<p class=\"wp-block-paragraph\">Maribel Salazar asegur\u00f3 que cantar&nbsp;<em>Madama Butterfly<\/em>&nbsp;es un gran reto y un regalo de Dios. \u201cEstoy profundamente agradecida por esta oportunidad, somos un equipo maravilloso, y el p\u00fabico va a estar muy contento de escuchar esta partitura magistral de Giacomo Puccini\u201d; Andr\u00e9s Carrillo puntualiz\u00f3 que lo m\u00e1s importante al interpretar a Pinkerton es la parte emocional. \u201cPersonalmente me siento muy identificado con el personaje, porque la cuesti\u00f3n inmadura de \u00e9l la viv\u00ed muy de cerca cuando era joven\u201d; mientras que Jes\u00fas Suaste dijo que varias veces a interpretado a Sharples y cada vez le encuentra cosas nuevas. \u201cLo b\u00e1sico quedo en mi desde el debut, en un hombre que se conmueve profundamente y en el alma con Cio-Cio-san\u201d.&nbsp;&nbsp;&nbsp;&nbsp;&nbsp;<\/p>\n\n\n\n<p class=\"wp-block-paragraph\">Para m\u00e1s informaci\u00f3n se pueden seguir las redes sociales de \u00d3pera de Bellas Artes en Facebook (\/operainbal), Instagram (@operadebellasartes) y Twitter (@operaINBAL).\u00a0<\/p>\n\n\n\n<figure class=\"wp-block-image size-large\"><a href=\"https:\/\/redsemlac.com\/semmexico\/wp-content\/uploads\/2023\/06\/vuelve-madama-butterfly-02.jpg\"><img decoding=\"async\" src=\"https:\/\/redsemlac.com\/semmexico\/wp-content\/uploads\/2023\/06\/vuelve-madama-butterfly-02-1024x1024.jpg\" alt=\"\" class=\"wp-image-68033\"\/><\/a><\/figure>\n\n\n\n<figure class=\"wp-block-image size-large\"><a href=\"https:\/\/redsemlac.com\/semmexico\/wp-content\/uploads\/2023\/06\/vuelve-madama-butterfly-03.jpg\"><img decoding=\"async\" src=\"https:\/\/redsemlac.com\/semmexico\/wp-content\/uploads\/2023\/06\/vuelve-madama-butterfly-03-819x1024.jpg\" alt=\"\" class=\"wp-image-68034\"\/><\/a><\/figure>\n","protected":false},"excerpt":{"rendered":"<p>Vuelve Madama Butterfly al Palacio de Bellas Artes, en la voz de Maribel Salazar, as\u00ed lo inform\u00f3 ayer la Secretar\u00eda de Cultura del Gobierno de M\u00e9xico y el Instituto Nacional de Bellas Artes y Literatura (Inbal).<\/p>\n","protected":false},"author":3,"featured_media":68031,"comment_status":"open","ping_status":"open","sticky":false,"template":"","format":"standard","meta":{"_monsterinsights_skip_tracking":false,"footnotes":""},"categories":[45,46],"tags":[],"class_list":["post-68029","post","type-post","status-publish","format-standard","has-post-thumbnail","category-cultura","category-cultura-cultura"],"_links":{"self":[{"href":"https:\/\/redsemlac.com\/semmexico\/wp-json\/wp\/v2\/posts\/68029","targetHints":{"allow":["GET"]}}],"collection":[{"href":"https:\/\/redsemlac.com\/semmexico\/wp-json\/wp\/v2\/posts"}],"about":[{"href":"https:\/\/redsemlac.com\/semmexico\/wp-json\/wp\/v2\/types\/post"}],"author":[{"embeddable":true,"href":"https:\/\/redsemlac.com\/semmexico\/wp-json\/wp\/v2\/users\/3"}],"replies":[{"embeddable":true,"href":"https:\/\/redsemlac.com\/semmexico\/wp-json\/wp\/v2\/comments?post=68029"}],"version-history":[{"count":0,"href":"https:\/\/redsemlac.com\/semmexico\/wp-json\/wp\/v2\/posts\/68029\/revisions"}],"wp:featuredmedia":[{"embeddable":true,"href":"https:\/\/redsemlac.com\/semmexico\/wp-json\/wp\/v2\/media\/68031"}],"wp:attachment":[{"href":"https:\/\/redsemlac.com\/semmexico\/wp-json\/wp\/v2\/media?parent=68029"}],"wp:term":[{"taxonomy":"category","embeddable":true,"href":"https:\/\/redsemlac.com\/semmexico\/wp-json\/wp\/v2\/categories?post=68029"},{"taxonomy":"post_tag","embeddable":true,"href":"https:\/\/redsemlac.com\/semmexico\/wp-json\/wp\/v2\/tags?post=68029"}],"curies":[{"name":"wp","href":"https:\/\/api.w.org\/{rel}","templated":true}]}}