{"id":68024,"date":"2023-06-18T16:08:41","date_gmt":"2023-06-18T21:08:41","guid":{"rendered":"https:\/\/redsemlac.com\/semmexico\/?p=68024"},"modified":"2023-06-18T16:08:42","modified_gmt":"2023-06-18T21:08:42","slug":"alfa-omega-la-sucesion-farsa-politica-y-despilfarro-austero","status":"publish","type":"post","link":"https:\/\/redsemlac.com\/semmexico\/alfa-omega-la-sucesion-farsa-politica-y-despilfarro-austero\/","title":{"rendered":"Alfa Omega| La Sucesi\u00f3n, Farsa Pol\u00edtica y Despilfarro \u201cAustero\u201d"},"content":{"rendered":"\n<p class=\"has-medium-font-size wp-block-paragraph\"><strong><em>El Maximato Requiere Unidad y Equidad<\/em><\/strong><\/p>\n\n\n\n<p class=\"has-medium-font-size wp-block-paragraph\"><strong><em>Seis Buscan La Candidatura Presidencial<\/em><\/strong><\/p>\n\n\n\n<p class=\"has-medium-font-size wp-block-paragraph\"><strong><em>In\u00fatil, Costosa y Enga\u00f1osa La Encuesta<\/em><\/strong><\/p>\n\n\n\n<p class=\"has-medium-font-size wp-block-paragraph\"><strong><em>El Dedito Ya Sabe Hacia D\u00f3nde Va a Se\u00f1alar<\/em><\/strong><\/p>\n\n\n\n<p class=\"wp-block-paragraph\"><strong>Jorge Herrera Valenzuela<\/strong><\/p>\n\n\n\n<p class=\"wp-block-paragraph\"><strong>FELICIDADES A TODOS LOS PAP\u00c1S EN ESTE CALUROSO DOMINGO.<\/strong><\/p>\n\n\n\n<p class=\"wp-block-paragraph\">SemM\u00e9xico, Ciudad de M\u00e9xico, 18 de junio, 2023.- Dram\u00e1tica, peligrosa, ins\u00f3lita y riesgosa la sucesi\u00f3n presidencial.<\/p>\n\n\n\n<p class=\"wp-block-paragraph\">El hu\u00e9sped de Palacio Nacional tiene la batuta para dirigir la sinfon\u00eda.<\/p>\n\n\n\n<p class=\"wp-block-paragraph\">Juega el tabasque\u00f1o, como beisbolista. Batea a sus imaginarios rivales.<\/p>\n\n\n\n<p class=\"wp-block-paragraph\">Todo est\u00e1 enfilado para que el triunfo sea para el fundador y dirigente \u00fanico de un membrete pol\u00edtico, registrado como partido.<\/p>\n\n\n\n<p class=\"wp-block-paragraph\">La mitad de los electores debe enfrentarse, en las urnas, al \u201cpueblo bonito y bueno\u201d que recibe el mensaje ma\u00f1anero, basado en ataques, difamaciones y acusaciones sin pruebas \u201ccontra los que se oponen a la cuarta transformaci\u00f3n\u201d.<\/p>\n\n\n\n<p class=\"wp-block-paragraph\">Lo cierto es que candidatas y candidatos est\u00e1n en plena campa\u00f1a, aunque oficialmente la disfracen como \u201casamblea informativa\u201d, de car\u00e1cter interno.<\/p>\n\n\n\n<p class=\"wp-block-paragraph\">Quienes est\u00e1n en este juego pol\u00edtico electoral se les oblig\u00f3 a renunciar al cargo y los legisladores solicitaron licencia, porque fueron electos en 2018. As\u00ed comenz\u00f3 la farsa, aplaudida por \u201clos chairos\u201d.<\/p>\n\n\n\n<p class=\"wp-block-paragraph\">&nbsp;Inmediatamente se procedi\u00f3 a nombrar a nuevos titulares: la doctora Alicia Barcena Ibarra en Relaciones Exteriores y en la jefatura de Gobierno de la Ciudad de M\u00e9xico, Mart\u00ed Batres Guadarrama. En la C\u00e1mara Alta, ser\u00e1 el chiapaneco Oscar Eduardo Ram\u00edrez Aguilar, el coordinador de los senadores morenistas.<\/p>\n\n\n\n<p class=\"wp-block-paragraph\"><strong>ANTECEDENTES DE UN MAXIMATO<\/strong><\/p>\n\n\n\n<p class=\"wp-block-paragraph\">En las p\u00e1ginas de la Historia Patria est\u00e1 registrado cada uno de los acontecimientos desde hace casi doscientos a\u00f1os. La etapa de inestabilidad pol\u00edtica y lento desarrollo econ\u00f3mico. La era del \u201csantaanismo\u201d que dur\u00f3 20 a\u00f1os.<\/p>\n\n\n\n<p class=\"wp-block-paragraph\">La Restauraci\u00f3n de la Rep\u00fablica. El ambivalente porfiriato de progreso y dictadura. El movimiento armado que comienza en la capital poblana, la guerra fratricida entre zapatistas, carrancistas, villistas y obregonistas. Una d\u00e9cada que termina con el asesinato del presidente Venustiano Carranza.<\/p>\n\n\n\n<p class=\"wp-block-paragraph\">Los siguientes diez a\u00f1os estuvieron bajo el dominio del sonorense \u00c1lvaro Obreg\u00f3n, que orden\u00f3 a su paisano y sucesor en Palacio Nacional, Plutarco El\u00edas Calles, eliminar de la Constituci\u00f3n lo referente a la no relecci\u00f3n. Obreg\u00f3n fue reelecto, pero unas balas le cortaron la vida al asistir a un banquete en su honor.<\/p>\n\n\n\n<p class=\"wp-block-paragraph\">\u201cEl Turco\u201d, llamado as\u00ed Calles por su jefe, tom\u00f3 las riendas. En menos de un a\u00f1o reuni\u00f3 a los dirigentes de los grupos que combatieron, despu\u00e9s del asesinato de Francisco I. Madero. Los llam\u00f3 a la unidad. Reparti\u00f3 prebendas pol\u00edticas. Dio vida al Partido Nacional Revolucionario. Estaba en marcha la obra del Jefe M\u00e1ximo de la Revoluci\u00f3n Mexicana.<\/p>\n\n\n\n<p class=\"wp-block-paragraph\">Era realidad que en el pa\u00eds no se mov\u00eda la hoja de un \u00e1rbol, si Calles no lo permit\u00eda. Consolid\u00f3 su poder al nombrar al presidente interino, el tamaulipeco, Emilio Portes Gil; impuso la candidatura presidencial del michoacano Pascual Ortiz Rubio, quien renunci\u00f3 en 1932 y lleg\u00f3 a la presidencia el \u00faltimo interino del siglo, el cuarto sonorense, Abelardo L. Rodr\u00edguez. (Adolfo de la Huerta, sonorense, cubri\u00f3 el interinato a ra\u00edz del asesinato de Carranza).<\/p>\n\n\n\n<p class=\"wp-block-paragraph\">El PNR postul\u00f3 al hombre de Jiquilpan, L\u00e1zaro C\u00e1rdenas del R\u00edo. Militar de 39 a\u00f1os de edad e iniciador de los gobiernos sexenales. Calles design\u00f3 a sus cercanos colaboradores en el gabinete inicial del michoacano.<\/p>\n\n\n\n<p class=\"wp-block-paragraph\">El profesor rural, militar y pol\u00edtico de Guaymas, Sonora, pretend\u00eda mantener poder y control sobre C\u00e1rdenas como lo hizo con los tres presidentes anteriores.<\/p>\n\n\n\n<p class=\"wp-block-paragraph\">Se enferm\u00f3 y fue a ser atendido por m\u00e9dicos en Los \u00c1ngeles, California. En su retorno lo recibi\u00f3 el presidente C\u00e1rdenas. Calles revel\u00f3 no estar de acuerdo con acciones emprendidas por el michoacano. En el Congreso ya no ten\u00eda muchas simpat\u00edas.<\/p>\n\n\n\n<p class=\"wp-block-paragraph\">El general Francisco J. M\u00fagica fue enviado a la residencia de Calles, la intenci\u00f3n era decirle que el presidente deseaba gobernar libremente. Advirti\u00f3 C\u00e1rdenas un distanciamiento al a\u00f1o de haber asumido la presidencia.<\/p>\n\n\n\n<p class=\"wp-block-paragraph\">No hubo conciliaci\u00f3n y la madrugada del 10 de abril de 1936, 20 militares y seis polic\u00edas llegaron a la hacienda Santa B\u00e1rbara. La cr\u00f3nica apunta que el expresidente le\u00eda el libro \u201cMi Lucha\u201d de Adolfo Hitler. Estaba en pijama. No cre\u00eda lo que le comunicaban.<\/p>\n\n\n\n<p class=\"wp-block-paragraph\"><strong>Le dijeron que ser\u00eda llevado al Puerto A\u00e9reo Central y lo subir\u00edan a un aeroplano militar para trasladarlo a San Diego, California. Con \u00e9l tambi\u00e9n fueron exiliados Luis L. Le\u00f3n, Luis N. Morones y Melchor Ortega. Cinco a\u00f1os fuera de M\u00e9xico. Fue el Fin del Maximato<\/strong>.<\/p>\n\n\n\n<p class=\"wp-block-paragraph\">NI MAXIMATO, NI DICTADURA<\/p>\n\n\n\n<p class=\"wp-block-paragraph\">Los tiempos son diferentes. Las circunstancias son distintas. Los personajes no siguen a un supuesto caudillo. Los intereses est\u00e1n manejados por un solo par de manos. Ni principios y menos ideolog\u00eda.<\/p>\n\n\n\n<p class=\"wp-block-paragraph\">Plutarco El\u00edas Calles se forj\u00f3 en los campos de batalla. Salt\u00f3 victoriosamente a la pol\u00edtica, al lado de \u201c<strong>El Manco de Celaya<\/strong>\u201d.&nbsp; Soport\u00f3 los desplantes del hombre de Topolobampo, a veces hasta humillantes. Aprendi\u00f3 mucho. Para triunfar deber\u00eda ser cauto, conciliador, amistoso. Mantuvo la lealtad a Obreg\u00f3n, aun siendo el Presidente de M\u00e9xico (1924-1928).<\/p>\n\n\n\n<p class=\"wp-block-paragraph\">Hoy vivimos los mexicanos en la creciente violencia, la inseguridad nacional, la destrucci\u00f3n de lo hecho durante el Siglo XX. Calles instaur\u00f3 un M\u00e9xico de instituciones.<\/p>\n\n\n\n<p class=\"wp-block-paragraph\">El tabasque\u00f1o desde siempre ha mandado \u201cal diablo a las instituciones\u201d. Calles concili\u00f3 con todos los grupos revolucionarios. Se condujo amistosamente con los empresarios, con los hombres del medio rural, con la sociedad en general. Sim llegar a extremos no se pele\u00f3 con los cat\u00f3licos.<\/p>\n\n\n\n<p class=\"wp-block-paragraph\">Desde diciembre de 2018, desde Palacio Nacional se dividi\u00f3 a los mexicanos, \u201cprimeros los pobres\u201d y no aceptan que ha aumentado en millones el n\u00famero de pobres. El asesinato de dos sacerdotes en Chihuahua, es visto con total indiferencia por parte de las autoridades y nada queda aclarado. El Gobierno Federal cerr\u00f3 el expediente, sin m\u00e1s averiguaci\u00f3n, al informar que el presunto asesino estaba muerto.<\/p>\n\n\n\n<p class=\"wp-block-paragraph\">El Presidente de M\u00e9xico no tendr\u00e1 el control pol\u00edtico, porque sabe que las elecciones del 2024 \u201cno las tiene amarradas\u201d. No ha hecho equipo como lo tuvo Calles. El l\u00edder sindicalista Morones y destacados pol\u00edticos en todo el pa\u00eds, eran pilares fuertes y ten\u00edan licencia para operar, adem\u00e1s contaba con total apoyo de las fuerzas militares.<\/p>\n\n\n\n<p class=\"wp-block-paragraph\">La dictadura no se logra de la noche a la ma\u00f1ana. Porfirio D\u00edaz en sus primeros a\u00f1os realiz\u00f3 obras materiales muy importantes, abri\u00f3 caminos, impuso las comunicaciones terrestres. Despu\u00e9s rodeado de los caciques, aliado con los poderosos del dinero, se dej\u00f3 llevar de la mano para imponer su ley. Las huelgas de 1906 fueron un principio significativo de la descomposici\u00f3n social, la pobreza y explotaci\u00f3n en el medio rural, sus relecciones presidenciales.<\/p>\n\n\n\n<p class=\"wp-block-paragraph\">En estos cinco a\u00f1os y medio, desde Palacio Nacional han salido \u00f3rdenes administrativas, iniciativas de reformas constitucionales, ocurrencias, caprichos y ataques a diestra y siniestra. Las puertas de ese edificio colonial est\u00e1n cerradas para todo el que disienta de la forma en que se \u201cgobierna\u201d al Pa\u00eds. Ya ni los turistas tienen libre acceso. En las ma\u00f1aneras dan paso a personas que no molestar\u00e1n.<\/p>\n\n\n\n<p class=\"wp-block-paragraph\">Las manifestaciones de cientos de miles de mexicanos para defender Al INE, la lucha por la democracia, las protestas por la injustificada guerra presidencial contra el Poder Judicial Federal y en particular contra las y los Ministros de la Suprema Corte, con excepci\u00f3n de la ministra plagiara, una de nombre Loretta y el lacayo Arturo Zald\u00edvar.<\/p>\n\n\n\n<p class=\"wp-block-paragraph\"><strong>PAGAMOS LAS CAMPA\u00d1AS<\/strong><\/p>\n\n\n\n<p class=\"wp-block-paragraph\">Oficialmente se revel\u00f3 que el partido en el Gobierno \u201centregar\u00e1 cinco millones de pesos\u201d a cada uno de los seis aspirantes a la candidatura presidencial. Por Morena, <strong>Marcelo Luis Ebrard Casaub\u00f3n, Claudia Sheinbaum Pardo, Ricardo Monreal \u00c1vila y Ad\u00e1n Augusto L\u00f3pez Hern\u00e1ndez<\/strong>.<\/p>\n\n\n\n<p class=\"wp-block-paragraph\">Agregue al chiapaneco <strong>Manuel Velasco Coello <\/strong>militante del Partido Verde Ecologista de M\u00e9xico, y <strong>Jos\u00e9 Gerardo Rodolfo Fern\u00e1ndez Noro\u00f1a<\/strong>, afiliado al Partido del Trabajo. La diputada <strong>Yeidckol Polevnsky Gurwitz<\/strong> (en espa\u00f1ol <strong>Citlali Ib\u00e1\u00f1ez Camacho<\/strong>) no fue admitida por la direcci\u00f3n del partido que ella dirigi\u00f3.<\/p>\n\n\n\n<p class=\"wp-block-paragraph\">Para los efectos pol\u00edticos presidenciales no se trata de una campa\u00f1a pol\u00edtica, sino de asambleas informativas. Los gastos de cada uno de los contendientes corren por cuenta <strong>de los contribuyentes, de los que pagamos religiosamente los impuestos municipales, estatales o federales. <\/strong>Pueden argumentar que eso no es cierto, pero los millones que recibe el partido es precisamente de nuestros impuestos.<\/p>\n\n\n\n<p class=\"wp-block-paragraph\">El despilfarro de 30 millones, m\u00e1s lo que se les acumule diariamente, no tiene raz\u00f3n de ser. Es la primera vez que se da un suceso de esta naturaleza. \u00a1Claro! <strong>No son iguales a los anteriores, \u00a1son peores! Ahora el INE no sanciona.<\/strong><\/p>\n\n\n\n<p class=\"wp-block-paragraph\">Poco ha de vivir el que no vea, no enter\u00e9 y no sepa, que las encuestas, una, dos, tres y las que quieran s\u00f3lo ser\u00e1n un distractor, porque <strong>el dedo \u00edndice de la mano derecha, de YSQ, apuntar\u00e1 \u201cal triunfador o triunfadora<\/strong>\u201d.<\/p>\n\n\n\n<p class=\"wp-block-paragraph\">Hasta 1988, el saliente dej\u00f3 al sucesor. Zedillo ni de eso se ocup\u00f3 y en este cibern\u00e9tico siglo, los tres siguientes fracasaron con sus respectivos candidatos.<\/p>\n\n\n\n<p class=\"wp-block-paragraph\"><strong>jherrerav@live.com.mx<\/strong><\/p>\n","protected":false},"excerpt":{"rendered":"<p>Dram\u00e1tica, peligrosa, ins\u00f3lita y riesgosa la sucesi\u00f3n presidencial.<\/p>\n","protected":false},"author":3,"featured_media":38023,"comment_status":"open","ping_status":"open","sticky":false,"template":"","format":"standard","meta":{"_monsterinsights_skip_tracking":false,"footnotes":""},"categories":[94,35],"tags":[],"class_list":["post-68024","post","type-post","status-publish","format-standard","has-post-thumbnail","category-jorge-herrera-valenzuela","category-opinion"],"_links":{"self":[{"href":"https:\/\/redsemlac.com\/semmexico\/wp-json\/wp\/v2\/posts\/68024","targetHints":{"allow":["GET"]}}],"collection":[{"href":"https:\/\/redsemlac.com\/semmexico\/wp-json\/wp\/v2\/posts"}],"about":[{"href":"https:\/\/redsemlac.com\/semmexico\/wp-json\/wp\/v2\/types\/post"}],"author":[{"embeddable":true,"href":"https:\/\/redsemlac.com\/semmexico\/wp-json\/wp\/v2\/users\/3"}],"replies":[{"embeddable":true,"href":"https:\/\/redsemlac.com\/semmexico\/wp-json\/wp\/v2\/comments?post=68024"}],"version-history":[{"count":0,"href":"https:\/\/redsemlac.com\/semmexico\/wp-json\/wp\/v2\/posts\/68024\/revisions"}],"wp:featuredmedia":[{"embeddable":true,"href":"https:\/\/redsemlac.com\/semmexico\/wp-json\/wp\/v2\/media\/38023"}],"wp:attachment":[{"href":"https:\/\/redsemlac.com\/semmexico\/wp-json\/wp\/v2\/media?parent=68024"}],"wp:term":[{"taxonomy":"category","embeddable":true,"href":"https:\/\/redsemlac.com\/semmexico\/wp-json\/wp\/v2\/categories?post=68024"},{"taxonomy":"post_tag","embeddable":true,"href":"https:\/\/redsemlac.com\/semmexico\/wp-json\/wp\/v2\/tags?post=68024"}],"curies":[{"name":"wp","href":"https:\/\/api.w.org\/{rel}","templated":true}]}}