{"id":67969,"date":"2023-06-17T11:20:59","date_gmt":"2023-06-17T16:20:59","guid":{"rendered":"https:\/\/redsemlac.com\/semmexico\/?p=67969"},"modified":"2023-06-19T18:08:32","modified_gmt":"2023-06-19T23:08:32","slug":"por-solicitud-de-colectivas-feministas-impugna-la-cndh-reforma-al-codigo-penal-que-elimino-plazo-maximo-de-90-dias-para-solicitar-la-interrupcion-voluntaria-del-embarazo","status":"publish","type":"post","link":"https:\/\/redsemlac.com\/semmexico\/por-solicitud-de-colectivas-feministas-impugna-la-cndh-reforma-al-codigo-penal-que-elimino-plazo-maximo-de-90-dias-para-solicitar-la-interrupcion-voluntaria-del-embarazo\/","title":{"rendered":"Por solicitud de colectivas feministas, impugna la CNDH reforma al c\u00f3digo penal que elimin\u00f3 plazo m\u00e1ximo de 90 d\u00edas para solicitar la Interrupci\u00f3n Voluntaria del Embarazo"},"content":{"rendered":"\n<ul class=\"wp-block-list\">\n<li><strong>El Congreso del estado ignor\u00f3 la iniciativa de despenalizaci\u00f3n del aborto presentada el 15 de noviembre de 2022: Red por la Justicia Reproductiva en Chiapas<\/strong>.<\/li>\n<\/ul>\n\n\n\n<p class=\"wp-block-paragraph\"><strong>Gabriela Couti\u00f1o<\/strong><\/p>\n\n\n\n<p class=\"wp-block-paragraph\">SemM\u00e9xico, Tuxtla Guti\u00e9rrez, Chis. 17 de junio, 2023.- La Comisi\u00f3n Nacional de Derechos Humanos (CNDH) a solicitud de colectivas feministas, interpuso una acci\u00f3n de inconstitucionalidad contra el Congreso del Estado de Chiapas y el gobernador Rutilio Escand\u00f3n Cadenas, por obstaculizar a trav\u00e9s de la reforma del art\u00edculo 181 del C\u00f3digo Penal, en la que se elimin\u00f3 el plazo m\u00e1ximo de 90 d\u00edas para solicitar la Interrupci\u00f3n Voluntaria del Embarazo para v\u00edctimas de violaci\u00f3n, inform\u00f3 la Red por la Justicia Reproductiva en Chiapas.<\/p>\n\n\n\n<p class=\"wp-block-paragraph\">\u201cEsta reforma penal sobre aborto y el marco legal en el que se inserta, permanecen como un obst\u00e1culo para el ejercicio del derecho a decidir de las mujeres y de otras personas gestantes, ya que subsiste la prohibici\u00f3n absoluta de interrumpir el embarazo de forma voluntaria\u201d, manifestaron en conferencia de prensa, colectivas y organizaciones que incidieron en la presentaci\u00f3n de la acci\u00f3n de inconstitucionalidad.<\/p>\n\n\n\n<p class=\"wp-block-paragraph\">Este viernes 16 de junio, organizaciones, colectivas e individualidades feministas con presencia en m\u00faltiples municipios de Chiapas, se\u00f1alaron que ante la falta de voluntad del Estado, han garantizado el acceso de las mujeres a informaci\u00f3n y procedimientos de aborto autogestionado.<\/p>\n\n\n\n<p class=\"wp-block-paragraph\">Se presentaron como Red Estatal Aborta Libre Chiapas, para acompa\u00f1ar la Acci\u00f3n de Inconstitucionalidad que la Red por la Justicia Reproductiva en Chiapas y la organizaci\u00f3n Abortistas Mx incidieron para que fuera presentada a trav\u00e9s de la Comisi\u00f3n Nacional de Derechos Humanos.<\/p>\n\n\n\n<p class=\"wp-block-paragraph\">Las Colectivas denuncian omisiones por parte de la oficial\u00eda de partes y la mesa directiva del Congreso del Estado de Chiapas, al ignorar la iniciativa de despenalizaci\u00f3n del aborto que han acompa\u00f1ado y que fue presentada el 15 de noviembre de 2022 por la diputada Floralma G\u00f3mez S\u00e1ntiz, presidenta de la Comisi\u00f3n de Atenci\u00f3n a la Mujer y a la Ni\u00f1ez.<\/p>\n\n\n\n<figure class=\"wp-block-gallery has-nested-images columns-default is-cropped wp-block-gallery-1 is-layout-flex wp-block-gallery-is-layout-flex\">\n<figure class=\"wp-block-image size-large\"><a href=\"https:\/\/redsemlac.com\/semmexico\/wp-content\/uploads\/2023\/06\/PHOTO-2023-06-16-21-47-39-4.jpg\"><img decoding=\"async\" data-id=\"68082\" src=\"https:\/\/redsemlac.com\/semmexico\/wp-content\/uploads\/2023\/06\/PHOTO-2023-06-16-21-47-39-4-1024x768.jpg\" alt=\"\" class=\"wp-image-68082\"\/><\/a><\/figure>\n\n\n\n<figure class=\"wp-block-image size-large\"><a href=\"https:\/\/redsemlac.com\/semmexico\/wp-content\/uploads\/2023\/06\/PHOTO-2023-06-16-21-47-39-5.jpg\"><img decoding=\"async\" data-id=\"68081\" src=\"https:\/\/redsemlac.com\/semmexico\/wp-content\/uploads\/2023\/06\/PHOTO-2023-06-16-21-47-39-5-1024x768.jpg\" alt=\"\" class=\"wp-image-68081\"\/><\/a><\/figure>\n\n\n\n<figure class=\"wp-block-image size-large\"><a href=\"https:\/\/redsemlac.com\/semmexico\/wp-content\/uploads\/2023\/06\/PHOTO-2023-06-16-21-47-39-3.jpg\"><img decoding=\"async\" data-id=\"68079\" src=\"https:\/\/redsemlac.com\/semmexico\/wp-content\/uploads\/2023\/06\/PHOTO-2023-06-16-21-47-39-3-1024x768.jpg\" alt=\"\" class=\"wp-image-68079\"\/><\/a><\/figure>\n<\/figure>\n\n\n\n<p class=\"wp-block-paragraph\">Explicaron que en la iniciativa se busca reformar los art\u00edculos 70, 178 y 180 y derogar los art\u00edculos 179, 181, 182 y 183 del C\u00f3digo Penal del Estado de Chiapas, reformas apegadas a la sentencia 148\/2017 de la Suprema Corte de Justicia de la Naci\u00f3n de septiembre de 2021 que declar\u00f3 Inconstitucional la criminalizaci\u00f3n del aborto en todo el pa\u00eds.<\/p>\n\n\n\n<p class=\"wp-block-paragraph\">\u201cAbortar es un derecho humano y no puede continuar tipificado en el C\u00f3digo Penal del Estado de Chiapas\u201d, manifestaron.<\/p>\n\n\n\n<p class=\"wp-block-paragraph\">Karla Escobar, Alejandra Mu\u00f1oz, Blanca Molina, refirieron que el 12 de mayo de 2023, integrantes de la Red por la Justicia Reproductiva en Chiapas (REJURECH) y la organizaci\u00f3n Abortistas Mx solicitaron a la Comisi\u00f3n Estatal de Derechos Humanos (CEDH) como autoridad responsable (Art. 105 de la Constituci\u00f3n) que ejerciera sus facultades para promover una acci\u00f3n de inconstitucionalidad; pero el \u00f3rgano consider\u00f3 improcedente, ignorando los derechos constitucionales de las mujeres, ni\u00f1as, adolescentes y personas con la capacidad de gestar del estado de Chiapas.<\/p>\n\n\n\n<p class=\"wp-block-paragraph\">Por lo que una vez agotadas las instancias locales, la Red y Abortistas Mx solicitaron a la CNDH, la promoci\u00f3n de una acci\u00f3n de inconstitucionalidad en contra de la reforma aprobada por el Congreso del Estado de Chiapas y publicada por el representante del poder ejecutivo, el Gobernador Rutilio Escand\u00f3n Cadenas.<\/p>\n\n\n\n<p class=\"wp-block-paragraph\">La CNDH despu\u00e9s de realizar un estudio de fondo consider\u00f3 que la norma en cuesti\u00f3n transgrede los derechos humanos a decidir de las mujeres y otras personas gestantes, a la autonom\u00eda, a la salud, a la libertad reproductiva, al libre desarrollo de la personalidad, a la dignidad humana, a la igualdad y prohibici\u00f3n de discriminaci\u00f3n, a la igualdad de g\u00e9nero y a la privacidad, as\u00ed como la obligaci\u00f3n de promover, respetar y proteger los derechos humanos.<\/p>\n\n\n\n<p class=\"wp-block-paragraph\">Por lo que el 2 de junio el organismo de derechos humanos present\u00f3 el escrito de demanda de Acci\u00f3n de Inconstitucionalidad ante la Suprema Corte de Justicia de la Naci\u00f3n.<\/p>\n","protected":false},"excerpt":{"rendered":"<p>El Congreso del estado ignor\u00f3 la iniciativa de despenalizaci\u00f3n del aborto presentada el 15 de noviembre de 2022: Red por la Justicia Reproductiva en Chiapas.<\/p>\n","protected":false},"author":3,"featured_media":68080,"comment_status":"open","ping_status":"open","sticky":false,"template":"","format":"standard","meta":{"_monsterinsights_skip_tracking":false,"footnotes":""},"categories":[54],"tags":[],"class_list":["post-67969","post","type-post","status-publish","format-standard","has-post-thumbnail","category-mujeres"],"_links":{"self":[{"href":"https:\/\/redsemlac.com\/semmexico\/wp-json\/wp\/v2\/posts\/67969","targetHints":{"allow":["GET"]}}],"collection":[{"href":"https:\/\/redsemlac.com\/semmexico\/wp-json\/wp\/v2\/posts"}],"about":[{"href":"https:\/\/redsemlac.com\/semmexico\/wp-json\/wp\/v2\/types\/post"}],"author":[{"embeddable":true,"href":"https:\/\/redsemlac.com\/semmexico\/wp-json\/wp\/v2\/users\/3"}],"replies":[{"embeddable":true,"href":"https:\/\/redsemlac.com\/semmexico\/wp-json\/wp\/v2\/comments?post=67969"}],"version-history":[{"count":0,"href":"https:\/\/redsemlac.com\/semmexico\/wp-json\/wp\/v2\/posts\/67969\/revisions"}],"wp:featuredmedia":[{"embeddable":true,"href":"https:\/\/redsemlac.com\/semmexico\/wp-json\/wp\/v2\/media\/68080"}],"wp:attachment":[{"href":"https:\/\/redsemlac.com\/semmexico\/wp-json\/wp\/v2\/media?parent=67969"}],"wp:term":[{"taxonomy":"category","embeddable":true,"href":"https:\/\/redsemlac.com\/semmexico\/wp-json\/wp\/v2\/categories?post=67969"},{"taxonomy":"post_tag","embeddable":true,"href":"https:\/\/redsemlac.com\/semmexico\/wp-json\/wp\/v2\/tags?post=67969"}],"curies":[{"name":"wp","href":"https:\/\/api.w.org\/{rel}","templated":true}]}}