{"id":67811,"date":"2023-06-13T10:30:50","date_gmt":"2023-06-13T15:30:50","guid":{"rendered":"https:\/\/redsemlac.com\/semmexico\/?p=67811"},"modified":"2023-06-13T10:30:50","modified_gmt":"2023-06-13T15:30:50","slug":"mirada-violeta-200-anos-del-estado-libre-y-soberano-de-jalisco-y-las-mujeres-que-celebramos","status":"publish","type":"post","link":"https:\/\/redsemlac.com\/semmexico\/mirada-violeta-200-anos-del-estado-libre-y-soberano-de-jalisco-y-las-mujeres-que-celebramos\/","title":{"rendered":"Mirada Violeta| 200 a\u00f1os del Estado libre y soberano de Jalisco. \u00bfY las mujeres qu\u00e9 celebramos?"},"content":{"rendered":"\n<p class=\"wp-block-paragraph\"><strong>Guadalupe Ramos Ponce<\/strong><\/p>\n\n\n\n<p class=\"wp-block-paragraph\">SemM\u00e9xico, Guadalajara, Jalisco, 13 de junio del 2023.- Fue el 16 de junio de 1823 cuando&nbsp;naci\u00f3 el Estado Libre y Soberano de Xalisco. El nombre de Jalisco proviene de la mezcla de tres palabras de origen n\u00e1huatl: xal, que significa arena, \u00edx, cara o superficie y la desina de lugar: co: \u201cen la superficie de arena\u201d o \u201cen el arenal\u201d.<\/p>\n\n\n\n<p class=\"wp-block-paragraph\">Jalisco es reconocido a nivel internacional por su tequila, su mariachi y su comida; es un lugar hermoso con una geograf\u00eda privilegiada por sus lagos, r\u00edos, mares y monta\u00f1as y por su gente amable y generosa. Sin embargo, en este 2023, en que se cumplen 200 a\u00f1os de la creaci\u00f3n de Jalisco como un estado libre y soberano, las mujeres tenemos poco que celebrar.<\/p>\n\n\n\n<p class=\"wp-block-paragraph\">En 200 a\u00f1os, ninguna mujer ha sido gobernadora.<\/p>\n\n\n\n<p class=\"wp-block-paragraph\">En 200 a\u00f1os, ninguna mujer ha sido presidenta municipal en Guadalajara, su capital.<\/p>\n\n\n\n<p class=\"wp-block-paragraph\">En 200 a\u00f1os, ninguna mujer ha sido presidenta municipal en Zapopan.<\/p>\n\n\n\n<p class=\"wp-block-paragraph\">En 200 a\u00f1os, ninguna mujer ha sido presidenta municipal en Tonal\u00e1.<\/p>\n\n\n\n<p class=\"wp-block-paragraph\">En 200 a\u00f1os, ninguna mujer ha sido presidenta municipal en Tlajomulco.<\/p>\n\n\n\n<p class=\"wp-block-paragraph\">En 200 a\u00f1os, ninguna mujer ha presidido el 70 por ciento de los 125 municipios de todo el estado.<\/p>\n\n\n\n<p class=\"wp-block-paragraph\">En 200 a\u00f1os, ninguna mujer ha sido presidenta del Supremo Tribunal de Justicia ni del Consejo de la Judicatura.<\/p>\n\n\n\n<p class=\"wp-block-paragraph\">En 200 a\u00f1os, ninguna mujer ha sido rectora en la universidad p\u00fablica del estado, la Universidad de Guadalajara.<\/p>\n\n\n\n<p class=\"wp-block-paragraph\">En 200 a\u00f1os, ninguna mujer ha sido rectora en la Universidad Aut\u00f3noma de Guadalajara, universidad privada.<\/p>\n\n\n\n<p class=\"wp-block-paragraph\">En 200 a\u00f1os, ninguna mujer ha sido rectora en el ITESO, la Universidad Jesuita del estado.<\/p>\n\n\n\n<p class=\"wp-block-paragraph\">En 200 a\u00f1os, ninguna mujer ha dirigido la Secretar\u00eda de educaci\u00f3n Jalisco.<\/p>\n\n\n\n<p class=\"wp-block-paragraph\">En 200 a\u00f1os, ninguna mujer ha dirigido la Secretar\u00eda General de gobierno.<\/p>\n\n\n\n<p class=\"wp-block-paragraph\">En 200 a\u00f1os, ninguna mujer ha dirigido la Secretar\u00eda de Salud.<\/p>\n\n\n\n<p class=\"wp-block-paragraph\">En 200 a\u00f1os, ninguna mujer ha encabezado la Fiscal\u00eda General del Estado de Jalisco.<\/p>\n\n\n\n<p class=\"wp-block-paragraph\">En 200 a\u00f1os, ninguna mujer ha dirigido la Secretar\u00eda de Seguridad.<\/p>\n\n\n\n<p class=\"wp-block-paragraph\">En 200 a\u00f1os, ninguna mujer ha dirigido la Secretar\u00eda de Finanzas, secretar\u00eda de administraci\u00f3n, secretar\u00eda de desarrollo econ\u00f3mico,\u2026\u2026etc., etc., etc. etc.<\/p>\n\n\n\n<p class=\"wp-block-paragraph\">En 200 a\u00f1os, las mujeres en Jalisco, somos mayor\u00eda: En 2023, Jalisco tiene ocho millones 348,151 habitantes, en su mayor\u00eda son mujeres: cuatro millones 249,696&nbsp;y cuatro millones 098,455 hombres.<\/p>\n\n\n\n<p class=\"wp-block-paragraph\">De acuerdo al \u00faltimo censo, por sexo,&nbsp;la Poblaci\u00f3n Econ\u00f3micamente Activa de hombres fue de 2.5 millones y la Poblaci\u00f3n Econ\u00f3micamente Activa de mujeres fue de 1.6 millones. Ocho mil 604.54 pesos fue el sueldo mensual promedio de los hombres de Jalisco al cierre de 2022. En el caso de las jaliscienses, su ingreso promedio es de seis mil 429.22 pesos mensuales, es decir,&nbsp;dos mil 175.32 pesos menos que los hombres&nbsp;y dos mil 170.78 pesos por debajo del salario suficiente. Las mujeres en Jalisco ganan 25 por ciento menos que los hombres de acuerdo a CONEVAL.<\/p>\n\n\n\n<p class=\"wp-block-paragraph\">El 74.1 por ciento de las mujeres en Jalisco ha sufrido alg\u00fan tipo o modalidad de violencia a lo largo de sus vidas.<\/p>\n\n\n\n<p class=\"wp-block-paragraph\">Los delitos directos contra las mujeres han mantenido una tendencia al alza de 2015 a 2022. El a\u00f1o pasado la violencia familiar creci\u00f3 9 por ciento con respecto al a\u00f1o previo, mientras que el abuso sexual se dispar\u00f3 38.6 por ciento y las violaciones aumentaron 1.7 por ciento.<\/p>\n\n\n\n<p class=\"wp-block-paragraph\">Finalmente, para conmemorar el Bicentenario; m\u00e1s de 200 mujeres son asesinadas cada a\u00f1o en Jalisco y suman&nbsp;mil 868&nbsp;mujeres desaparecidas en el estado, la mayor\u00eda tiene entre 15 y 19 a\u00f1os.<\/p>\n\n\n\n<p class=\"wp-block-paragraph\">Qu\u00e9dense con sus celebraciones de los 200 a\u00f1os; con sus banderas, escudos y festejos; porque nosotras, las ni\u00f1as y mujeres de Jalisco, nada tenemos para celebrar.<\/p>\n\n\n\n<p class=\"wp-block-paragraph\">\u00bfCu\u00e1ntos a\u00f1os m\u00e1s hay que esperar para ser parte del festejo?<\/p>\n\n\n\n<p class=\"has-small-font-size wp-block-paragraph\">Dra. Mar\u00eda Guadalupe Ramos Ponce<\/p>\n\n\n\n<p class=\"has-small-font-size wp-block-paragraph\">Vicecoordinadora de CLADEM en M\u00e9xico<\/p>\n\n\n\n<p class=\"has-small-font-size wp-block-paragraph\">Profesora Investigadora de la UdeG.<\/p>\n\n\n\n<p class=\"has-small-font-size wp-block-paragraph\">@dralupitaramosp<\/p>\n\n\n\n<p class=\"has-small-font-size wp-block-paragraph\"><a href=\"mailto:lupitaramosponce@gmail.com\" target=\"_blank\" rel=\"noreferrer noopener\">lupitaramosponce@gmail.com<\/a><\/p>\n\n\n\n<p class=\"has-small-font-size wp-block-paragraph\">Canal de Youtube Dra. Lupita Ramos.<\/p>\n\n\n\n<p class=\"has-small-font-size wp-block-paragraph\"><a href=\"https:\/\/www.youtube.com\/channel\/UCQ_bKrt9f4rkb7VST7-sYrg\">https:\/\/www.youtube.com\/channel\/UCQ_bKrt9f4rkb7VST7-sYrg<\/a><\/p>\n\n\n\n<p class=\"has-small-font-size wp-block-paragraph\">&nbsp;<a href=\"http:\/\/www.cladem.org\/\" target=\"_blank\" rel=\"noreferrer noopener\">www.cladem.org<\/a><\/p>\n\n\n\n<p class=\"has-small-font-size wp-block-paragraph\"><a href=\"mailto:clademjalsc@gmail.com.mx\" target=\"_blank\" rel=\"noreferrer noopener\">clademjalsc@gmail.com<\/a><\/p>\n","protected":false},"excerpt":{"rendered":"<p>Qu\u00e9dense con sus celebraciones de los 200 a\u00f1os; con sus banderas, escudos y festejos; porque nosotras, las ni\u00f1as y mujeres de Jalisco, nada tenemos para celebrar.<\/p>\n","protected":false},"author":3,"featured_media":8967,"comment_status":"open","ping_status":"open","sticky":false,"template":"","format":"standard","meta":{"_monsterinsights_skip_tracking":false,"footnotes":""},"categories":[91,35],"tags":[459],"class_list":["post-67811","post","type-post","status-publish","format-standard","has-post-thumbnail","category-lupita-ramos-ponce","category-opinion","tag-opinion"],"_links":{"self":[{"href":"https:\/\/redsemlac.com\/semmexico\/wp-json\/wp\/v2\/posts\/67811","targetHints":{"allow":["GET"]}}],"collection":[{"href":"https:\/\/redsemlac.com\/semmexico\/wp-json\/wp\/v2\/posts"}],"about":[{"href":"https:\/\/redsemlac.com\/semmexico\/wp-json\/wp\/v2\/types\/post"}],"author":[{"embeddable":true,"href":"https:\/\/redsemlac.com\/semmexico\/wp-json\/wp\/v2\/users\/3"}],"replies":[{"embeddable":true,"href":"https:\/\/redsemlac.com\/semmexico\/wp-json\/wp\/v2\/comments?post=67811"}],"version-history":[{"count":0,"href":"https:\/\/redsemlac.com\/semmexico\/wp-json\/wp\/v2\/posts\/67811\/revisions"}],"wp:featuredmedia":[{"embeddable":true,"href":"https:\/\/redsemlac.com\/semmexico\/wp-json\/wp\/v2\/media\/8967"}],"wp:attachment":[{"href":"https:\/\/redsemlac.com\/semmexico\/wp-json\/wp\/v2\/media?parent=67811"}],"wp:term":[{"taxonomy":"category","embeddable":true,"href":"https:\/\/redsemlac.com\/semmexico\/wp-json\/wp\/v2\/categories?post=67811"},{"taxonomy":"post_tag","embeddable":true,"href":"https:\/\/redsemlac.com\/semmexico\/wp-json\/wp\/v2\/tags?post=67811"}],"curies":[{"name":"wp","href":"https:\/\/api.w.org\/{rel}","templated":true}]}}