{"id":67805,"date":"2023-06-12T18:22:48","date_gmt":"2023-06-12T23:22:48","guid":{"rendered":"https:\/\/redsemlac.com\/semmexico\/?p=67805"},"modified":"2023-06-12T18:22:48","modified_gmt":"2023-06-12T23:22:48","slug":"opinion-fin-del-sexenio-politica-sin-resultados","status":"publish","type":"post","link":"https:\/\/redsemlac.com\/semmexico\/opinion-fin-del-sexenio-politica-sin-resultados\/","title":{"rendered":"Opini\u00f3n| Fin del sexenio, pol\u00edtica sin resultados"},"content":{"rendered":"\n<p class=\"wp-block-paragraph\"><strong>Redacci\u00f3n<\/strong><\/p>\n\n\n\n<p class=\"wp-block-paragraph\">SemM\u00e9xico\/Editorial de Mujeres y Poder, Hermosillo, Sonora, 12 de junio del 2023.- Si en los cuatro a\u00f1os y pico con&nbsp; AMLO en el Palacio Nacional hubo m\u00e1s pol\u00edtica que administraci\u00f3n cabal de la Rep\u00fablica, menos a\u00fan veremos algo de buen gobierno en lo que resta del sexenio.<\/p>\n\n\n\n<p class=\"wp-block-paragraph\">En efecto, desde un principio qued\u00f3 claro que la propaganda y la exaltaci\u00f3n medi\u00e1tica de la figura del tlatoani ser\u00edan el sello del r\u00e9gimen, y que las tareas oficiales se orientar\u00edan en ese sentido y no al rev\u00e9s, como lo dictar\u00eda la l\u00f3gica del gobierno: de atender primero los problemas y luego presumir leg\u00edtimamente los logros.<\/p>\n\n\n\n<p class=\"wp-block-paragraph\">Ciertamente que los mandatarios de m\u00e1s o menos todos los pa\u00edses del mundo act\u00faan en funci\u00f3n de conservar -y de acrecentar- el poder en aras de realizar su proyecto ideol\u00f3gico y pragm\u00e1tico \u2013o de simplemente instalarse en el mando- pero se trata de que, a partir de los resultados en beneficio de la ciudadan\u00eda se pida el voto para seguir adelante -y no como est\u00e1 ocurriendo ahora en M\u00e9xico de m\u00e1s a mucho m\u00e1s, a base del adoctrinamiento sobre la llegada de una transformaci\u00f3n -del cambio verdadero- aunque la realidad demuestre una y otra vez que todo lo que iba a superarse: la inseguridad, la violencia, la corrupci\u00f3n, las deficiencias en salud, educaci\u00f3n, deporte, cultura, crecimiento, inversi\u00f3n, empleo estado de derecho, etc\u00e9tera, lucen por su ausencia.<\/p>\n\n\n\n<p class=\"wp-block-paragraph\">\u00a1Vaya!, ni siquiera el dicho del fin de los privilegios, cuando el capitalismo de cuates solo cambi\u00f3 de nombres y de apellidos -incluso Germ\u00e1n Larrea, el disque malquerido empresario de AMLO, multiplic\u00f3 su fortuna siete veces en lo que va de la 4T, as\u00ed que retirarle la concesi\u00f3n de unos kil\u00f3metros de ferrocarril, sobre los que de todas maneras tendr\u00e1 derecho de paso, fue menos que quitarle un pelo a un gato.&nbsp;<\/p>\n\n\n\n<p class=\"wp-block-paragraph\">Pr\u00e1cticamente todo est\u00e1 -siempre estuvo- dirigido al objetivo de ganar las siguientes elecciones por sobre atender las necesidades del pa\u00eds, por urgentes que fueran. Por ejemplo, con propaganda -al estilo de Goebbels, el publicista de Hitler- se ha intentado, y logrado en suficiente medida, que las mentiras, Usted sabe, las \u201cfakes\u201d y los \u201cotros datos\u201d,&nbsp; repetidos hasta que se conviertan en una verdad alternativa, y se normalice la percepci\u00f3n de la violencia, aunque esta vaya en aumento y que sus manifestaciones sean cada vez m\u00e1s atroces: familias completas asesinadas en la guerra del narco, y ejecuciones de detenidos por parte del ej\u00e9rcito, por citar solo dos ejemplos.<\/p>\n\n\n\n<p class=\"wp-block-paragraph\">Las y los adultos mayores fueron \u201cconformados\/as\u201d con la pensi\u00f3n, pero carecen de la debida atenci\u00f3n en sus necesidades de salud, buena parte de ese ingreso lo gastan en consultas y medicamentos que no hay en los hospitales p\u00fablicos y el IMSS acaba de desaparecer el programa de atenci\u00f3n en sus hogares, el ADEC, dej\u00e1ndolos a su suerte, de seguridad, de justicia, de vivienda, de empleo. Y ni siquiera en las oficias p\u00fablicas se les atiende preferentemente.<\/p>\n\n\n\n<p class=\"wp-block-paragraph\">Las madres trabajadoras se quedaron sin guarder\u00edas para sus hijas e hijos y las mujeres agredidas sin refugios y protecci\u00f3n; las y los ni\u00f1os sin escuelas de tiempo completo, donde las y los m\u00e1s pobres recib\u00edan desayunos y almuerzos; cada vez m\u00e1s pobreza y m\u00e1s pobres en prisi\u00f3n. Y un largo etc\u00e9tera que ya sabemos\u2026pero que se ha encontrado la f\u00f3rmula persuasiva para que millones de mexicanas y mexicanos no vean esa realidad o supongan que se va remediando, al ritmo de que \u201cya basta de realidades -neoliberales- que vivan las promesas\u201d similar a cuando los espa\u00f1oles gritaban \u201c\u00a1que vivan las cadenas\u201d!, implorando el regreso militarizado de Fernando VII de Espa\u00f1a y ponerle fin al incipiente r\u00e9gimen de libertades. O cuando, todav\u00eda m\u00e1s, una vez instalada la autocracia, concentrado el poder y vulneradas las instituciones recordar cuando Luis Cornelio Sila logr\u00f3 regresar triunfante para devolverle a Roma su libertad, pero \u00e9sta -decadente y hundida en la opresi\u00f3n- ya no pudo recibirla.<\/p>\n\n\n\n<p class=\"wp-block-paragraph\">Dramatismos aparte, este domingo arranc\u00f3 \u2013al menos con seis meses de anticipaci\u00f3n y en contra de la ley- la carrera de la y los aspirantes de Morena por la candidatura presidencial. Aunque, en realidad, desde hace ya un a\u00f1o que el presidente la adelant\u00f3, como un distractor m\u00e1s que sirva de \u201ctapadera\u201d a los males que afligen al pa\u00eds y que, ya de plano, no ser\u00e1n atendidos, \u00bfc\u00f3mo ya para qu\u00e9? Porque lo importante y urgente ahora -como de hecho lo fue desde un principio- es asegurar mantener el poder ganando las pr\u00f3ximas elecciones. Con mayor ah\u00ednco ahora&nbsp; para cuidarse de que el despertar de algunos millones de ciudadanos y ciudadanas no vaya a impedirlo.<\/p>\n","protected":false},"excerpt":{"rendered":"<p>Si en los cuatro a\u00f1os y pico con\u00a0 AMLO en el Palacio Nacional hubo m\u00e1s pol\u00edtica que administraci\u00f3n cabal de la Rep\u00fablica, menos a\u00fan veremos algo de buen gobierno en lo que resta del sexenio.<\/p>\n","protected":false},"author":3,"featured_media":67807,"comment_status":"open","ping_status":"open","sticky":false,"template":"","format":"standard","meta":{"_monsterinsights_skip_tracking":false,"footnotes":""},"categories":[82,110,35],"tags":[],"class_list":["post-67805","post","type-post","status-publish","format-standard","has-post-thumbnail","category-la-opinion","category-la-opinion-columnas","category-opinion"],"_links":{"self":[{"href":"https:\/\/redsemlac.com\/semmexico\/wp-json\/wp\/v2\/posts\/67805","targetHints":{"allow":["GET"]}}],"collection":[{"href":"https:\/\/redsemlac.com\/semmexico\/wp-json\/wp\/v2\/posts"}],"about":[{"href":"https:\/\/redsemlac.com\/semmexico\/wp-json\/wp\/v2\/types\/post"}],"author":[{"embeddable":true,"href":"https:\/\/redsemlac.com\/semmexico\/wp-json\/wp\/v2\/users\/3"}],"replies":[{"embeddable":true,"href":"https:\/\/redsemlac.com\/semmexico\/wp-json\/wp\/v2\/comments?post=67805"}],"version-history":[{"count":0,"href":"https:\/\/redsemlac.com\/semmexico\/wp-json\/wp\/v2\/posts\/67805\/revisions"}],"wp:featuredmedia":[{"embeddable":true,"href":"https:\/\/redsemlac.com\/semmexico\/wp-json\/wp\/v2\/media\/67807"}],"wp:attachment":[{"href":"https:\/\/redsemlac.com\/semmexico\/wp-json\/wp\/v2\/media?parent=67805"}],"wp:term":[{"taxonomy":"category","embeddable":true,"href":"https:\/\/redsemlac.com\/semmexico\/wp-json\/wp\/v2\/categories?post=67805"},{"taxonomy":"post_tag","embeddable":true,"href":"https:\/\/redsemlac.com\/semmexico\/wp-json\/wp\/v2\/tags?post=67805"}],"curies":[{"name":"wp","href":"https:\/\/api.w.org\/{rel}","templated":true}]}}