{"id":67778,"date":"2023-06-12T12:14:26","date_gmt":"2023-06-12T17:14:26","guid":{"rendered":"https:\/\/redsemlac.com\/semmexico\/?p=67778"},"modified":"2023-06-12T12:14:27","modified_gmt":"2023-06-12T17:14:27","slug":"tras-la-puerta-del-poder-la-casa-de-la-bandida-entre-el-periodismo-y-la-participacion-ciudadana","status":"publish","type":"post","link":"https:\/\/redsemlac.com\/semmexico\/tras-la-puerta-del-poder-la-casa-de-la-bandida-entre-el-periodismo-y-la-participacion-ciudadana\/","title":{"rendered":"Tras la Puerta del Poder| La \u201ccasa de la Bandida\u201d, entre el periodismo y la participaci\u00f3n ciudadana"},"content":{"rendered":"\n<p class=\"wp-block-paragraph\"><strong>Roberto Vizca\u00edno<\/strong><\/p>\n\n\n\n<p class=\"wp-block-paragraph\">SemM\u00e9xico, Ciudad de M\u00e9xico, 12 de junio del 2023.- Los medios informativos en M\u00e9xico son casi en su totalidad propiedad de empresarias\/empresarios privados cuyo negocio no es la comunicaci\u00f3n sino la venta y alquiler de patrullas al Gobierno, o de credenciales digitalizadas, o de bienes inmuebles, o tienen los m\u00e1s grandes y prestigiados hospitales, o negocia con medicinas de todo tipo. Para ellos sus diarios, programas de radio o TV son un puente de relaciones o medios de presi\u00f3n para la acumulaci\u00f3n de dinero.<\/p>\n\n\n\n<p class=\"wp-block-paragraph\">En este contexto su principal objetivo no es generar la mejor informaci\u00f3n y menos impulsar un periodismo profesional de alta calidad que construya gobernabilidad en el pa\u00eds, y la formaci\u00f3n cr\u00edtica de opini\u00f3n de la ciudadan\u00eda.<\/p>\n\n\n\n<p class=\"wp-block-paragraph\">Las sociedades avanzadas y sus gobiernos -Canad\u00e1, Francia, Alemania, Espa\u00f1a, Inglaterra, Finlandia, Suecia y Dinamarca, entre otros-, reconocen, alientan y aprecian los medios informativos y de opini\u00f3n dirigidos e integrados por periodistas profesionales. Ah\u00ed s\u00ed el ejercicio period\u00edstico y la libertad de expresi\u00f3n es base de una democracia y gobernanza s\u00f3lidas.<\/p>\n\n\n\n<p class=\"wp-block-paragraph\">En M\u00e9xico ha habido medios informativos notables dirigidos por grandes periodistas. Sin duda el Exc\u00e9lsior bajo la conducci\u00f3n de Julio Scherer, Manuel Becerra Acosta, Jorge Villa y quienes finalmente junto con su plantilla editorial y reporteril fuimos echados fuera el 8 de julio de 1976 por el presidente Luis Echeverr\u00eda, fue el m\u00e1s sobresaliente. Por ah\u00ed iban las cooperativas El D\u00eda y La Prensa. Hoy eso no existe m\u00e1s. El avance tecnol\u00f3gico y los embates del Gobierno terminaron por minar gravemente al periodismo en este pa\u00eds. Hoy no hay medio informativo sano en M\u00e9xico.<\/p>\n\n\n\n<p class=\"wp-block-paragraph\">En este universo no es sencillo que periodistas dirijan medios informativos. Hoy mencionar\u00e9 a dos que a pesar de todo lo intentan: Carlos Ram\u00edrez con El Independiente y Jos\u00e9 Luis Monta\u00f1ez con Diario Imagen. Soy de los afortunados de estar con ellos en sus diarios.<\/p>\n\n\n\n<p class=\"wp-block-paragraph\">Ambos, al igual que yo, nacieron al periodismo como reporteros en los 70. Saben de lo que hablo. Y de hacer periodismo.<\/p>\n\n\n\n<p class=\"wp-block-paragraph\">Hoy, en tiempos aciagos como nunca antes para esta actividad, cuando desde la Presidencia de M\u00e9xico no s\u00f3lo se han cerrado todas las fuentes de financiamiento y se golpea y denigra esta actividad y sus medios para ahogar econ\u00f3mica y profesionalmente a diarios, programas de radio, TV y redes informativas, Jos\u00e9 Luis Monta\u00f1ez emprendi\u00f3 un proyecto ingenioso de teatro, m\u00fasica y periodismo que culmin\u00f3 ayer en una interesant\u00edsima experiencia para quienes participamos en \u00e9l. Un nuevo formato de di\u00e1logo y debate de altura con una sorprendente participaci\u00f3n de las y los espectadores, las y los ciudadanos.<\/p>\n\n\n\n<p class=\"wp-block-paragraph\">Ah\u00ed estuvimos entre el mi\u00e9rcoles 7 y domingo 11 de este junio, en el foro del Teatro Gran Recinto -a un costado de Mundo E, delante de Sat\u00e9lite, Estado de M\u00e9xico-, en una mesa de debates y an\u00e1lisis informativo, y formativo, un grupo de periodistas experimentados\/as -casi todos con m\u00e1s de 40 y 50 a\u00f1os en esta actividad-, frente a unas 200 y 350 personas por funci\u00f3n, para hablar de pol\u00edtica, an\u00e9cdotas personales y profesionales,&nbsp; y de la sucesi\u00f3n presidencial en curso.<\/p>\n\n\n\n<p class=\"wp-block-paragraph\">La respuesta de las y los espectadores fue, para m\u00ed y todas y todos, inesperada. Interesant\u00edsima. Las y los asistentes se fueron soltando a cada presentaci\u00f3n hasta llegar a un verdadero di\u00e1logo circular en que lo mismo opinaban con aplausos, expresiones de simpat\u00eda, porras, que preguntaban, reclamaban o de plano repudiaban nuestros temas con chiflidos, buya y gritos. Ellos era as\u00ed uno m\u00e1s en nuestra mesa de debates.<\/p>\n\n\n\n<p class=\"wp-block-paragraph\">Hoy nos qued\u00f3 claro que mexicanas y mexicanos reclaman eso: ser no s\u00f3lo escuchados\/as, sino que se les respete y permita participar.<\/p>\n\n\n\n<p class=\"wp-block-paragraph\">En la mesa de periodistas, encabezados por Jos\u00e9 Luis Monta\u00f1ez Aguilar estuvimos, Ram\u00f3n Zurita, Francisco Paco Reynoso, V\u00edctor S\u00e1nchez Ba\u00f1os, Salvador Mart\u00ednez, Carlos Pozos -el c\u00e9lebre Sr Lord Mol\u00e9cula de las ma\u00f1aneras de AMLO-, y yo.<\/p>\n\n\n\n<p class=\"wp-block-paragraph\">Todo un ejercicio para el estudio y an\u00e1lisis de soci\u00f3logos\/as, polit\u00f3logos\/as, sin duda de intelectuales y lideresas\/l\u00edderes pol\u00edticos entre otros y otras.&nbsp;<\/p>\n\n\n\n<p class=\"wp-block-paragraph\">La otra parte de este experimento fue la obra de teatro de La Bandida, la historia amorosa de una madrota famosa de mediados del siglo anterior en M\u00e9xico, con amplias relaciones y prestaci\u00f3n de servicios para el primer c\u00edrculo del poder pol\u00edticos, del dinero e intelectual.<\/p>\n\n\n\n<p class=\"wp-block-paragraph\">En ella participaron sobresalientemente la hermosa actriz Maricarmen De la Pe\u00f1a; Ruth Mendoza, Edith Encalada y los actores Mart\u00edn Mu\u00f1oz -hijo de Manolo Mu\u00f1oz- con una voz estupenda; Jorge Nieto y David L\u00f3pez bajo la direcci\u00f3n de Fernando Garcilita y la producci\u00f3n de Jos\u00e9 Luis Monta\u00f1ez y la coproducci\u00f3n de Gustavo Salinas, de la casa de esa enorme actriz que fue Carmen Salinas. Con la participaci\u00f3n especial de Jorge Ibarra.<\/p>\n\n\n\n<p class=\"wp-block-paragraph\">Disculpas por no nombrar a cada uno\/una del gran equipo que nos condujo y auxili\u00f3 a lo largo de este ejercicio. Todas y todos tienen nuestro reconocimiento. Desde el ballet hasta el apuntador que tuvo una conducci\u00f3n impecable.<\/p>\n\n\n\n<p class=\"wp-block-paragraph\">En la parte musical aquello estuvo amenizado nada m\u00e1s ni nada menos que por el enorme m\u00fasico que ha sido y es Pepe Ar\u00e9valo acompa\u00f1ado por sus Mulatos, y con la tremenda voz -que de inmediato recuerda a Celia Cruz-, de la esplendorosa cantante cubana Ladys Hendrckson.<\/p>\n\n\n\n<p class=\"wp-block-paragraph\">Una parte muy especial por su mordacidad e ingenio se la lleva Benito Castro con el personaje muy moderno y actual de Jes\u00fas Mart\u00ednez, \u201cPalillo\u201d.<\/p>\n\n\n\n<p class=\"wp-block-paragraph\">Todo un \u00e9xito que esperamos abra espacios a nuevos formatos de debate y an\u00e1lisis pol\u00edtico con m\u00fasica y arte cercano a la sociedad. Jos\u00e9 Luis Monta\u00f1ez tiene grandes planes para ello.<\/p>\n\n\n\n<h2 class=\"wp-block-heading\"><strong>Consejo de Morena escucha a corcholatas y dos colados<\/strong><\/h2>\n\n\n\n<p class=\"wp-block-paragraph\">Con una asistencia de 260 consejeras y consejeros nacionales confrontados por sus pasiones sucesorias, la c\u00fapula deliberativa y directiva de Morena retom\u00f3 anoche las sugerencias del lunes anterior del presidente Andr\u00e9s Manuel L\u00f3pez Obrador y escuch\u00f3 las de Claudia Sheinbaum y Marcelo Ebrard junto a las de Ricardo Monreal y Ad\u00e1n Augusto L\u00f3pez. Todos ellos reconocidos por AMLO como sus principales posibles sucesores.<\/p>\n\n\n\n<p class=\"wp-block-paragraph\">Claudia y Marcelo fueron destapados por el mandatario en su ma\u00f1anera del 5 de julio de 2021 y Ricardo y Ad\u00e1n Augusto se colaron despu\u00e9s.<\/p>\n\n\n\n<p class=\"wp-block-paragraph\">En lo b\u00e1sico las normas de la selecci\u00f3n interna ser\u00e1: que el candidato candidata saldr\u00e1 de encuestas, que habr\u00e1 cargos en el siguiente gobierno -de ganar morena la presidencial del 2024- para quienes no logren la nominaci\u00f3n y que todos deber\u00e1n sumarse al ganador\/ganadora.<\/p>\n\n\n\n<p class=\"wp-block-paragraph\">Los 4 aspirantes aceptaron esos m\u00e9todos y reglas. Ebrard ya renunci\u00f3 y Sheinbaum, Monreal y L\u00f3pez lo har\u00e1 en las siguientes horas.&nbsp;<\/p>\n\n\n\n<p class=\"wp-block-paragraph\">Ya hay tiro.<\/p>\n\n\n\n<p class=\"wp-block-paragraph\"><a href=\"mailto:...rvizcainoa@gmail.com\">&#8230;rvizcainoa@gmail.com<\/a> &nbsp;\/ Twitter: @_Vizcaino \/ Facebook \/ <a href=\"https:\/\/www.facebook.com\/rvizcainoa\">https:\/\/www.facebook.com\/rvizcainoa<\/a> &nbsp;&nbsp;<\/p>\n","protected":false},"excerpt":{"rendered":"<p>Los medios informativos en M\u00e9xico son casi en su totalidad propiedad de empresarias\/empresarios privados cuyo negocio no es la comunicaci\u00f3n sino la venta y alquiler de patrullas al Gobierno<\/p>\n","protected":false},"author":3,"featured_media":39589,"comment_status":"open","ping_status":"open","sticky":false,"template":"","format":"standard","meta":{"_monsterinsights_skip_tracking":false,"footnotes":""},"categories":[35,623,622],"tags":[459],"class_list":["post-67778","post","type-post","status-publish","format-standard","has-post-thumbnail","category-opinion","category-roberto-vizcaino","category-tras-la-puerta-del-poder","tag-opinion"],"_links":{"self":[{"href":"https:\/\/redsemlac.com\/semmexico\/wp-json\/wp\/v2\/posts\/67778","targetHints":{"allow":["GET"]}}],"collection":[{"href":"https:\/\/redsemlac.com\/semmexico\/wp-json\/wp\/v2\/posts"}],"about":[{"href":"https:\/\/redsemlac.com\/semmexico\/wp-json\/wp\/v2\/types\/post"}],"author":[{"embeddable":true,"href":"https:\/\/redsemlac.com\/semmexico\/wp-json\/wp\/v2\/users\/3"}],"replies":[{"embeddable":true,"href":"https:\/\/redsemlac.com\/semmexico\/wp-json\/wp\/v2\/comments?post=67778"}],"version-history":[{"count":0,"href":"https:\/\/redsemlac.com\/semmexico\/wp-json\/wp\/v2\/posts\/67778\/revisions"}],"wp:featuredmedia":[{"embeddable":true,"href":"https:\/\/redsemlac.com\/semmexico\/wp-json\/wp\/v2\/media\/39589"}],"wp:attachment":[{"href":"https:\/\/redsemlac.com\/semmexico\/wp-json\/wp\/v2\/media?parent=67778"}],"wp:term":[{"taxonomy":"category","embeddable":true,"href":"https:\/\/redsemlac.com\/semmexico\/wp-json\/wp\/v2\/categories?post=67778"},{"taxonomy":"post_tag","embeddable":true,"href":"https:\/\/redsemlac.com\/semmexico\/wp-json\/wp\/v2\/tags?post=67778"}],"curies":[{"name":"wp","href":"https:\/\/api.w.org\/{rel}","templated":true}]}}