{"id":67767,"date":"2023-06-12T11:35:07","date_gmt":"2023-06-12T16:35:07","guid":{"rendered":"https:\/\/redsemlac.com\/semmexico\/?p=67767"},"modified":"2023-06-12T11:35:07","modified_gmt":"2023-06-12T16:35:07","slug":"cuba-libro-recoge-historias-de-mujeres-en-la-diplomacia","status":"publish","type":"post","link":"https:\/\/redsemlac.com\/semmexico\/cuba-libro-recoge-historias-de-mujeres-en-la-diplomacia\/","title":{"rendered":"Cuba: Libro recoge historias de mujeres en la diplomacia"},"content":{"rendered":"\n<p class=\"wp-block-paragraph\"><strong>Sara M\u00e1s<\/strong><\/p>\n\n\n\n<p class=\"wp-block-paragraph\">SemM\u00e9xico\/SEMlac, La Habana, Cuba, 12 de junio del 2023.- Parte de la historia de varias mujeres cubanas que han prestado servicio en el \u00e1mbito de las relaciones exteriores se re\u00fane en el libro Mujeres en diplomacia. Pioneras, presentado el 9 de junio, D\u00eda Internacional de los Archivos, en la sede del Ministerio de relaciones Exteriores (MINREX).<\/p>\n\n\n\n<p class=\"wp-block-paragraph\">El volumen en formato digital es resultado del trabajo conjunto del Centro de Gesti\u00f3n Documental del MINREX, que realiz\u00f3 la compilaci\u00f3n, y el sello Ruth Casa Editorial, que tuvo a su cargo la edici\u00f3n de la obra.<\/p>\n\n\n\n<p class=\"wp-block-paragraph\">Adem\u00e1s de ser un homenaje a las fundadoras, es tambi\u00e9n una gran oportunidad para acceder a parte del patrimonio documental de la instituci\u00f3n, difundir conocimiento y dar a conocer la verdad hist\u00f3rica, precis\u00f3 Sayl\u00edn S\u00e1nchez Portero, directora de su Centro Gesti\u00f3n Documental.<\/p>\n\n\n\n<p class=\"wp-block-paragraph\">La compilaci\u00f3n recoge informaci\u00f3n, fotos y documentos relativos al quehacer de 18 mujeres vinculadas al servicio exterior cubano y la selecci\u00f3n tuvo en cuenta a un grupo de pioneras que ocuparon puestos decisivos en el MINREX, creado despu\u00e9s de 1959, agreg\u00f3 S\u00e1nchez Portero durante la presentaci\u00f3n del volumen.<\/p>\n\n\n\n<p class=\"wp-block-paragraph\">\u00abUnas entraron directamente en cargos que requer\u00edan rangos diplom\u00e1ticos, otras como personal administrativo o de servicios, pero todas contribuyeron, destacadamente, al cumplimiento de los objetivos de la pol\u00edtica exterior cubana\u00bb, subraya en el pr\u00f3logo la embajadora Isabel Allende Karam, quien fue la primera viceministra de Relaciones Exteriores de Cuba y la \u00fanica hasta ahora que ha sido rectora de su academia diplom\u00e1tica.<\/p>\n\n\n\n<p class=\"wp-block-paragraph\">Aunque Allende Karam se\u00f1ala que no hubo cortapisa alguna que impidiera la entrada al MINREX de las mujeres, tambi\u00e9n reconoce que su presencia era menor respecto a los hombres en el servicio externo, como resultado del contexto social. \u00abCost\u00f3 trabajo eliminar el machismo entronizado en la mentalidad e idiosincrasia cubanas. La mujer en el MINREX tambi\u00e9n lo sufri\u00f3\u00bb, apunta la embajadora en el pr\u00f3logo.<\/p>\n\n\n\n<p class=\"wp-block-paragraph\">\u00abEso y otras circunstancias, entre ellas los prejuicios que todav\u00eda hoy perviven en algunos, influyeron en decisiones relacionadas con la mujer en el MINREX. No hay constancia de ello, pero lo cierto es que en un momento determinado se favoreci\u00f3 la entrada de hombres en la carrera de Relaciones Internacionales por encima de mujeres\u00bb, agrega, por lo que \u00ablas mujeres demoraron m\u00e1s en acceder a cargos de direcci\u00f3n en el Servicio Externo\u00bb.<\/p>\n\n\n\n<p class=\"wp-block-paragraph\">El texto recoge informaci\u00f3n tanto de quienes se destacaron en el servicio externo como de mujeres que cumplieron importantes misiones en Cuba.<\/p>\n\n\n\n<p class=\"wp-block-paragraph\">El ejemplar abre con la figura de Celia S\u00e1nchez Manduley, quien \u00abcumple la doble condici\u00f3n de haber sido la archivera natural de la historia de Cuba y la lucha insurreccional y, a la vez, haber tenido un papel significativo en los actos protocolares vinculados a la diplomacia\u00bb, coment\u00f3 S\u00e1nchez Portero.<\/p>\n\n\n\n<p class=\"wp-block-paragraph\">Se incluyen tambi\u00e9n Alba Gri\u00f1\u00e1n N\u00fa\u00f1ez, la primera mujer embajadora de Cuba que desempe\u00f1\u00f3 ese puesto en Gran Breta\u00f1a; Ana Mar\u00eda Gonz\u00e1lez Su\u00e1rez, tambi\u00e9n destacada en varios pa\u00edses y primera mujer en ocupar esa plaza en Sri Lanka, en 1975; Marta Jim\u00e9nez Mart\u00ednez, quien asumi\u00f3 diversas responsabilidades en Dinamarca, Nueva York y fue la primera cubana embajadora en Suiza, en 1979; y Mery Florez, primera embajadora alterna de Cuba en Naciones Unidas, entre otras.<\/p>\n\n\n\n<p class=\"wp-block-paragraph\">En el texto hay informaci\u00f3n, igualmente, sobre Sonia D\u00edaz Yera, quien fuera jefa de la Divisi\u00f3n de Documentaci\u00f3n del Departamento de Organismos Internacionales, especialista en temas asi\u00e1ticos y abri\u00f3 la embajada de Cuba en Manila, Filipinas, en la d\u00e9cada del setenta; embajadora, adem\u00e1s, en India, Nepal, Bangladesh, los Pa\u00edses Bajos y Hungr\u00eda.<\/p>\n\n\n\n<p class=\"wp-block-paragraph\">Entre las pioneras figuran adem\u00e1s quienes, sin haber sido embajadoras, trabajaron en el servicio interno, como Siomara Lanc\u00eds, primera directora administrativa del MINREX; Gladys Veloso, durante muchos a\u00f1os directora del<\/p>\n\n\n\n<p class=\"wp-block-paragraph\">personal; Amalia Javier, quien estuvo al frente de la direcci\u00f3n econ\u00f3mica; y Olga Miranda Bravo, fundadora de la direcci\u00f3n jur\u00eddica.<\/p>\n\n\n\n<p class=\"wp-block-paragraph\">En las labores de informaci\u00f3n y an\u00e1lisis destacan Mar\u00eda Villar Buceta, Asunci\u00f3n D\u00edaz Cuervo, Maruja Iglesias y \u00c1ngela Grau Imperatori; como jefas de despacho, Lourdes Urrutia y Amelia Mu\u00f1oz; Olga Finlay y Sonia Linares en el Departamento de Tratados; y Ondina Matheu Orihuelas en el de Pasaportes, en cuya confecci\u00f3n tuvo papel clave Virginia Mu\u00f1oz.<\/p>\n\n\n\n<p class=\"wp-block-paragraph\">\u00abHoy las mujeres siguen siendo un pilar para el Ministerio, tenemos m\u00e1s jefas de misi\u00f3n, m\u00e1s c\u00f3nsules y m\u00e1s muchachas que muchachos en el Instituto de Relaciones Internacionales (ISRI). Mucho se ha avanzado y se avanzar\u00e1 a\u00fan m\u00e1s\u00bb, asegura Allende en el pr\u00f3logo.<\/p>\n\n\n\n<p class=\"wp-block-paragraph\">Mujeres en diplomacia. Pioneras es un importante documento de consulta e informaci\u00f3n, se\u00f1al\u00f3 durante la presentaci\u00f3n Martha Ferriol Marchena, directora de Gesti\u00f3n Documental y Archivos del Ministerio de Ciencia, Tecnolog\u00eda y Medio Ambiente.<\/p>\n\n\n\n<p class=\"wp-block-paragraph\">Para Carlos Tablada, director general de Ruth Casa Editorial, se trata de un valioso resultado del Centro de Gesti\u00f3n Documental del MINREX; un equipo eficiente, profesional y entusiasta por dar a conocer tesoros de varias generaciones que han cuidado y acrecentado en silencio, se\u00f1al\u00f3.<\/p>\n\n\n\n<p class=\"wp-block-paragraph\">\u00abLas que est\u00e1n en este libro son mujeres que han hecho historia en la diplomacia revolucionaria, son ejemplo para nosotras y sustentan lo que hacemos\u00bb, resumi\u00f3 la viceministra de Exteriores Anayansi Rodr\u00edguez Camejo.<\/p>\n\n\n\n<p class=\"wp-block-paragraph\"><a href=\"mailto:masfarias5@gmail.com\">masfarias5@gmail.com<\/a><\/p>\n","protected":false},"excerpt":{"rendered":"<p>Parte de la historia de varias mujeres cubanas que han prestado servicio en el \u00e1mbito de las relaciones exteriores se re\u00fane en el libro Mujeres en diplomacia. <\/p>\n","protected":false},"author":3,"featured_media":67768,"comment_status":"open","ping_status":"open","sticky":false,"template":"","format":"standard","meta":{"_monsterinsights_skip_tracking":false,"footnotes":""},"categories":[53],"tags":[],"class_list":["post-67767","post","type-post","status-publish","format-standard","has-post-thumbnail","category-internacional"],"_links":{"self":[{"href":"https:\/\/redsemlac.com\/semmexico\/wp-json\/wp\/v2\/posts\/67767","targetHints":{"allow":["GET"]}}],"collection":[{"href":"https:\/\/redsemlac.com\/semmexico\/wp-json\/wp\/v2\/posts"}],"about":[{"href":"https:\/\/redsemlac.com\/semmexico\/wp-json\/wp\/v2\/types\/post"}],"author":[{"embeddable":true,"href":"https:\/\/redsemlac.com\/semmexico\/wp-json\/wp\/v2\/users\/3"}],"replies":[{"embeddable":true,"href":"https:\/\/redsemlac.com\/semmexico\/wp-json\/wp\/v2\/comments?post=67767"}],"version-history":[{"count":0,"href":"https:\/\/redsemlac.com\/semmexico\/wp-json\/wp\/v2\/posts\/67767\/revisions"}],"wp:featuredmedia":[{"embeddable":true,"href":"https:\/\/redsemlac.com\/semmexico\/wp-json\/wp\/v2\/media\/67768"}],"wp:attachment":[{"href":"https:\/\/redsemlac.com\/semmexico\/wp-json\/wp\/v2\/media?parent=67767"}],"wp:term":[{"taxonomy":"category","embeddable":true,"href":"https:\/\/redsemlac.com\/semmexico\/wp-json\/wp\/v2\/categories?post=67767"},{"taxonomy":"post_tag","embeddable":true,"href":"https:\/\/redsemlac.com\/semmexico\/wp-json\/wp\/v2\/tags?post=67767"}],"curies":[{"name":"wp","href":"https:\/\/api.w.org\/{rel}","templated":true}]}}