{"id":67765,"date":"2023-06-12T11:26:42","date_gmt":"2023-06-12T16:26:42","guid":{"rendered":"https:\/\/redsemlac.com\/semmexico\/?p=67765"},"modified":"2023-06-12T11:40:37","modified_gmt":"2023-06-12T16:40:37","slug":"miradas-de-reportero-seis-sorpresas-en-slp-en-torno-a-la-proteccion-de-periodistas","status":"publish","type":"post","link":"https:\/\/redsemlac.com\/semmexico\/miradas-de-reportero-seis-sorpresas-en-slp-en-torno-a-la-proteccion-de-periodistas\/","title":{"rendered":"Miradas de Reportero| Seis sorpresas en SLP en torno a la protecci\u00f3n de periodistas"},"content":{"rendered":"\n<p class=\"wp-block-paragraph\"><strong>Rogelio Hern\u00e1ndez L\u00f3pez<\/strong><\/p>\n\n\n\n<p class=\"wp-block-paragraph\">SemM\u00e9xico, Ciudad de M\u00e9xico, 12 de junio del 2023.- Este es otra especie de reporte para colegas y otras personas interesadas. El reportero invitado en San Luis Potos\u00ed a exponer sobre la situaci\u00f3n de las y los periodistas encontr\u00f3 al menos seis sorpresas en torno al periodismo y a su protecci\u00f3n:<\/p>\n\n\n\n<p class=\"wp-block-paragraph\">&#8212; La ley estatal de Protecci\u00f3n, es la segunda en diez a\u00f1os y no se aplic\u00f3 convenientemente durante los dos gobiernos anteriores.<\/p>\n\n\n\n<p class=\"wp-block-paragraph\">&#8212; Aunque el gobierno actual del partido verde no gest\u00f3 ninguna de las dos leyes, en el a\u00f1o y nueve meses que lleva Ricardo Gallardo Cardona como gobernador se logr\u00f3 instalar mejor el Mecanismo de Protecci\u00f3n estatal; se complet\u00f3 su cuerpo colegiado de direcci\u00f3n con representantes de periodistas y personas defensoras de derechos humanos; cuenta con reglamento de operaciones y atiende solicitudes.<\/p>\n\n\n\n<p class=\"wp-block-paragraph\">&#8212; La lista de periodistas y medios que se han registrado en comunicaci\u00f3n social del estado rebasa los trescientos cincuenta, m\u00e1s que en entidades con mayor poblaci\u00f3n; y aqu\u00ed, la mayor\u00eda asegura que su medio es digital \u00ab<em>con muchos seguidores y light<\/em>\u00bb para solicitar convenios de publicidad o, con frecuencia, \u00abapoyos\u00bb para hacer periodismo. Fen\u00f3meno similar al de muchas entidades.<\/p>\n\n\n\n<p class=\"wp-block-paragraph\">&#8212; Los organismos de periodistas profesionales disminuyeron su efectividad para gestionar asuntos de mejor\u00eda colectiva. En 2012 hubo un frente gremial, donde participaba destacadamente el Colegio de Periodistas de San Luis. Con este frente se impuls\u00f3 la primera ley de protecci\u00f3n, pero ahora se percibe m\u00e1s desuni\u00f3n y casi se desvaneci\u00f3 la red estatal de autoprotecci\u00f3n.<\/p>\n\n\n\n<p class=\"wp-block-paragraph\">&#8212; A pesar de las 350 personas periodistas registradas formalmente en el estado y de un mecanismo de protecci\u00f3n local que ya opera, \u00e9ste solo tiene un caso aceptado por posibles riesgos a su integridad. En contraste le llegan demasiadas solicitudes de apoyo econ\u00f3mico o en especie por el supuesto de que es una instancia de fomento y ayuda y no de protecci\u00f3n cautelar, como son todos los mecanismos similares en el pa\u00eds.<\/p>\n\n\n\n<p class=\"wp-block-paragraph\">De todo esto y m\u00e1s la informaci\u00f3n se obtuvo de colegas periodistas en charlas informales, de servidores\/as p\u00fablicos del \u00e1rea de derechos humanos, de comunicaci\u00f3n social y de protecci\u00f3n.<\/p>\n\n\n\n<p class=\"wp-block-paragraph\">&#8212; Y tambi\u00e9n fue relativamente sorpresivo que el subsecretario jur\u00eddico, de Derechos Humanos y responsable directo del Mecanismo de Protecci\u00f3n de San Luis Potos\u00ed, \u00c1ngel Gonzalo Santiago, invitara a este reportero para impartir una conferencia, en la ceremonia central por el 7 de junio, no obstante saber que tiene una posici\u00f3n cr\u00edtica al llamado d\u00eda de la libertad de expresi\u00f3n por haberse originado por un pacto entre empresarios\/as y gobierno y no representa a las y los trabajadores de la informaci\u00f3n de inter\u00e9s p\u00fablico.<\/p>\n\n\n\n<h2 class=\"wp-block-heading\"><strong>La ceremonia<\/strong><\/h2>\n\n\n\n<p class=\"wp-block-paragraph\">La ceremonia oficial por el 7 de junio se realiz\u00f3 en una improvisada sala del museo de arte contempor\u00e1neo Federico Silva de la capital del estado. Fueron ocupadas las 35 sillas y una parte de los pasillos; en gran parte eran servidores\/as p\u00fablicos, legisladores\/as y representantes de la Comisi\u00f3n de Derechos Humanos del estado. Solo se identificaron alrededor de diez periodistas, la mitad reporteras y reporteros gr\u00e1ficos.<\/p>\n\n\n\n<p class=\"wp-block-paragraph\">El acto oficial fue breve con solo dos intervenciones formales.<\/p>\n\n\n\n<figure class=\"wp-block-gallery has-nested-images columns-default is-cropped wp-block-gallery-1 is-layout-flex wp-block-gallery-is-layout-flex\">\n<figure class=\"wp-block-image size-large\"><a href=\"https:\/\/redsemlac.com\/semmexico\/wp-content\/uploads\/2023\/06\/ROGELIO-1.jpg\"><img decoding=\"async\" data-id=\"67774\" src=\"https:\/\/redsemlac.com\/semmexico\/wp-content\/uploads\/2023\/06\/ROGELIO-1-1024x541.jpg\" alt=\"\" class=\"wp-image-67774\"\/><\/a><\/figure>\n\n\n\n<figure class=\"wp-block-image size-large\"><a href=\"https:\/\/redsemlac.com\/semmexico\/wp-content\/uploads\/2023\/06\/ROGELIO-2.jpg\"><img decoding=\"async\" data-id=\"67773\" src=\"https:\/\/redsemlac.com\/semmexico\/wp-content\/uploads\/2023\/06\/ROGELIO-2-1024x768.jpg\" alt=\"\" class=\"wp-image-67773\"\/><\/a><\/figure>\n<\/figure>\n\n\n\n<p class=\"wp-block-paragraph\">La primera fue de Patricia Calvillo integrante de la Red de Mujeres Periodistas de San Luis Potos\u00ed reci\u00e9n incorporada como periodista a la instancia directiva del Mecanismo de Protecci\u00f3n.<\/p>\n\n\n\n<p class=\"wp-block-paragraph\">Ella asegur\u00f3 que muchos colegas desconocen el perfil de este Mecanismo y hacen muchas solicitudes ajenas a su funci\u00f3n esencial de proteger ante riesgos. Asegur\u00f3 que s\u00ed funciona. Agradeci\u00f3 varias veces su operatividad.<\/p>\n\n\n\n<p class=\"wp-block-paragraph\">El secretario general de gobierno, J. Guadalupe Torres S\u00e1nchez, intervino a nombre del gobernador. Record\u00f3 el origen del 7 de junio de 1951 como el d\u00eda de la libertad de expresi\u00f3n y extendi\u00f3 el reconocimiento y respeto del gobierno estatal a periodistas y comunicadores\/as que, dijo, son fundamentales para las relaciones democr\u00e1ticas en M\u00e9xico.<\/p>\n\n\n\n<h2 class=\"wp-block-heading\"><strong>La charla<\/strong><\/h2>\n\n\n\n<p class=\"wp-block-paragraph\">La exposici\u00f3n de este reportero fue anunciada como conferencia magistral sobre <em>Protecci\u00f3n Integral para periodistas y Autoprotecci\u00f3n<\/em> pero en realidad fue una pl\u00e1tica de c\u00f3mo ha evolucionado en 10 a\u00f1os (desde 2012) esa protecci\u00f3n en varias instancias del Estado mexicano.<\/p>\n\n\n\n<p class=\"wp-block-paragraph\">En 28 entidades del pa\u00eds tienen mecanismos o coordinaciones o institutos o grupos de atenci\u00f3n que atienden tambi\u00e9n a personas defensoras de los derechos humanos; ya existen m\u00e1s de 22 leyes federales y estatales relativas a periodistas.<\/p>\n\n\n\n<p class=\"wp-block-paragraph\">Presumiblemente, gracias a todo lo estatal y al mecanismo de protecci\u00f3n federal ha disminuido sensiblemente la proporci\u00f3n de servidores\/as p\u00fablicos que agreden periodistas.<\/p>\n\n\n\n<p class=\"wp-block-paragraph\">Pero tantas leyes, con diversidad de enfoques y objetivos, crearon un desmadre legislativo; y tantas instancias de gobiernos sin coordinaci\u00f3n no han impedido que siga siendo muy grande la cantidad de agravios que se registran en el pa\u00eds y, peor a\u00fan, que se sigan acumulando asesinatos de periodistas; 400 victimados de 2012 a 2022 y ya 5 en 2023.<\/p>\n\n\n\n<p class=\"wp-block-paragraph\">Centralmente se insisti\u00f3 en que la protecci\u00f3n integral a periodistas tiene que ampliar el enfoque cautelar-policiaco y sobresalir m\u00e1s la prevenci\u00f3n.<\/p>\n\n\n\n<p class=\"wp-block-paragraph\">Para ello se debe incorporar a la inminente ley general de protecci\u00f3n muchas m\u00e1s normas y pol\u00edticas p\u00fablicas de prevenci\u00f3n que faciliten la adquisici\u00f3n de fortalezas a las y los periodistas m\u00e1s vulnerables, sobre todo de los estados y de medios peque\u00f1os porque son quienes padecen la mayor\u00eda de agresiones y asesinatos.<\/p>\n","protected":false},"excerpt":{"rendered":"<p>En 28 entidades del pa\u00eds tienen mecanismos o coordinaciones o institutos o grupos de atenci\u00f3n que atienden tambi\u00e9n a personas defensoras de los derechos humanos; ya existen m\u00e1s de 22 leyes federales y estatales relativas a periodistas.<\/p>\n","protected":false},"author":3,"featured_media":38348,"comment_status":"open","ping_status":"open","sticky":false,"template":"","format":"standard","meta":{"_monsterinsights_skip_tracking":false,"footnotes":""},"categories":[106,35,85],"tags":[459],"class_list":["post-67765","post","type-post","status-publish","format-standard","has-post-thumbnail","category-mirada-de-reportero","category-opinion","category-rogelio-hernandez-lopez","tag-opinion"],"_links":{"self":[{"href":"https:\/\/redsemlac.com\/semmexico\/wp-json\/wp\/v2\/posts\/67765","targetHints":{"allow":["GET"]}}],"collection":[{"href":"https:\/\/redsemlac.com\/semmexico\/wp-json\/wp\/v2\/posts"}],"about":[{"href":"https:\/\/redsemlac.com\/semmexico\/wp-json\/wp\/v2\/types\/post"}],"author":[{"embeddable":true,"href":"https:\/\/redsemlac.com\/semmexico\/wp-json\/wp\/v2\/users\/3"}],"replies":[{"embeddable":true,"href":"https:\/\/redsemlac.com\/semmexico\/wp-json\/wp\/v2\/comments?post=67765"}],"version-history":[{"count":0,"href":"https:\/\/redsemlac.com\/semmexico\/wp-json\/wp\/v2\/posts\/67765\/revisions"}],"wp:featuredmedia":[{"embeddable":true,"href":"https:\/\/redsemlac.com\/semmexico\/wp-json\/wp\/v2\/media\/38348"}],"wp:attachment":[{"href":"https:\/\/redsemlac.com\/semmexico\/wp-json\/wp\/v2\/media?parent=67765"}],"wp:term":[{"taxonomy":"category","embeddable":true,"href":"https:\/\/redsemlac.com\/semmexico\/wp-json\/wp\/v2\/categories?post=67765"},{"taxonomy":"post_tag","embeddable":true,"href":"https:\/\/redsemlac.com\/semmexico\/wp-json\/wp\/v2\/tags?post=67765"}],"curies":[{"name":"wp","href":"https:\/\/api.w.org\/{rel}","templated":true}]}}