{"id":67757,"date":"2023-06-12T10:57:39","date_gmt":"2023-06-12T15:57:39","guid":{"rendered":"https:\/\/redsemlac.com\/semmexico\/?p=67757"},"modified":"2023-06-12T10:57:39","modified_gmt":"2023-06-12T15:57:39","slug":"dahlia-de-la-cerda-en-la-literatura-y-en-el-feminismo-hay-una-sobrerrepresentacion-de-mujeres-con-privilegio","status":"publish","type":"post","link":"https:\/\/redsemlac.com\/semmexico\/dahlia-de-la-cerda-en-la-literatura-y-en-el-feminismo-hay-una-sobrerrepresentacion-de-mujeres-con-privilegio\/","title":{"rendered":"Dahlia de la Cerda: \u201cEn la literatura y en el feminismo hay una sobrerrepresentaci\u00f3n de mujeres con privilegio\u201d"},"content":{"rendered":"\n<ul class=\"wp-block-list\">\n<li><strong>La escritora recoge en el libro \u2018Perras de reserva\u2019 las violencias que atraviesan a las mujeres en M\u00e9xico.<\/strong><\/li>\n<\/ul>\n\n\n\n<p class=\"wp-block-paragraph\"><strong>Paula Vilella<\/strong><\/p>\n\n\n\n<p class=\"wp-block-paragraph\">SemM\u00e9xico\/Pikara Magazine, Ciudad de M\u00e9xico, 12 de junio del 2023.- <em>Perras de reserva<\/em> (editorial Sexto Piso) ha llegado a las librer\u00edas del Estado espa\u00f1ol despu\u00e9s de su \u00e9xito en el panorama literario de M\u00e9xico. Una colecci\u00f3n de relatos que pone en el centro a mujeres de periferia cuyas vidas se cruzan y se sacuden por el crimen organizado, la guerra contra el narcotr\u00e1fico y la violencia machista.<\/p>\n\n\n\n<p class=\"wp-block-paragraph\">Su autora, Dahlia de la Cerda (M\u00e9xico, 1985) cuenta por videollamada desde su casa de Aguascalientes, en el centro de M\u00e9xico, que la salida de <em>Perras de reserva<\/em> en el mercado internacional la tiene muy contenta pero muy nerviosa: \u201cEn Latinoam\u00e9rica al menos compartimos contexto, pero espero que en Espa\u00f1a puedan tambi\u00e9n conectar\u201d.<\/p>\n\n\n\n<p class=\"wp-block-paragraph\">Entre 10 y 11 mujeres son asesinadas cada d\u00eda en M\u00e9xico, seg\u00fan las cifras oficiales. Un informe de la organizaci\u00f3n Impunidad Cero dice que menos de la mitad de los casos denunciados termina en una condena.<\/p>\n\n\n\n<p class=\"wp-block-paragraph\">Hablamos con ella de esa violencia mexicana, de la situaci\u00f3n del aborto en el pa\u00eds, en la que est\u00e1 muy implicada por su activismo en la organizaci\u00f3n Morras help morras y de su \u00faltimo libro publicado, <em>Desde los zulos.<\/em><\/p>\n\n\n\n<p class=\"has-medium-font-size wp-block-paragraph\"><strong>El origen de <em>Perras de reserva<\/em> est\u00e1 en otro proyecto, la colecci\u00f3n de relatos Nuestras muertas tienen nombre, sobre el feminicidio en M\u00e9xico. \u00bfPor qu\u00e9 eligi\u00f3 ese tema para la beca de creaci\u00f3n Programa de Est\u00edmulo a la Creaci\u00f3n y Desarrollo Art\u00edstico?<\/strong><\/p>\n\n\n\n<p class=\"wp-block-paragraph\"><em>Eleg\u00ed el tema del feminicidio porque ocurri\u00f3 uno en mi familia: yo quer\u00eda respuestas y lo \u00fanico que ten\u00eda era la literatura, mis ganas de escribir. Me di cuenta de que lo personal es pol\u00edtico, que mi familia no era la \u00fanica familia en M\u00e9xico que estaba pasando por una situaci\u00f3n, que el asesinato de mujeres es algo sistem\u00e1tico y estructural, que ocurre ante el silencio de la sociedad y del Estado, que facilita que se den estos cr\u00edmenes mediante la omisi\u00f3n. Me rechazaron en la beca tres veces, dec\u00edan que no sab\u00edan si era sociolog\u00eda o iba a ser realmente literatura, porque hasta ese momento no hab\u00eda textos que abordaran desde la literatura el tema del feminicidio. Fue hasta despu\u00e9s de Chicas muertas, de Selva Amada, en 2015, que sent\u00f3 un precedente, me la dieron.<\/em><\/p>\n\n\n\n<p class=\"has-medium-font-size wp-block-paragraph\"><strong>\u00bfC\u00f3mo se convirti\u00f3 en Perras de reserva?<\/strong><\/p>\n\n\n\n<p class=\"wp-block-paragraph\"><em>Iban a ser 10 cuentos, pero la mitad no funcionaban: eran revictimizantes o no estaba la trama resuelta. A mi tutora tampoco la convencieron as\u00ed que dejamos descansar la otra mitad. Ya ten\u00edamos seis a\u00f1os de guerra contra el narco (con el presidente Felipe Calder\u00f3n, en 2006) y me hab\u00edan llamado la atenci\u00f3n especialmente los feminicidios que suceden en este contexto. Despu\u00e9s de tanto leer sobre las mujeres como v\u00edctimas decid\u00ed escribir sobre el otro lado, sobre las mujeres que son las que ejecutan la violencia o que son al mismo tiempo v\u00edctimas y victimarias.<\/em><\/p>\n\n\n\n<p class=\"has-medium-font-size wp-block-paragraph\"><strong>V\u00edctimas y victimarias, sus personajes son siempre mujeres de periferia, que se salen del canon de la feminidad. \u00bfQu\u00e9 es lo que le resulta interesante de ellas?<\/strong><\/p>\n\n\n\n<p class=\"wp-block-paragraph\"><em>Pareciera que las mujeres no somos personas multidimensionales, sino que somos malas-malas o somos buenas-buenas o somos v\u00edctimas-v\u00edctimas o somos agresoras-agresoras, pero somos mucho m\u00e1s complejas, podemos ser perfectamente privilegiadas y oprimidas y quer\u00eda hablar de estos matices y hacer personajes no tan planos. En la literatura y en el feminismo hay una sobrerrepresentaci\u00f3n de las experiencias de mujeres con privilegio y yo no lograba conectar del todo. No ten\u00eda acceso a esa informaci\u00f3n, este era mi contexto m\u00e1s inmediato y el m\u00edo propio. Me parec\u00eda que era importante hablar de esta otra realidad y cuestionar qu\u00e9 es lo que se considera literario o no.<\/em><\/p>\n\n\n\n<p class=\"has-medium-font-size wp-block-paragraph\"><strong>La violencia impregna todos los relatos del libro, es una constante en la trama y en las protagonistas, \u00bfes posible escribir desde M\u00e9xico sin escribir de las violencias que lo afectan?<\/strong><\/p>\n\n\n\n<p class=\"wp-block-paragraph\"><em>La violencia en M\u00e9xico es muy particular por el contexto de guerra contra el narcotr\u00e1fico. Yo quer\u00eda visibilizar c\u00f3mo las mujeres vivimos violencias muy diversas que nos atraviesan de formas muy distintas seg\u00fan el lugar que ocupemos. Us\u00e9 la primera persona para generar empat\u00eda. Que la persona que los lee tenga la experiencia de alguien que llega y te cuenta su vida. Si yo hubiera usado un narrador omnipresente siento que hubiera dado mis juicios de valor de las situaciones de violencia que est\u00e1n viviendo, que hubiera ca\u00eddo en muchos clich\u00e9s, en muchos moralismos o en apolog\u00eda de lo que hac\u00edan mis personajes. En Colombia se han sentido muy identificadas, porque el contexto es m\u00e1s o menos parecido, pero me preocupa que all\u00e1 (en Espa\u00f1a) no conecten con los personajes porque no viven esta violencia espec\u00edfica.<\/em><\/p>\n\n\n\n<p class=\"has-medium-font-size wp-block-paragraph\"><strong>\u00bfC\u00f3mo le sent\u00f3 el \u00e9xito del libro en M\u00e9xico? \u00bfQu\u00e9 ha cambiado en su trabajo, en su vida, en su escritura?<\/strong><\/p>\n\n\n\n<p class=\"wp-block-paragraph\"><em>Yo ten\u00eda hasta cinco trabajos, no me alcanzaba el tiempo para escribir, esto se refleja en este libro: un libro corto que escrib\u00ed en cuatro a\u00f1os. Muchos de los textos los trabaj\u00e9 en un tianguis (mercado al aire libre) donde yo trabajaba. Pero le ten\u00eda fe al libro porque pensaba que muchas mujeres se pod\u00edan espejear en \u00e9l. Despu\u00e9s, las becas literarias me daban esa posibilidad de tener un cuarto propio, pero no me resolv\u00edan todos los problemas de precarizaci\u00f3n y yo segu\u00eda teniendo dos trabajos. La vida me ha cambiado radicalmente desde que Perras de reserva se public\u00f3 en M\u00e9xico. Yo solo conoc\u00eda mi ciudad y los estados de alrededor y ahora hay d\u00edas que tomo cuatro aviones. Ha sido bien interesante reflexionar c\u00f3mo estos cambios ocurren inesperadamente y c\u00f3mo nos posicionan en lugares completamente distintos, ahora estoy en un lugar de mucho privilegio comparado al punto en el que part\u00ed. Ahora puedo dedicarme a la escritura y a Morras help morras.<\/em><\/p>\n\n\n\n<p class=\"has-medium-font-size wp-block-paragraph\"><strong>H\u00e1blenos un poco de Morras help morras (chicas ayudando a chicas), la colectiva que codirige sobre salud sexual y reproductiva. \u00bfCu\u00e1l es el estado del aborto en M\u00e9xico? \u00bfDesde qu\u00e9 perspectiva trabajan?<\/strong><\/p>\n\n\n\n<p class=\"wp-block-paragraph\"><em>En M\u00e9xico el aborto solo es legal en algunos de sus estados y a las que no tienen la posibilidad de viajar en autob\u00fas para interrumpir su embarazo, nosotras las damos informaci\u00f3n, acompa\u00f1amiento, monitoreo y gesti\u00f3n de medicamentos para que las personas gestantes puedan hacerlo en estos lugares. O incluso las que no quieran ir a las cl\u00ednicas en los servicios de salud, porque el trato no es el adecuado y las estigmatizan o revictimizan o maltratan y prefieren hacerlo en su casa. Tenemos una l\u00ednea de atenci\u00f3n y generamos materiales. Queremos que se hable del aborto sin estigmas, pero tambi\u00e9n sin romantizarlo. Es un proceso m\u00e9dico, un proceso m\u00e1s en la vida reproductiva pero la lectura que le das a ese aborto depende un mont\u00f3n del contexto. Podr\u00e1s irte a celebrarlo al d\u00eda siguiente o necesitar un ritual de duelo y todas estas realidades son v\u00e1lidas. Tambi\u00e9n tenemos un caso en la Suprema Corte de Justicia para declarar inconstitucional el C\u00f3digo Penal de Aguascalientes que lo proh\u00edbe.<\/em><\/p>\n\n\n\n<p class=\"has-medium-font-size wp-block-paragraph\"><strong>Perras de reserva llega a Espa\u00f1a a la vez que en M\u00e9xico sale su nueva obra Desde los zulos, \u00bfde d\u00f3nde proviene el t\u00edtulo? \u00bfQu\u00e9 nos cuenta en esta obra?<\/strong><\/p>\n\n\n\n<p class=\"wp-block-paragraph\"><em>Desde los zulos es una recopilaci\u00f3n de columnas que escribo para la revista de la editorial Sexto Piso con ese nombre sobre feminismo. Tambi\u00e9n hay otros textos in\u00e9ditos. No le ten\u00eda nada de fe, no lo quer\u00eda publicar, me preocupaba la reacci\u00f3n del feminismo transodiante y tener que lidiar todos los d\u00edas con eso. Pero mis compa\u00f1eras me animaron. Me dijeron: nosotras te vamos a defender, te vamos a respaldar. Y le est\u00e1 yendo bastante bien. El nombre viene de Un zulo propio, de Itziar Ziga, con el que me sent\u00ed muy identificada cuando dec\u00eda que hay mujeres que solo podemos aspirar a eso, y no al cuarto propio de Virginia Wolf. Cuando me firm\u00f3 el libro me escribi\u00f3: \u201cPara las que emergen de los zulos\u201d Qu\u00e9 l\u00e1stima que lo vend\u00ed en una de mis crisis econ\u00f3micas.<\/em><\/p>\n\n\n\n<p class=\"wp-block-paragraph\">SEM\/MG<\/p>\n","protected":false},"excerpt":{"rendered":"<p>La escritora recoge en el libro \u2018Perras de reserva\u2019 las violencias que atraviesan a las mujeres en M\u00e9xico.<\/p>\n","protected":false},"author":3,"featured_media":67760,"comment_status":"open","ping_status":"open","sticky":false,"template":"","format":"standard","meta":{"_monsterinsights_skip_tracking":false,"footnotes":""},"categories":[54],"tags":[],"class_list":["post-67757","post","type-post","status-publish","format-standard","has-post-thumbnail","category-mujeres"],"_links":{"self":[{"href":"https:\/\/redsemlac.com\/semmexico\/wp-json\/wp\/v2\/posts\/67757","targetHints":{"allow":["GET"]}}],"collection":[{"href":"https:\/\/redsemlac.com\/semmexico\/wp-json\/wp\/v2\/posts"}],"about":[{"href":"https:\/\/redsemlac.com\/semmexico\/wp-json\/wp\/v2\/types\/post"}],"author":[{"embeddable":true,"href":"https:\/\/redsemlac.com\/semmexico\/wp-json\/wp\/v2\/users\/3"}],"replies":[{"embeddable":true,"href":"https:\/\/redsemlac.com\/semmexico\/wp-json\/wp\/v2\/comments?post=67757"}],"version-history":[{"count":0,"href":"https:\/\/redsemlac.com\/semmexico\/wp-json\/wp\/v2\/posts\/67757\/revisions"}],"wp:featuredmedia":[{"embeddable":true,"href":"https:\/\/redsemlac.com\/semmexico\/wp-json\/wp\/v2\/media\/67760"}],"wp:attachment":[{"href":"https:\/\/redsemlac.com\/semmexico\/wp-json\/wp\/v2\/media?parent=67757"}],"wp:term":[{"taxonomy":"category","embeddable":true,"href":"https:\/\/redsemlac.com\/semmexico\/wp-json\/wp\/v2\/categories?post=67757"},{"taxonomy":"post_tag","embeddable":true,"href":"https:\/\/redsemlac.com\/semmexico\/wp-json\/wp\/v2\/tags?post=67757"}],"curies":[{"name":"wp","href":"https:\/\/api.w.org\/{rel}","templated":true}]}}