{"id":67748,"date":"2023-06-11T16:27:12","date_gmt":"2023-06-11T21:27:12","guid":{"rendered":"https:\/\/redsemlac.com\/semmexico\/?p=67748"},"modified":"2023-06-11T16:27:13","modified_gmt":"2023-06-11T21:27:13","slug":"inclusion-y-diversidad-en-el-desfile-del-mampride-2023","status":"publish","type":"post","link":"https:\/\/redsemlac.com\/semmexico\/inclusion-y-diversidad-en-el-desfile-del-mampride-2023\/","title":{"rendered":"Inclusi\u00f3n y diversidad en el desfile del MamPride 2023"},"content":{"rendered":"\n<p class=\"wp-block-paragraph\">El congreso del estado permanece en una eterna omisi\u00f3n para legislar a favor de nuestros derechos humanos: comunidad LGBT<\/p>\n\n\n\n<p class=\"wp-block-paragraph\">La comunidad reclam\u00f3 al gobierno del estado que desde \u201csu permanente indiferencia no genera pol\u00edticas p\u00fablicas ni implementa mecanismos que garanticen una mayor igualdad\u201d<\/p>\n\n\n\n<p class=\"wp-block-paragraph\">Gabriela Couti\u00f1o<\/p>\n\n\n\n<p class=\"wp-block-paragraph\">SemM\u00e9xico, Tuxtla Guti\u00e9rrez, Chis. 11 junio.2023 &#8211; La avenida principal de la capital chiapaneca se llen\u00f3 de colores, algarab\u00eda y de diversidad este s\u00e1bado, cuando miles de personas participaron en uno de los eventos m\u00e1s importantes de junio, en el que se reconoce a la comunidad LGBTQ+.<\/p>\n\n\n\n<p class=\"wp-block-paragraph\">Este a\u00f1o la comunidad decidi\u00f3 adue\u00f1arse, reivindicar y dignificar la palabra Mampo, como se llama en Chiapas de forma peyorativa a las personas gay; por lo que llam\u00f3 Mampride al festival de desfile de carros aleg\u00f3ricos y marcha de protesta.<\/p>\n\n\n\n<p class=\"wp-block-paragraph\">\u201cEste d\u00eda es un momento en el que muchos podemos ser libres, aceptarnos y aceptar a todes. Debemos abrazar la diversidad\u201d, dijo Sol, una chica trans que particip\u00f3 en el recorrido.<\/p>\n\n\n\n<p class=\"wp-block-paragraph\">Las actividades empezaron con un foro art\u00edstico, pol\u00edtico y cultural, integrantes de la comunidad reclamaron al gobierno, la falta del reconocimiento de la identidad de g\u00e9nero en nuestro Estado que impide a las personas trans tengan acceso a los dem\u00e1s derechos y a mayores oportunidades laborales, \u201cel gobierno del estado contin\u00faa sin dar cumplimiento a la recomendaci\u00f3n 43\/2021\u201d.<\/p>\n\n\n\n<p class=\"wp-block-paragraph\">En el evento, la Secretar\u00eda de Salud instal\u00f3 mesas de informaci\u00f3n sobre la Salud. Alejandro Rivera Marroqu\u00edn, coordinador estatal del VIH, ITS y Hepatitis de la dependencia, brind\u00f3 informaci\u00f3n sobre los medicamentos que reducen las probabilidades de contraer el VIH a trav\u00e9s de las relaciones sexuales o el consumo de drogas inyectables.<\/p>\n\n\n\n<p class=\"wp-block-paragraph\">En el Mampride 2023 tambi\u00e9n estuvieron presentes activistas, defensores de derechos humanos y las personas que apoyan la diversidad.<\/p>\n\n\n\n<p class=\"wp-block-paragraph\">El desfile de carros aleg\u00f3ricos recorri\u00f3 desde el puente de colores hasta la plaza central con el mensaje principal de uni\u00f3n e inclusi\u00f3n.<\/p>\n\n\n\n<p class=\"wp-block-paragraph\">\u201cEstamos aqu\u00ed por muchos motivos, uno de ellos es hablar fuertemente por nuestros derechos, insistir en los m\u00faltiples pendientes que quedan por hacer para garantizarnos la justicia social y la igualdad de condiciones. El siguiente motivo es para recordarle a la sociedad que aqu\u00ed hemos estado siempre, aqu\u00ed estamos y aqu\u00ed seguiremos\u201d, manifestaron en un comunicado.<\/p>\n\n\n\n<p class=\"wp-block-paragraph\">Se\u00f1alaron que, en Chiapas, las terapias de conversi\u00f3n no est\u00e1n prohibidas, es por ello que, las familias y profesionales carentes de \u00e9tica contin\u00faan torturando a trav\u00e9s de procesos violentos a las personas lesbianas, gays y trans.<\/p>\n\n\n\n<p class=\"wp-block-paragraph\">Destacaron que afortunadamente \u201ccada vez han sido menos los casos de violencia por orientaci\u00f3n sexual o identidad de g\u00e9nero; pero eso no quiere decir que no existan, hay casos de extrema violencia; no los hemos visto en los \u00faltimos 15 a\u00f1os, aunque existen casos aislados, ha dejado de ser una constante\u201d.<\/p>\n\n\n\n<p class=\"wp-block-paragraph\">Sin embargo expusieron que \u201clos cr\u00edmenes de odio, perpetrados entre junio de 1991 y febrero de 1993, contin\u00faan sin castigarse y la impunidad por esos cr\u00edmenes a\u00fan subsiste, no hay esclarecimiento de los hechos y acceso a la justicia, la Fiscal\u00eda General del Estado no aplica los protocolos de atenci\u00f3n y el Poder Judicial del Estado no juzga con perspectiva de derechos humanos\u201d.<\/p>\n\n\n\n<p class=\"wp-block-paragraph\">\u201cLas familias homoparentales y lesbomaternales siguen enfrentando discriminaci\u00f3n por parte del Registro Civil que se niega a inscribir a sus hijos e hijas\u201d, agregaron en el pronunciamiento conjunto.<\/p>\n\n\n\n<p class=\"wp-block-paragraph\">Por otro lado, \u201clas infancias y adolescencias trans, enfrentan mayores obst\u00e1culos al tener pocas posibilidades de acceder plenamente a sus derechos.<\/p>\n\n\n\n<p class=\"wp-block-paragraph\">El congreso del estado permanece en una eterna omisi\u00f3n para legislar a favor de nuestros humanos\u201d.<\/p>\n\n\n\n<p class=\"wp-block-paragraph\">Reclamaron al gobierno del estado que desde \u201csu permanente indiferencia no genera pol\u00edticas p\u00fablicas ni implementa mecanismos que garanticen una mayor igualdad y la Comisi\u00f3n Estatal de los Derechos Humanos se ha convertido en un organismo pasivo y fantasma que no ejerce sus obligaciones constitucionales para defender nuestros derechos\u201d.<\/p>\n\n\n\n<p class=\"wp-block-paragraph\">La comunidad dijo que no est\u00e1n pidiendo que se otorguen derechos especiales, \u201cqueremos un alto a la violencia, a la discriminaci\u00f3n, queremos igualdad de oportunidades, buscamos acceso a la justicia. No le estamos quitando derechos a nadie solo exigimos los derechos que a\u00fan no tenemos\u201d.<\/p>\n","protected":false},"excerpt":{"rendered":"<p>El congreso del estado permanece en una eterna omisi\u00f3n para legislar a favor de nuestros derechos humanos: comunidad LGBT<\/p>\n","protected":false},"author":3,"featured_media":67750,"comment_status":"open","ping_status":"open","sticky":false,"template":"","format":"standard","meta":{"_monsterinsights_skip_tracking":false,"footnotes":""},"categories":[54],"tags":[],"class_list":["post-67748","post","type-post","status-publish","format-standard","has-post-thumbnail","category-mujeres"],"_links":{"self":[{"href":"https:\/\/redsemlac.com\/semmexico\/wp-json\/wp\/v2\/posts\/67748","targetHints":{"allow":["GET"]}}],"collection":[{"href":"https:\/\/redsemlac.com\/semmexico\/wp-json\/wp\/v2\/posts"}],"about":[{"href":"https:\/\/redsemlac.com\/semmexico\/wp-json\/wp\/v2\/types\/post"}],"author":[{"embeddable":true,"href":"https:\/\/redsemlac.com\/semmexico\/wp-json\/wp\/v2\/users\/3"}],"replies":[{"embeddable":true,"href":"https:\/\/redsemlac.com\/semmexico\/wp-json\/wp\/v2\/comments?post=67748"}],"version-history":[{"count":0,"href":"https:\/\/redsemlac.com\/semmexico\/wp-json\/wp\/v2\/posts\/67748\/revisions"}],"wp:featuredmedia":[{"embeddable":true,"href":"https:\/\/redsemlac.com\/semmexico\/wp-json\/wp\/v2\/media\/67750"}],"wp:attachment":[{"href":"https:\/\/redsemlac.com\/semmexico\/wp-json\/wp\/v2\/media?parent=67748"}],"wp:term":[{"taxonomy":"category","embeddable":true,"href":"https:\/\/redsemlac.com\/semmexico\/wp-json\/wp\/v2\/categories?post=67748"},{"taxonomy":"post_tag","embeddable":true,"href":"https:\/\/redsemlac.com\/semmexico\/wp-json\/wp\/v2\/tags?post=67748"}],"curies":[{"name":"wp","href":"https:\/\/api.w.org\/{rel}","templated":true}]}}