{"id":67731,"date":"2023-06-11T14:25:23","date_gmt":"2023-06-11T19:25:23","guid":{"rendered":"https:\/\/redsemlac.com\/semmexico\/?p=67731"},"modified":"2023-06-11T14:27:30","modified_gmt":"2023-06-11T19:27:30","slug":"mexico-sos-san-cristobal-de-las-casas-crisis-de-seguridad-y-organizacion-ciudadana","status":"publish","type":"post","link":"https:\/\/redsemlac.com\/semmexico\/mexico-sos-san-cristobal-de-las-casas-crisis-de-seguridad-y-organizacion-ciudadana\/","title":{"rendered":"M\u00c9XICO SOS| San Crist\u00f3bal de las Casas: crisis de seguridad y organizaci\u00f3n ciudadana\u00a0"},"content":{"rendered":"\n<p class=\"wp-block-paragraph\">SemM\u00e9xico\/An\u00e1lisis\/El Sol de M\u00e9xico, Ciudad de M\u00e9xico, 11 de junio, 2023.- Designada en 2003 como&nbsp;<em>pueblo m\u00e1gico<\/em>&nbsp;por el gobierno federal, San Crist\u00f3bal de las Casas goza del prestigio de ser una de las primeras ciudades coloniales que se fundaron en M\u00e9xico, de contar entre su poblaci\u00f3n con un variado grupo de pueblos originales de la regi\u00f3n y un significativo n\u00famero de residentes de otros pa\u00edses.<\/p>\n\n\n\n<p class=\"wp-block-paragraph\">Permiti\u00e9ndole integrar a su vida econ\u00f3mica el patrimonio cultural de los pueblos mayas y convertirla, al paso de los a\u00f1os, en la ciudad cultural y tur\u00edstica m\u00e1s importante de Chiapas y ser incluida en la Red de Ciudades Creativas de la UNESCO.<\/p>\n\n\n\n<p class=\"wp-block-paragraph\">No obstante, y pese a su prestigioso atractivo colonial y tur\u00edstico, a su fama de&nbsp;<em>pueblo m\u00e1gico<\/em>, padece desde hace algunos a\u00f1os, una creciente crisis de seguridad p\u00fablica y violencia criminal que demanda urgente atenci\u00f3n.<\/p>\n\n\n\n<p class=\"wp-block-paragraph\">Sobre la otrora capital chiapaneca se ciernen problemas de tr\u00e1fico de armas, drogas, mercanc\u00eda de contrabando, prostituci\u00f3n, narcomenudeo, cobro de piso, extorsi\u00f3n, trata de personas, un creciente consumo de drogas y de enfrentamientos entre grupos de la delincuencia organizada, con su inevitable cuota de violentos homicidios.<\/p>\n\n\n\n<p class=\"wp-block-paragraph\">Las secuelas de tan severa crisis han alterado de manera permanente la vida de la ciudad e impactado negativamente su actividad comercial, hotelera, restaurantera, tur\u00edstica, educativa y la cotidianidad de la poblaci\u00f3n en general. Situaci\u00f3n que incluye la toma violenta de la ciudad, en repetidas ocasiones, por grupos delictivos que se disputan desde hace a\u00f1os el control del popular mercado de la zona norte, la venta de drogas y el cobro de piso en la localidad, entre otros giros delictivos m\u00e1s.<\/p>\n\n\n\n<p class=\"wp-block-paragraph\">Ante la dimensi\u00f3n y complejidad de los problemas por atender, diversas organizaciones sociales, defensoras de los derechos humanos, empresariales y la Di\u00f3cesis de San Crist\u00f3bal, han levantado la voz para demandar, a los tres \u00f3rdenes de gobierno e instituciones de seguridad p\u00fablica federales y estatales, la atenci\u00f3n puntual e inmediata de la problem\u00e1tica que les afecta.<\/p>\n\n\n\n<p class=\"wp-block-paragraph\">En el contexto de tan apremiante situaci\u00f3n, a mediados de 2022 un grupo ciudadano organizado y empresarios de diversos giros de San Crist\u00f3bal, entr\u00f3 en contacto con M\u00e9xico SOS y su Red Nacional de Mesas Ciudadanas de Seguridad y Justicia (RNMCSJ) a fin de conocer las experiencias acumuladas por nuestra organizaci\u00f3n para la atenci\u00f3n de problemas de inseguridad e impartici\u00f3n de justicia en municipios que alguna vez sufrieron de altos \u00edndices delictivos y de problemas de violencia criminal; con el prop\u00f3sito de replicar dicha experiencia mediante la instalaci\u00f3n de una Mesa Ciudadana de Seguridad y Justicia (MCSJ) en la localidad.<\/p>\n\n\n\n<p class=\"wp-block-paragraph\">Fue as\u00ed que, el 20 de abril pasado, se instal\u00f3 la MCSJ de San Crist\u00f3bal de las Casas, que cont\u00f3 con la presencia de las autoridades de los tres \u00f3rdenes de gobierno, los integrantes de M\u00e9xico SOS y la RNMCSJ. Inicialmente, la MCSJ se integra por cuatro comit\u00e9s, correspondientes a igual n\u00famero de \u00e1mbitos de atenci\u00f3n dentro del municipio: indicadores delictivos, dignificaci\u00f3n de la polic\u00eda municipal, prevenci\u00f3n del delito y combate a la extorsi\u00f3n y narcomenudeo.<\/p>\n\n\n\n<p class=\"wp-block-paragraph\">Con la instalaci\u00f3n de esta MCSJ llegamos a 40, desplegadas en 17 estados de la Rep\u00fablica, refrendando nuestro apoyo y disposici\u00f3n para compartir con los habitantes de San Crist\u00f3bal de las Casas la experiencia que hemos acumulado a lo largo de 13 a\u00f1os y poder devolver&nbsp;<em>al m\u00e1s m\u00e1gico de los pueblos m\u00e1gicos<\/em>, la paz y atractivo que tradicionalmente le ha distinguido.<\/p>\n","protected":false},"excerpt":{"rendered":"<p> Designada en 2003 como\u00a0pueblo m\u00e1gico\u00a0por el gobierno federal, San Crist\u00f3bal de las Casas goza del prestigio de ser una de las primeras ciudades coloniales que se fundaron en M\u00e9xico<\/p>\n","protected":false},"author":3,"featured_media":67734,"comment_status":"open","ping_status":"open","sticky":false,"template":"","format":"standard","meta":{"_monsterinsights_skip_tracking":false,"footnotes":""},"categories":[82,110,35],"tags":[],"class_list":["post-67731","post","type-post","status-publish","format-standard","has-post-thumbnail","category-la-opinion","category-la-opinion-columnas","category-opinion"],"_links":{"self":[{"href":"https:\/\/redsemlac.com\/semmexico\/wp-json\/wp\/v2\/posts\/67731","targetHints":{"allow":["GET"]}}],"collection":[{"href":"https:\/\/redsemlac.com\/semmexico\/wp-json\/wp\/v2\/posts"}],"about":[{"href":"https:\/\/redsemlac.com\/semmexico\/wp-json\/wp\/v2\/types\/post"}],"author":[{"embeddable":true,"href":"https:\/\/redsemlac.com\/semmexico\/wp-json\/wp\/v2\/users\/3"}],"replies":[{"embeddable":true,"href":"https:\/\/redsemlac.com\/semmexico\/wp-json\/wp\/v2\/comments?post=67731"}],"version-history":[{"count":0,"href":"https:\/\/redsemlac.com\/semmexico\/wp-json\/wp\/v2\/posts\/67731\/revisions"}],"wp:featuredmedia":[{"embeddable":true,"href":"https:\/\/redsemlac.com\/semmexico\/wp-json\/wp\/v2\/media\/67734"}],"wp:attachment":[{"href":"https:\/\/redsemlac.com\/semmexico\/wp-json\/wp\/v2\/media?parent=67731"}],"wp:term":[{"taxonomy":"category","embeddable":true,"href":"https:\/\/redsemlac.com\/semmexico\/wp-json\/wp\/v2\/categories?post=67731"},{"taxonomy":"post_tag","embeddable":true,"href":"https:\/\/redsemlac.com\/semmexico\/wp-json\/wp\/v2\/tags?post=67731"}],"curies":[{"name":"wp","href":"https:\/\/api.w.org\/{rel}","templated":true}]}}