{"id":6772,"date":"2018-10-22T04:54:58","date_gmt":"2018-10-22T04:54:58","guid":{"rendered":"https:\/\/redsemlac.com\/semmexico\/?p=6772"},"modified":"2023-07-21T14:33:46","modified_gmt":"2023-07-21T19:33:46","slug":"alfa-omega-9","status":"publish","type":"post","link":"https:\/\/redsemlac.com\/semmexico\/alfa-omega-9\/","title":{"rendered":"Alfa Omega"},"content":{"rendered":"\n<p class=\"wp-block-paragraph\">Estamos viviendo entre la confusi\u00f3n y la incertidumbre<\/p>\n\n\n\n<h5 class=\"wp-block-heading\"> \u2022 El bipresidencialismo mexicano<\/h5>\n\n\n\n<p class=\"wp-block-paragraph\"><a href=\"https:\/\/semmexico.com\/gallery-post.php?id=6180#\">LA OPINI\u00d3N<\/a><\/p>\n\n\n\n<p class=\"wp-block-paragraph\">Jorge Herrera Valenzuela<\/p>\n\n\n\n<p class=\"wp-block-paragraph\">SemM\u00e9xico, 22 octubre 2018.- Desde la noche del domingo 1 de julio de este a\u00f1o, la poblaci\u00f3n mexicana es testigo del bipresidencialismo que estamos viviendo. El que terminar\u00e1 su sexenio el 30 de noviembre, no repar\u00f3 en entregar virtualmente las oficinas presidenciales de Palacio Nacional, el inmediato martes 3, a quien la votaci\u00f3n daba como candidato triunfador. El victorioso tabasque\u00f1o dio su primera conferencia de prensa en la sede del Poder Ejecutivo Federal e inici\u00f3, ese mismo d\u00eda, sus actividades sin esperar a que la autoridad electoral lo declarara Presidente Electo y como tal, a partir del domingo 16 de septiembre realiza un recorrido de agradecimiento a quienes votaron por \u00e9l, por los 31 Estados y la Ciudad de M\u00e9xico.<\/p>\n\n\n\n<p class=\"wp-block-paragraph\">Bueno, en la larga espera para tomar posesi\u00f3n como Presidente Constitucional de los Estados Unidos Mexicanos, Andr\u00e9s Manuel L\u00f3pez Obrador no ha descansado un solo d\u00eda. Este domingo 21 de octubre cumplir\u00e1 113 d\u00edas de intensa gira de trabajo; est\u00e1 a 40 d\u00edas de colocarse sobre el pecho la banda presidencial que recibir\u00e1 de manos del diputado Porfirio Alejandro Mu\u00f1oz Ledo y Lazo de la Vega, en la sesi\u00f3n solemne del Congreso de la Uni\u00f3n. Paralelo a su recorrido por el pa\u00eds, el primer tabasque\u00f1o que ser\u00e1 Presidente de M\u00e9xico ha ratificado a los miembros de su gabinete, revel\u00f3 los nombres de otros de sus colaboradores y ha continuado con las promesas de acciones que emprender\u00e1 desde el mismo s\u00e1bado 1 de diciembre de 2018. Es decir, sigue en campa\u00f1a.<\/p>\n\n\n\n<p class=\"wp-block-paragraph\">En el mismo lapso, el presidente Enrique Pe\u00f1a Nieto qued\u00f3 relegado a un segundo plano en el \u00e1mbito nacional. Nada trascendente e impactante ha registrado en su terminaci\u00f3n sexenal. Su manejo es tan desconcertante y gris, como lo caracteriz\u00f3 su actuar desde aquella firma del \u201cPacto por M\u00e9xico\u201d, despu\u00e9s dejar que fuese su esposa quien apareciera en las pantallas de televisi\u00f3n justificando el esc\u00e1ndalo de la casa blanca y m\u00e1s adelante dejar que politizaran el caso de la desaparici\u00f3n de los 43 estudiantes normalistas de Ayotzinapa. En este final, el golpeteo hacia el pe\u00f1anietismo empez\u00f3 con la reiterada promesa de anular la Reforma Educativa, a tal grado \u201cde que no quede ni una coma\u201d.<\/p>\n\n\n\n<p class=\"wp-block-paragraph\">L\u00f3pez Obrador ha declarado, repetidamente: \u201cno voy a legitimarme metiendo a la c\u00e1rcel a pol\u00edticos, como lo hizo Salinas\u201d. En otros d\u00edas asegur\u00f3 que todo es \u201camor y paz\u201d. En sus dos visitas a Palacio Nacional se le vio sonriente, amable, afectuoso con el que ser\u00e1 su antecesor, pero \u00e9ste, Pe\u00f1a Nieto, algo sabe y teme porque el 11 del presente mes la Consejer\u00eda Jur\u00eddica de la Presidencia interpuso una demanda, de controversia constitucional, para reclamar posibles \u00f3rdenes de aprehensi\u00f3n, arraigo, citatorios, averiguaciones o carpetas de investigaci\u00f3n\u201d contra \u00e9l y quienes le acompa\u00f1an en el gobierno.<\/p>\n\n\n\n<p class=\"wp-block-paragraph\">El clima de confusi\u00f3n est\u00e1 latente. Es la primera vez en la Historia Patria que un presidente recurra a la Suprema Corte de Justicia de la Naci\u00f3n, en busca de la protecci\u00f3n de la justicia. Comento que esta acci\u00f3n deja mucho que decir de la actuaci\u00f3n del atlacomulquense, porque pronto lo har\u00e1n polvo pol\u00edticamente y no quiere enfrentar situaciones jur\u00eddicas. Lo triste es que ninguno de quienes est\u00e1n en el primer equipo alza la voz a favor del Jefe. \u00bfD\u00f3nde est\u00e1 Aurelio Nu\u00f1o Mayer? Jam\u00e1s ha defendido la Reforma Educativa. \u00bfPor qu\u00e9 Luis Videgaray Caso permanece en silencio, si antes era un impulsivo defensor de su amigo y jefe?<\/p>\n\n\n\n<p class=\"wp-block-paragraph\">Bien, pero, el pero que nunca falta, \u00bfpor qu\u00e9 hay incertidumbre? Porque Andr\u00e9s Manuel no clarifica su l\u00ednea de actuaci\u00f3n. Si su gobierno se basar\u00e1 en foros y consultas, porque para \u00e9l esa es la democracia participativa, habr\u00e1 que fundamentar pol\u00edtica, jur\u00eddica y socialmente cada uno de los eventos. Si en los graves problemas se requerir\u00e1 conocer la opini\u00f3n del pueblo, habr\u00e1 que ser muy concretos en a qui\u00e9nes se va a convocar y que los foros no terminen en zacapelas como la registrada en Guerrero con los profesores de la nefasta CNTE. La consulta no debe caer en los extremos como es el caso de la construcci\u00f3n del Aeropuerto Internacional de la Ciudad de M\u00e9xico, cuyos opositores llegaron, a la reuni\u00f3n, machetes en mano para reclamar como su propiedad los terrenos del exvaso del Lago de Texcoco. La consulta popular que se avecina, carece de apoyo jur\u00eddico, no tendr\u00e1 validez de car\u00e1cter legal. Para unos es una farsa, para otros un error pol\u00edtico.&nbsp;<\/p>\n\n\n\n<p class=\"wp-block-paragraph\">Ya no hemos escuchado que el tabasque\u00f1o se lance contra la mafia del poder. Se han hecho c\u00e9lebres sus expresiones como perd\u00f3n y olvido o borr\u00f3n y cuenta nueva. Pero la demanda nacional exige justicia y castigo para quienes saquearon las arcas federales, estatales y municipales, as\u00ed como a los responsables de asesinatos, desapariciones forzadas, secuestros y violaciones sexuales. No quieren que el exgobernador de Chihuahua, C\u00e9sar Horacio Duarte Jacques, siga pr\u00f3fugo en territorio estadounidense. Tampoco desean ver que Mar\u00eda del Rosario Robles Berlanga deje de rendir cuentas de los millonarios desv\u00edos que se le imputan. Ni dejan de hablar del corrupto n\u00famero uno, Gerardo \u201cSocav\u00f3n\u201d Ruiz Esparza.<\/p>\n\n\n\n<p class=\"wp-block-paragraph\"><strong>Pregunta para meditar:<\/strong><\/p>\n\n\n\n<p class=\"wp-block-paragraph\">\u00bfEl Presidente Electo frenar\u00e1 los choques que se est\u00e1n registrando entre los morenistas muy cercaos a \u00e9l, por el control del poder y la supremac\u00eda en los mandos?<\/p>\n\n\n\n<p class=\"wp-block-paragraph\"><strong>J.L. Becerra, periodista singular<\/strong><\/p>\n\n\n\n<p class=\"wp-block-paragraph\">Referir mi comentario a la trayectoria de don Jos\u00e9 Luis Becerra L\u00f3pez, es relatar en pocas l\u00edneas la extraordinaria labor que ha hecho al paso de sus 87 a\u00f1os, cumplidos el pasado 2 del presente mes. Lo conoc\u00ed cuando se iniciaba en el oficio de reportero y fot\u00f3grafo de prensa (hoy reportero gr\u00e1fico) y cultivamos amistad e inclusive en un tramo de mi vida colabor\u00e9 en su Agencia Mexicana de Informaci\u00f3n, AMI, como director period\u00edstico. Jos\u00e9 Luis, adem\u00e1s de su entrega en el periodismo, tuvo la oportunidad de colaborar directamente con el gobernador tabasque\u00f1o Carlos A. Madrazo y con el presidente Jos\u00e9 L\u00f3pez Portillo. Galardonado tanto en M\u00e9xico como en el extranjero, adem\u00e1s de ser padrino de varias generaciones de periodistas. Un hombre, nacido en el D.F., a quien queremos y respetamos por su honestidad, su bonhom\u00eda y sobre todo porque siempre nos saluda sonriente. Amplia informaci\u00f3n sobre este personaje, la encuentra en el libro \u201cVerdaderos Maestros del Periodismo\u201d, editado por Mario A. Campa.<\/p>\n\n\n\n<p class=\"wp-block-paragraph\"><strong>El z\u00f3calo, sede de la cultura<\/strong><\/p>\n\n\n\n<p class=\"wp-block-paragraph\">Este domingo 21 terminar\u00e1 la XVIII Feria Internacional del Libro que se instal\u00f3 en nuestro lucidor Z\u00f3calo de la Ciudad de M\u00e9xico y fue coordinada toda la tarea por Eduardo V\u00e1zquez Mart\u00edn, el incansable secretario de Cultura, del gobierno capitalino. En forma especial se dedic\u00f3 un espacio para rendir homenaje a quienes intervinieron en el Movimiento Estudiantil de 1968, parteaguas en la vida de los mexicanos, con particularidad en la cultura. Se abrieron los cauces para el ejercicio democr\u00e1tico. M\u00e1s trescientos expositores presentaron t\u00edtulos de obras de todos los tiempos. Buena realizaci\u00f3n del evento y un paso m\u00e1s para impulsar, entre los ni\u00f1os y j\u00f3venes, el h\u00e1bito de la lectura. Saludos a Rub\u00e9n Essaud Ocampo.<\/p>\n\n\n\n<p class=\"wp-block-paragraph\"><strong>Calles y C\u00e1rdenas est\u00e1n juntos<\/strong><\/p>\n\n\n\n<p class=\"wp-block-paragraph\">Dos personajes de nuestra Historia Patria hicieron una carrera militar tan paralela como su desempe\u00f1o en la pol\u00edtica. Los dos fueron Presidentes de M\u00e9xico. Uno fue v\u00edctima del despotismo y la prepotencia de quien lo llev\u00f3 a la Primera Magistratura, despu\u00e9s al que \u00e9l promovi\u00f3 para ese mismo importante cargo, lo expuls\u00f3 del pa\u00eds. \u00a1Acert\u00f3 Usted! Me refiero a los generales \u00c1lvaro Obreg\u00f3n, Plutarco El\u00edas Calles y L\u00e1zaro C\u00e1rdenas del R\u00edo. El sonorense y el michoacano fueron irreconciliables, pero, \u00bfqu\u00e9 cree?, C\u00e1rdenas y Calles est\u00e1n juntos. Bueno, los polvos de sus restos est\u00e1n en urnas depositadas en las columnas del simb\u00f3lico Monumento a la Revoluci\u00f3n, en la Ciudad de M\u00e9xico. Ambos murieron un 19 de octubre, el de Guaymas en 1945 y el de Jiquilpan en 1970. La muerte los uni\u00f3.<\/p>\n\n\n\n<p class=\"wp-block-paragraph\"><strong>La \u201cLey Compadre\u201d de Tabasco<\/strong><\/p>\n\n\n\n<p class=\"wp-block-paragraph\">La aprobaci\u00f3n que hicieron los diputados locales de Morena, en&nbsp; Tabasco, de las reformas a la Ley de Obras P\u00fablicas, para que realicen edificaciones sin cubrir tr\u00e1mites legales y reglamentarios, fue calificada por Juan Pardinas, director general del Instituto Mexicano para la Productividad, como \u201cLa Ley Compadre\u201d que facilitar\u00e1 la corrupci\u00f3n al abrir las puertas a los mejores postores para ejecutar obras como la proyectada Refiner\u00eda a que ha hecho insistentes referencias el Presidente Electo. Seg\u00fan el triunfador gobernador morenista Ad\u00e1n Augusto L\u00f3pez Hern\u00e1ndez el asunto es que haya \u201clicitaciones abreviadas\u201d, porque servir\u00e1n \u201cpara agilizar las obras de impacto nacional\u201d. Todo parece indicar que los tabasque\u00f1os est\u00e1n en el terreno contrario al de su paisano, el Presidente Electo, porque medidas de esa naturaleza como que no encajan en la Cuarta Transformaci\u00f3n.<\/p>\n\n\n\n<p class=\"wp-block-paragraph\">P.D. Me resulta incre\u00edble, pero es cierto. Ninguna autoridad federal, estatal o municipal, record\u00f3 que el 10 de octubre de 1824 asumi\u00f3 el cargo de primer Presidente de los Estados Unidos Mexicanos el general insurgente Guadalupe Victoria. Es m\u00e1s, la fecha no figura en los calendarios c\u00edvicos. Menos se sabe que el personaje en realidad se llam\u00f3 Jos\u00e9 Miguel Ram\u00f3n Adaucto Fern\u00e1ndez y F\u00e9lix, nacido en Tamazula, Nueva Vizcaya, hoy Durango&#8230;La Era C\u00f3smica cumpli\u00f3 61 a\u00f1os de su iniciaci\u00f3n. Los rusos pusieron en el espacio un Sputnik (Sat\u00e9lite, en espa\u00f1ol) la noche del 4 de octubre de 1957, el 3 de noviembre del mismo a\u00f1o lanzaron otro cohete, en el que iba la perrita Laika y el 12 de octubre de 1964 enviaron el primer cohete tripulado por los cosmonautas Boris Yeg\u00f3rov, Vladimir Komarov y Konstantin Feoktistov. En esa fecha, pero de 1492, Crist\u00f3bal Col\u00f3n con sus tres carabelas descubri\u00f3 el continente que conocemos con el nombre de Am\u00e9rica.<\/p>\n\n\n\n<p class=\"wp-block-paragraph\">jherrerav@live.com.mx<\/p>\n","protected":false},"excerpt":{"rendered":"<p>Estamos viviendo entre la confusi\u00f3n y la incertidumbre \u2022 El bipresidencialismo mexicano LA OPINI\u00d3N Jorge Herrera Valenzuela SemM\u00e9xico, 22 octubre 2018.- Desde la noche del domingo 1 de julio de este a\u00f1o, la poblaci\u00f3n mexicana es testigo del bipresidencialismo que estamos viviendo. El que terminar\u00e1 su sexenio el 30 de noviembre, no repar\u00f3 en entregar [&hellip;]<\/p>\n","protected":false},"author":3,"featured_media":6773,"comment_status":"open","ping_status":"open","sticky":false,"template":"","format":"standard","meta":{"_monsterinsights_skip_tracking":false,"footnotes":""},"categories":[689,82],"tags":[],"class_list":["post-6772","post","type-post","status-publish","format-standard","has-post-thumbnail","category-689","category-la-opinion"],"_links":{"self":[{"href":"https:\/\/redsemlac.com\/semmexico\/wp-json\/wp\/v2\/posts\/6772","targetHints":{"allow":["GET"]}}],"collection":[{"href":"https:\/\/redsemlac.com\/semmexico\/wp-json\/wp\/v2\/posts"}],"about":[{"href":"https:\/\/redsemlac.com\/semmexico\/wp-json\/wp\/v2\/types\/post"}],"author":[{"embeddable":true,"href":"https:\/\/redsemlac.com\/semmexico\/wp-json\/wp\/v2\/users\/3"}],"replies":[{"embeddable":true,"href":"https:\/\/redsemlac.com\/semmexico\/wp-json\/wp\/v2\/comments?post=6772"}],"version-history":[{"count":0,"href":"https:\/\/redsemlac.com\/semmexico\/wp-json\/wp\/v2\/posts\/6772\/revisions"}],"wp:featuredmedia":[{"embeddable":true,"href":"https:\/\/redsemlac.com\/semmexico\/wp-json\/wp\/v2\/media\/6773"}],"wp:attachment":[{"href":"https:\/\/redsemlac.com\/semmexico\/wp-json\/wp\/v2\/media?parent=6772"}],"wp:term":[{"taxonomy":"category","embeddable":true,"href":"https:\/\/redsemlac.com\/semmexico\/wp-json\/wp\/v2\/categories?post=6772"},{"taxonomy":"post_tag","embeddable":true,"href":"https:\/\/redsemlac.com\/semmexico\/wp-json\/wp\/v2\/tags?post=6772"}],"curies":[{"name":"wp","href":"https:\/\/api.w.org\/{rel}","templated":true}]}}