{"id":67531,"date":"2023-06-05T11:17:40","date_gmt":"2023-06-05T16:17:40","guid":{"rendered":"https:\/\/redsemlac.com\/semmexico\/?p=67531"},"modified":"2023-06-05T11:17:41","modified_gmt":"2023-06-05T16:17:41","slug":"por-que-hablamos-como-mexicanos-curso-del-colegio-nacional-con-linguistas","status":"publish","type":"post","link":"https:\/\/redsemlac.com\/semmexico\/por-que-hablamos-como-mexicanos-curso-del-colegio-nacional-con-linguistas\/","title":{"rendered":"\u00bfPor qu\u00e9 hablamos como mexicanos? Curso del Colegio Nacional con ling\u00fcistas"},"content":{"rendered":"\n<ul class=\"wp-block-list\">\n<li><strong>Ciclo de conferencias: <em>\u201cLengua, espacios y vida cotidiana en M\u00e9xico\u201d <\/em>del 7 de junio al 2 de agosto<\/strong>.<\/li>\n\n\n\n<li><strong>Se impartir\u00e1 en el Aula Mayor del Colegio Nacional en Donceles 104 en el Centro Hist\u00f3rico de la CDMX, la entrada es gratuita. <\/strong><strong>&nbsp;<\/strong><\/li>\n<\/ul>\n\n\n\n<p class=\"wp-block-paragraph\"><strong>Micaela M\u00e1rquez<\/strong><\/p>\n\n\n\n<p class=\"wp-block-paragraph\">SemM\u00e9xico, Ciudad de M\u00e9xico, 5 de junio del 2023.- Para reflexionar de qu\u00e9 manera los espacios y la vida cotidiana influyen en la lengua desde la influencia de los lugares en la vida novohispana, hasta el impacto de la tecnolog\u00eda en la comunicaci\u00f3n, el Colegio Nacional presenta el ciclo de conferencias \u201cLengua, espacios y vida cotidiana en M\u00e9xico\u201d del 7 de junio al 2 de agosto.<\/p>\n\n\n\n<p class=\"wp-block-paragraph\">El curso es coordinado por la ling\u00fcista Concepci\u00f3n Company&nbsp;Company, miembro del Colegio Nacional quien presentara a especialistas en ling\u00fc\u00edstica y estudios culturales como Flor Trejo Rivera, Antonio Rubial Garc\u00eda, Jorge Guti\u00e9rrez Reyna y Marina Garone Gravier.&nbsp;<\/p>\n\n\n\n<figure class=\"wp-block-gallery has-nested-images columns-default is-cropped wp-block-gallery-1 is-layout-flex wp-block-gallery-is-layout-flex\">\n<figure class=\"wp-block-image size-large\"><a href=\"https:\/\/redsemlac.com\/semmexico\/wp-content\/uploads\/2023\/06\/Imagen3-1.jpg\"><img loading=\"lazy\" decoding=\"async\" width=\"537\" height=\"806\" data-id=\"67533\" src=\"https:\/\/redsemlac.com\/semmexico\/wp-content\/uploads\/2023\/06\/Imagen3-1.jpg\" alt=\"\" class=\"wp-image-67533\"\/><\/a><\/figure>\n\n\n\n<figure class=\"wp-block-image size-large\"><a href=\"https:\/\/redsemlac.com\/semmexico\/wp-content\/uploads\/2023\/06\/Imagen4-1.jpg\"><img loading=\"lazy\" decoding=\"async\" width=\"589\" height=\"699\" data-id=\"67534\" src=\"https:\/\/redsemlac.com\/semmexico\/wp-content\/uploads\/2023\/06\/Imagen4-1.jpg\" alt=\"\" class=\"wp-image-67534\"\/><\/a><\/figure>\n\n\n\n<figure class=\"wp-block-image size-large\"><a href=\"https:\/\/redsemlac.com\/semmexico\/wp-content\/uploads\/2023\/06\/Imagen5-1.jpg\"><img loading=\"lazy\" decoding=\"async\" width=\"537\" height=\"806\" data-id=\"67535\" src=\"https:\/\/redsemlac.com\/semmexico\/wp-content\/uploads\/2023\/06\/Imagen5-1.jpg\" alt=\"\" class=\"wp-image-67535\"\/><\/a><\/figure>\n<\/figure>\n\n\n\n<p class=\"wp-block-paragraph\">El ciclo inicia con \u201cMet\u00e1foras del espacio: La vida como camino\u201d por Concepci\u00f3n Company Company en el que analizara las comparaciones po\u00e9ticas que forman parte de nuestro imaginario colectivo.<\/p>\n\n\n\n<p class=\"wp-block-paragraph\">En el refiere que \u201cen nuestra vida cotidiana, asumimos frecuentemente que la vida es un camino. A veces nos imaginamos que es un trayecto que recorremos de ida y vuelta de manera constante, y empleamos expresiones como&nbsp;<em>arrieros somos y en el camino andamos<\/em>&nbsp;para transmitir la inevitabilidad de ciertos encuentros.&nbsp;Utilizamos la frase <em>a tiro de piedra<\/em> para expresar cercan\u00eda, y cuando queremos referirnos a la lejan\u00eda, nada mejor que decir que ah\u00ed <em>se da vuelta el aire<\/em>. Uno puede desplazarse por la vida <em>volando bajo<\/em>, <em>cacheteando las banquetas<\/em> e incluso,&nbsp;en un arrebato,&nbsp;<em>irse a Chihuahua a un baile<\/em>. Y en ocasiones, cuando nuestro andar se ve interrumpido, nos encontramos <em>chiflando en la loma<\/em>. En resumen, sabemos que <em>no importa llegar primero, sino saber c\u00f3mo llegar<\/em>\u201d.&nbsp;<\/p>\n\n\n\n<p class=\"wp-block-paragraph\"><br>El curso se impartir\u00e1 en el Aula Mayor del Colegio Nacional en Donceles 104 en el Centro Hist\u00f3rico de la CDMX, la entrada es gratuita.<\/p>\n\n\n\n<h2 class=\"wp-block-heading\"><strong>El programa<\/strong>&nbsp;<\/h2>\n\n\n\n<p class=\"has-medium-font-size wp-block-paragraph\"><strong>Junio<\/strong>&nbsp;<\/p>\n\n\n\n<p class=\"wp-block-paragraph\">Mi\u00e9rcoles 7&nbsp;&nbsp;&nbsp;&nbsp;&nbsp; Met\u00e1foras del espacio. La vida como camino&nbsp;<\/p>\n\n\n\n<p class=\"wp-block-paragraph\">&nbsp;&nbsp;&nbsp;&nbsp;&nbsp;&nbsp;&nbsp;&nbsp;&nbsp;&nbsp;&nbsp;&nbsp; Concepci\u00f3n Company&nbsp;Company&nbsp;(El Colegio Nacional)&nbsp;&nbsp;<\/p>\n\n\n\n<p class=\"wp-block-paragraph\">Mi\u00e9rcoles 14 &nbsp;&nbsp;&nbsp;Los nuevos espacios americanos&nbsp;&nbsp;<\/p>\n\n\n\n<p class=\"wp-block-paragraph\">&nbsp;&nbsp;&nbsp;&nbsp;&nbsp;&nbsp;&nbsp;&nbsp;&nbsp;&nbsp;&nbsp;&nbsp; Concepci\u00f3n Company&nbsp;Company&nbsp;(El Colegio Nacional)&nbsp;<\/p>\n\n\n\n<p class=\"wp-block-paragraph\">Mi\u00e9rcoles 21&nbsp;&nbsp;&nbsp; La vida en los barcos. La herencia del mar en la lengua&nbsp;&nbsp;<\/p>\n\n\n\n<p class=\"wp-block-paragraph\">&nbsp;&nbsp;&nbsp;&nbsp;&nbsp; &nbsp;&nbsp;&nbsp;&nbsp;&nbsp;&nbsp;&nbsp;Flor Trejo Rivera (Instituto Nacional de Antropolog\u00eda e Historia)&nbsp;<\/p>\n\n\n\n<p class=\"wp-block-paragraph\">Mi\u00e9rcoles 28 &nbsp;&nbsp;&nbsp;Los m\u00faltiples espacios de la vida novohispana&nbsp;<\/p>\n\n\n\n<p class=\"wp-block-paragraph\">&nbsp;&nbsp;&nbsp;&nbsp;&nbsp;&nbsp;&nbsp;&nbsp;&nbsp;&nbsp;&nbsp;&nbsp;&nbsp;&nbsp;&nbsp;&nbsp;&nbsp;&nbsp;&nbsp;&nbsp;&nbsp;&nbsp;&nbsp; Antonio Rubial Garc\u00eda (Universidad Nacional Aut\u00f3noma de M\u00e9xico)&nbsp;<\/p>\n\n\n\n<p class=\"has-medium-font-size wp-block-paragraph\"><strong>Julio<\/strong>&nbsp;<\/p>\n\n\n\n<p class=\"wp-block-paragraph\">Mi\u00e9rcoles 5 &nbsp;&nbsp;&nbsp;&nbsp;&nbsp;Los espacios del juego acad\u00e9mico novohispano&nbsp;<\/p>\n\n\n\n<p class=\"wp-block-paragraph\">&nbsp;&nbsp;&nbsp;&nbsp;&nbsp;&nbsp;&nbsp;&nbsp;&nbsp;&nbsp;&nbsp; Jorge Guti\u00e9rrez Reyna (Universidad Nacional Aut\u00f3noma de M\u00e9xico)&nbsp;&nbsp;<\/p>\n\n\n\n<p class=\"wp-block-paragraph\">Mi\u00e9rcoles 12 &nbsp;&nbsp;Espacios de elaboraci\u00f3n textual novohispanos. La imprenta&nbsp;&nbsp;<\/p>\n\n\n\n<p class=\"wp-block-paragraph\">&nbsp;&nbsp;&nbsp;&nbsp;&nbsp;&nbsp;&nbsp;&nbsp;&nbsp;&nbsp;&nbsp; Marina&nbsp;Garone&nbsp;Gravier&nbsp;(Universidad Nacional Aut\u00f3noma de M\u00e9xico)&nbsp;<\/p>\n\n\n\n<p class=\"wp-block-paragraph\">Mi\u00e9rcoles 19 &nbsp;&nbsp;El espacio gramatical novohispano. El siglo&nbsp;xviii&nbsp;<\/p>\n\n\n\n<p class=\"wp-block-paragraph\">&nbsp;&nbsp;&nbsp;&nbsp;&nbsp;&nbsp;&nbsp;&nbsp;&nbsp;&nbsp;&nbsp; Concepci\u00f3n Company&nbsp;Company&nbsp;(El Colegio Nacional)&nbsp;<\/p>\n\n\n\n<p class=\"wp-block-paragraph\">Mi\u00e9rcoles 26 &nbsp;&nbsp;\u00bfPor qu\u00e9 hablamos como mexicanos? El espacio gramatical de hoy&nbsp;<\/p>\n\n\n\n<p class=\"wp-block-paragraph\">&nbsp;&nbsp;&nbsp;&nbsp;&nbsp;&nbsp;&nbsp;&nbsp;&nbsp;&nbsp;&nbsp; Concepci\u00f3n Company&nbsp;Company&nbsp;(El Colegio Nacional)&nbsp;<\/p>\n\n\n\n<p class=\"has-medium-font-size wp-block-paragraph\"><strong>Agosto&nbsp;<\/strong>&nbsp;<\/p>\n\n\n\n<p class=\"wp-block-paragraph\">Mi\u00e9rcoles 2 &nbsp;&nbsp;&nbsp;&nbsp;El espacio inform\u00e1tico de la historia de la lengua. La infraestructura&nbsp;<\/p>\n\n\n\n<p class=\"wp-block-paragraph\">&nbsp;&nbsp;&nbsp;&nbsp;&nbsp;&nbsp;&nbsp;&nbsp;&nbsp;&nbsp;&nbsp; Concepci\u00f3n Company&nbsp;Company&nbsp;(El Colegio Nacional)&nbsp;<\/p>\n\n\n\n<p class=\"wp-block-paragraph\">SEM\/MG<\/p>\n","protected":false},"excerpt":{"rendered":"<p>Ciclo de conferencias: \u201cLengua, espacios y vida cotidiana en M\u00e9xico\u201d del 7 de junio al 2 de agosto.<\/p>\n","protected":false},"author":3,"featured_media":67532,"comment_status":"open","ping_status":"open","sticky":false,"template":"","format":"standard","meta":{"_monsterinsights_skip_tracking":false,"footnotes":""},"categories":[51],"tags":[],"class_list":["post-67531","post","type-post","status-publish","format-standard","has-post-thumbnail","category-ejecutivo"],"_links":{"self":[{"href":"https:\/\/redsemlac.com\/semmexico\/wp-json\/wp\/v2\/posts\/67531","targetHints":{"allow":["GET"]}}],"collection":[{"href":"https:\/\/redsemlac.com\/semmexico\/wp-json\/wp\/v2\/posts"}],"about":[{"href":"https:\/\/redsemlac.com\/semmexico\/wp-json\/wp\/v2\/types\/post"}],"author":[{"embeddable":true,"href":"https:\/\/redsemlac.com\/semmexico\/wp-json\/wp\/v2\/users\/3"}],"replies":[{"embeddable":true,"href":"https:\/\/redsemlac.com\/semmexico\/wp-json\/wp\/v2\/comments?post=67531"}],"version-history":[{"count":0,"href":"https:\/\/redsemlac.com\/semmexico\/wp-json\/wp\/v2\/posts\/67531\/revisions"}],"wp:featuredmedia":[{"embeddable":true,"href":"https:\/\/redsemlac.com\/semmexico\/wp-json\/wp\/v2\/media\/67532"}],"wp:attachment":[{"href":"https:\/\/redsemlac.com\/semmexico\/wp-json\/wp\/v2\/media?parent=67531"}],"wp:term":[{"taxonomy":"category","embeddable":true,"href":"https:\/\/redsemlac.com\/semmexico\/wp-json\/wp\/v2\/categories?post=67531"},{"taxonomy":"post_tag","embeddable":true,"href":"https:\/\/redsemlac.com\/semmexico\/wp-json\/wp\/v2\/tags?post=67531"}],"curies":[{"name":"wp","href":"https:\/\/api.w.org\/{rel}","templated":true}]}}