{"id":67299,"date":"2023-05-29T19:23:13","date_gmt":"2023-05-30T00:23:13","guid":{"rendered":"https:\/\/redsemlac.com\/semmexico\/?p=67299"},"modified":"2023-05-29T19:23:14","modified_gmt":"2023-05-30T00:23:14","slug":"impulsar-la-independencia-economica-de-las-mujeres-el-llamado-de-xochitl-galvez-ruiz","status":"publish","type":"post","link":"https:\/\/redsemlac.com\/semmexico\/impulsar-la-independencia-economica-de-las-mujeres-el-llamado-de-xochitl-galvez-ruiz\/","title":{"rendered":"Impulsar la independencia econ\u00f3mica de las mujeres el llamado de X\u00f3chitl G\u00e1lvez Ru\u00edz"},"content":{"rendered":"\n<ul class=\"wp-block-list\">\n<li><strong>La presidenta de la Comisi\u00f3n de Asuntos Ind\u00edgenas, dijo que una mujer empoderada dif\u00edcilmente ser\u00e1 v\u00edctima de violencia por lo que inst\u00f3 a las mujeres a adquirir conocimientos.<\/strong><strong><\/strong><\/li>\n<\/ul>\n\n\n\n<p class=\"wp-block-paragraph\"><strong>Micaela M\u00e1rquez<\/strong><\/p>\n\n\n\n<p class=\"wp-block-paragraph\">SemM\u00e9xico, Ciudad de M\u00e9xico, 29 de mayo del 2023.- A comprometerse a impulsar la independencia econ\u00f3mica de las mujeres fue el llamado de la senadora panista X\u00f3chitl G\u00e1lvez, en el Foro \u201cMujeres en la Econom\u00eda\u201d, realizado hoy en el Senado de la Rep\u00fablica que reuni\u00f3 a legisladoras, empresarias e integrantes de organizaciones de la sociedad civil. &nbsp;&nbsp;&nbsp;<\/p>\n\n\n\n<p class=\"wp-block-paragraph\">La presidenta de la Comisi\u00f3n de Asuntos Ind\u00edgenas, dijo que una mujer empoderada dif\u00edcilmente ser\u00e1 v\u00edctima de violencia por lo que inst\u00f3 a las mujeres a adquirir conocimientos, a prepararse y tener informaci\u00f3n que les permita obtener mejores ingresos.<\/p>\n\n\n\n<p class=\"wp-block-paragraph\">Consider\u00f3 que es necesario apoyar a las mujeres ind\u00edgenas y a las mujeres del campo pues ellas necesitan empoderarse porque en las zonas marginadas sufren m\u00e1s violencia.&nbsp;&nbsp;<\/p>\n\n\n\n<p class=\"wp-block-paragraph\">Record\u00f3 que una de sus primeras iniciativas fue la propuesta de reformar la Ley del Seguro Social para afiliar a las trabajadoras del hogar, la cual fue aprobada por el Congreso y publicada en el Diario Oficial de la Federaci\u00f3n (DOF) el 16 de noviembre del 2022 con el objetivo de garantizarles el acceso a la seguridad social.<\/p>\n\n\n\n<p class=\"wp-block-paragraph\">Anunci\u00f3 que en pr\u00f3ximos d\u00edas el IMSS definir\u00e1 la forma como se formalizara la inscripci\u00f3n de las trabajadoras del hogar que ya es obligatoria, porque actualmente s\u00f3lo se hace de manera voluntaria.<\/p>\n\n\n\n<p class=\"wp-block-paragraph\">Karla Mart\u00ednez de Salas, directora editorial de Vogue M\u00e9xico y Latinoam\u00e9rica, igualmente destac\u00f3 la importancia de que las mujeres se preparen para alcanzar su independencia econ\u00f3mica y social. Detall\u00f3 su experiencia para abrirse camino en Estados Unidos a pesar de ser hija de madre y padre mexicanos. Por lo que desde su \u00e1mbito ha tratado de cambiar los estereotipos de las mujeres para que sean modelos para las mujeres mexicanas latinoamericanas.&nbsp;<\/p>\n\n\n\n<p class=\"wp-block-paragraph\">Desde su puesto como directora editorial, ha decidido hablar de diversidad y de la belleza de la regi\u00f3n. En 2019 hicieron portadas que salieron de los esquemas, como la que tuvieron con&nbsp;<strong>Yalitza Aparicio<\/strong><strong>.<\/strong>&nbsp;<\/p>\n\n\n\n<p class=\"wp-block-paragraph\">Daniela Zamudio y Sofia L\u00f3pez Navarro tambi\u00e9n con experiencia en la industria de la moda, dieron a conocer sus experiencias en un mundo corporativo donde existen muchas barreras para las mujeres.<\/p>\n\n\n\n<p class=\"wp-block-paragraph\">SEM\/MG<\/p>\n","protected":false},"excerpt":{"rendered":"<p>La presidenta de la Comisi\u00f3n de Asuntos Ind\u00edgenas, dijo que una mujer empoderada dif\u00edcilmente ser\u00e1 v\u00edctima de violencia por lo que inst\u00f3 a las mujeres a adquirir conocimientos.<\/p>\n","protected":false},"author":3,"featured_media":67300,"comment_status":"open","ping_status":"open","sticky":false,"template":"","format":"standard","meta":{"_monsterinsights_skip_tracking":false,"footnotes":""},"categories":[50],"tags":[],"class_list":["post-67299","post","type-post","status-publish","format-standard","has-post-thumbnail","category-congreso"],"_links":{"self":[{"href":"https:\/\/redsemlac.com\/semmexico\/wp-json\/wp\/v2\/posts\/67299","targetHints":{"allow":["GET"]}}],"collection":[{"href":"https:\/\/redsemlac.com\/semmexico\/wp-json\/wp\/v2\/posts"}],"about":[{"href":"https:\/\/redsemlac.com\/semmexico\/wp-json\/wp\/v2\/types\/post"}],"author":[{"embeddable":true,"href":"https:\/\/redsemlac.com\/semmexico\/wp-json\/wp\/v2\/users\/3"}],"replies":[{"embeddable":true,"href":"https:\/\/redsemlac.com\/semmexico\/wp-json\/wp\/v2\/comments?post=67299"}],"version-history":[{"count":0,"href":"https:\/\/redsemlac.com\/semmexico\/wp-json\/wp\/v2\/posts\/67299\/revisions"}],"wp:featuredmedia":[{"embeddable":true,"href":"https:\/\/redsemlac.com\/semmexico\/wp-json\/wp\/v2\/media\/67300"}],"wp:attachment":[{"href":"https:\/\/redsemlac.com\/semmexico\/wp-json\/wp\/v2\/media?parent=67299"}],"wp:term":[{"taxonomy":"category","embeddable":true,"href":"https:\/\/redsemlac.com\/semmexico\/wp-json\/wp\/v2\/categories?post=67299"},{"taxonomy":"post_tag","embeddable":true,"href":"https:\/\/redsemlac.com\/semmexico\/wp-json\/wp\/v2\/tags?post=67299"}],"curies":[{"name":"wp","href":"https:\/\/api.w.org\/{rel}","templated":true}]}}