{"id":67291,"date":"2023-05-29T18:51:05","date_gmt":"2023-05-29T23:51:05","guid":{"rendered":"https:\/\/redsemlac.com\/semmexico\/?p=67291"},"modified":"2023-05-29T18:51:06","modified_gmt":"2023-05-29T23:51:06","slug":"opinion-alejandra-del-moral","status":"publish","type":"post","link":"https:\/\/redsemlac.com\/semmexico\/opinion-alejandra-del-moral\/","title":{"rendered":"Opini\u00f3n| Alejandra Del Moral"},"content":{"rendered":"\n<p class=\"wp-block-paragraph\"><strong>Ang\u00e9lica De La Pe\u00f1a*<\/strong><\/p>\n\n\n\n<p class=\"wp-block-paragraph\">SemM\u00e9xico, Ciudad de M\u00e9xico, 29 de mayo del 2023.- Alejandra del Moral compite para ser la primera gobernadora del Estado de M\u00e9xico, la entidad m\u00e1s poblada del pa\u00eds; sus municipios con mayor poblaci\u00f3n urbana conforman junto con la Ciudad de M\u00e9xico, la gran metr\u00f3poli de M\u00e9xico; no se exagera que su triunfo influir\u00e1 positivamente hacia la elecci\u00f3n de junio del 2024, motivar\u00e1 el: \u201c\u00a1s\u00ed se puede!\u201d. Y estamos a unos d\u00edas de concretar su haza\u00f1a.<\/p>\n\n\n\n<p class=\"wp-block-paragraph\">Hay que decirlo puntual, Ale ha sido una candidata enjundiosa; entr\u00f3 en la campa\u00f1a enfrentando encuestas que le pon\u00edan debajo de la candidata del Presidente. Y su crecimiento constante hacia el pr\u00f3ximo domingo 4 de junio ha sido un buen ejemplo de lo que debe hacerse: una candidata que se re\u00fane, oye y propone, tiene una agenda pol\u00edtica y social progresista para las mujeres, y las y los j\u00f3venes la ven echada para adelante; fue subiendo semana tras semana y hoy es muy posible sea la pr\u00f3xima Gobernadora principalmente por el voto de la poblaci\u00f3n de mujeres mexiquense. Alejandra ha concitado las simpat\u00edas de las ONGs, no solo de la militancia de los partidos de la Alianza.<\/p>\n\n\n\n<p class=\"wp-block-paragraph\">Superar a Morena y su nefasta candidata, se logr\u00f3 enviando mensajes con respuestas de soluci\u00f3n a los grandes problemas del Estado de Mexico. Esta ha sido la correcta estrategia pol\u00edtica, electoral y unitaria.<\/p>\n\n\n\n<p class=\"wp-block-paragraph\">Los partidos de la Alianza Va por M\u00e9xico PAN, PRI y PRD comprobar\u00e1n el pr\u00f3ximo domingo una vez m\u00e1s la pertinencia de ir juntos para vencer a Morena. Nada en pol\u00edtica se da a partir de la buena suerte, ni invocando rezos y plegarias; hay que ponerle mucha decisi\u00f3n fundada en razonamientos l\u00f3gicos.<\/p>\n\n\n\n<p class=\"wp-block-paragraph\">Cuando se decidi\u00f3 la candidatura de Alejandra se fue construyendo la unidad de acci\u00f3n de los partidos de la Alianza, de la movilizaci\u00f3n en territorio de las brigadas de promoci\u00f3n del voto y compromisos con los diversos grupos sociales. El m\u00e9rito de su personalidad y temperamento, poco a poco la mostr\u00f3 competitiva y se acortando la distancia con su competidora de Morena, quien por donde se le vea, ser\u00eda un desastre que las y los habitantes del Edomex tengan en el despacho del gobierno a quien durante su gesti\u00f3n como presidenta de Texcoco fue denunciada por descontar diezmos a sus empleados\/empleadas y estos recursos fueron a dar a las arcas de Morena, como ella misma reconoci\u00f3 en el primer debate frente al reclamo que Alejandra le cuestion\u00f3.<\/p>\n\n\n\n<p class=\"wp-block-paragraph\">Es una pena que el TEPJF no haya ido a fondo para sancionar con mayor rigor a los mafiosos que son los que en realidad dirigen a Delfina como si fuese una t\u00edtere. No podemos olvidar que quienes junto con la hoy candidata de Morena, son en realidad un ambicioso grupo de poder pol\u00edtico; junto con ella, son los autores de la retenci\u00f3n arbitraria, indecente e ilegal de una parte de los salarios de trabajadores\/as del municipio de Texcoco. Es una pena que como mujer, no aprecie la importancia de ser buen ejemplo en la gobernanza, sobre todo cuando hemos trabajado para que las mujeres sean tomadas en cuenta como es nuestro derecho. Por esto y otras corruptelas que se le se\u00f1alan por su paso por la Secretar\u00eda de Educaci\u00f3n P\u00fablica, Delfina no es apta para gobernar el Edomex.<\/p>\n\n\n\n<p class=\"wp-block-paragraph\">De ah\u00ed el contraste con quien fue la presidenta municipal de Cuautitl\u00e1n Izcalli, entonces la m\u00e1s joven del pa\u00eds. La experiencia de la candidata aliancista en el servicio p\u00fablico es incuestionable, pero lo determinante es su convicci\u00f3n de hacer que las cosas sucedan, que los problemas se resuelvan. Hay que votar por Alejandra.<\/p>\n\n\n\n<p class=\"has-small-font-size wp-block-paragraph\">*Dirigente del PRD. Texto original publicado en El Sol de M\u00e9xico. Y reproducido con autorizaci\u00f3n de la autora. @angelicadelap<\/p>\n","protected":false},"excerpt":{"rendered":"<p>Alejandra del Moral compite para ser la primera gobernadora del Estado de M\u00e9xico, la entidad m\u00e1s poblada del pa\u00eds; sus municipios con mayor poblaci\u00f3n urbana conforman junto con la Ciudad de M\u00e9xico<\/p>\n","protected":false},"author":3,"featured_media":54829,"comment_status":"open","ping_status":"open","sticky":false,"template":"","format":"standard","meta":{"_monsterinsights_skip_tracking":false,"footnotes":""},"categories":[82,110,35],"tags":[],"class_list":["post-67291","post","type-post","status-publish","format-standard","has-post-thumbnail","category-la-opinion","category-la-opinion-columnas","category-opinion"],"_links":{"self":[{"href":"https:\/\/redsemlac.com\/semmexico\/wp-json\/wp\/v2\/posts\/67291","targetHints":{"allow":["GET"]}}],"collection":[{"href":"https:\/\/redsemlac.com\/semmexico\/wp-json\/wp\/v2\/posts"}],"about":[{"href":"https:\/\/redsemlac.com\/semmexico\/wp-json\/wp\/v2\/types\/post"}],"author":[{"embeddable":true,"href":"https:\/\/redsemlac.com\/semmexico\/wp-json\/wp\/v2\/users\/3"}],"replies":[{"embeddable":true,"href":"https:\/\/redsemlac.com\/semmexico\/wp-json\/wp\/v2\/comments?post=67291"}],"version-history":[{"count":0,"href":"https:\/\/redsemlac.com\/semmexico\/wp-json\/wp\/v2\/posts\/67291\/revisions"}],"wp:featuredmedia":[{"embeddable":true,"href":"https:\/\/redsemlac.com\/semmexico\/wp-json\/wp\/v2\/media\/54829"}],"wp:attachment":[{"href":"https:\/\/redsemlac.com\/semmexico\/wp-json\/wp\/v2\/media?parent=67291"}],"wp:term":[{"taxonomy":"category","embeddable":true,"href":"https:\/\/redsemlac.com\/semmexico\/wp-json\/wp\/v2\/categories?post=67291"},{"taxonomy":"post_tag","embeddable":true,"href":"https:\/\/redsemlac.com\/semmexico\/wp-json\/wp\/v2\/tags?post=67291"}],"curies":[{"name":"wp","href":"https:\/\/api.w.org\/{rel}","templated":true}]}}