{"id":67285,"date":"2023-05-29T18:19:29","date_gmt":"2023-05-29T23:19:29","guid":{"rendered":"https:\/\/redsemlac.com\/semmexico\/?p=67285"},"modified":"2023-05-29T18:19:29","modified_gmt":"2023-05-29T23:19:29","slug":"en-mexico-las-mujeres-representan-el-6-2-de-fumadoras-frente-al-19-9-de-los-hombres","status":"publish","type":"post","link":"https:\/\/redsemlac.com\/semmexico\/en-mexico-las-mujeres-representan-el-6-2-de-fumadoras-frente-al-19-9-de-los-hombres\/","title":{"rendered":"En M\u00e9xico las mujeres representan el 6.2 % de fumadoras frente al 19.9 de los hombres"},"content":{"rendered":"\n<ul class=\"wp-block-list\">\n<li><strong>La OMS pide a los gobiernos subvencionar la producci\u00f3n de alimentos y no los cultivos de tabaco.<\/strong><\/li>\n<\/ul>\n\n\n\n<p class=\"wp-block-paragraph\"><strong>Redacci\u00f3n<\/strong><\/p>\n\n\n\n<p class=\"wp-block-paragraph\">SemM\u00e9xico\/IPS, Ciudad de M\u00e9xico, 29 de mayo del 2023.- La Organizaci\u00f3n Mundial de la Salud (OMS) ha llamado a los gobiernos para que dejen de subvencionar los cultivos de tabaco, para sustituirlos por alimentos y as\u00ed hacer frente a la inseguridad alimentaria, en una declaraci\u00f3n con motivo de la celebraci\u00f3n del 31 de mayo, D\u00eda Mundial sin Tabaco.<\/p>\n\n\n\n<p class=\"wp-block-paragraph\">A nivel regional, M\u00e9xico se ubica como el sexto pa\u00eds con m\u00e1s fumadores adultos, ello a pesar de ser uno de las naciones en donde m\u00e1s se han aumentado los impuestos al tabaco en el continente americano, se\u00f1ala el nuevo Informe sobre el Control del Tabaco en la Regi\u00f3n de las Am\u00e9ricas 2022, de la Organizaci\u00f3n Panamericana de la Salud (OPS).<\/p>\n\n\n\n<p class=\"wp-block-paragraph\">Y aunque&nbsp; son los hombres mexicanos adultos los que m\u00e1s consumen tabaco, con un 19.9 %, la prevalencia entre las mujeres es de 6.2 %. Y se advierte que M\u00e9xico ocupa el tercer sitio con el mayor n\u00famero de j\u00f3venes consumidores de cigarro, con un 19.8 % de prevalencia.<\/p>\n\n\n\n<p class=\"wp-block-paragraph\">Con un 13.1 % del consumo de tabaco entre adultos, en M\u00e9xico superan en fumadores a pa\u00edses como Canad\u00e1 (13 %), Brasil (12.8 %) y Bolivia (12.7 %); mientras que se mantiene por debajo del promedio de la regi\u00f3n que se coloca en 16.3 % de prevalencia, o de pa\u00edses como Cuba (17.9 %), Uruguay (21.5 %) y Chile (29.2 %), el cual se posiciona como el pa\u00eds con mayor consumo de tabaco en el continente.<\/p>\n\n\n\n<p class=\"wp-block-paragraph\">En diciembre de 2021, M\u00e9xico se convirti\u00f3 en el miembro m\u00e1s reciente de la regi\u00f3n en aprobar una ley nacional que dio como resultado categorizar al pa\u00eds como 100 por ciento libre de humo.<\/p>\n\n\n\n<h2 class=\"wp-block-heading\"><strong>OMS<\/strong><\/h2>\n\n\n\n<p class=\"wp-block-paragraph\">La OMS sostiene que el tabaco procesado en un almac\u00e9n de Malawi, en \u00c1frica, con la poblaci\u00f3n de varios de sus pa\u00edses sufriendo inseguridad alimentaria aguda, se ha extendido el cultivo del tabaco, y la OMS pide que cesen los subsidios al rubro y se incentive la mudanza de las fincas hacia la siembra de alimentos. \u00a9Marcel Crozet \/ OIT<\/p>\n\n\n\n<p class=\"wp-block-paragraph\">El tabaco \u201ces responsable de ocho millones de muertes al a\u00f1o, sin embargo, los gobiernos de todo el mundo gastan millones en apoyar su cultivo\u201d, sostiene el director general de la OMS,&nbsp;Tedros Adhanom Ghebreyesus, quien a\u00f1ade que \u201cal elegir cultivar alimentos en lugar de tabaco, damos prioridad a la salud, preservamos los ecosistemas y reforzamos la seguridad alimentaria para todos y todas\u201d.<\/p>\n\n\n\n<p class=\"wp-block-paragraph\">Un nuevo informe de la OMS, \u201ccultivar alimentos, no tabaco\u201d, recuerda que mientras trescientos millones de personas en el mundo se enfrentan a una grave inseguridad alimentaria, m\u00e1s de tres millones de hect\u00e1reas de tierra en 120 pa\u00edses se utilizan para \u201ccultivar el mort\u00edfero tabaco, incluso en pa\u00edses donde la gente se muere de hambre\u201d.<\/p>\n\n\n\n<p class=\"wp-block-paragraph\">Se ponen de relieve los males de su cultivo y los beneficios de cambiar a plantaciones alimentarias m\u00e1s sostenibles, tanto para las comunidades, las econom\u00edas y el medio ambiente, como para las y los agricultores.<\/p>\n\n\n\n<p class=\"wp-block-paragraph\">El informe denuncia a la industria tabacalera por \u201catrapar a las y los agricultores en un c\u00edrculo vicioso de endeudamiento, propagar el cultivo de tabaco exagerando sus beneficios econ\u00f3micos, y ejercer presi\u00f3n a trav\u00e9s de grupos de fachada agr\u00edcolas\u201d.<\/p>\n\n\n\n<p class=\"wp-block-paragraph\">Adem\u00e1s, el documento se\u00f1ala que el cultivo de tabaco provoca enfermedades a los propios agricultores, y que se calcula que m\u00e1s de un mill\u00f3n de ni\u00f1as y ni\u00f1os trabajan en las explotaciones tabaqueras, por lo que pierden la oportunidad de recibir educaci\u00f3n.<\/p>\n\n\n\n<p class=\"wp-block-paragraph\">Ruediger Krech, director de Promisi\u00f3n de la Salud en la OMS, observ\u00f3 que \u201cel tabaco no es solo una amenaza masiva para la seguridad alimentaria, sino para la salud en general, incluida la de sus cultivadores\/as\u201d.<\/p>\n\n\n\n<p class=\"wp-block-paragraph\">\u201cLas y los agricultores est\u00e1n expuestos a pesticidas qu\u00edmicos, humo de tabaco y tanta nicotina como la que contienen cincuenta cigarrillos, lo que provoca enfermedades como afecciones pulmonares cr\u00f3nicas e intoxicaci\u00f3n por nicotina\u201d, agreg\u00f3 Krech.<\/p>\n\n\n\n<p class=\"wp-block-paragraph\">La OMS record\u00f3 que 182 Partes del Convenio Marco para el Control del Tabaco -la mayor\u00eda de los Estados del mundo- se han comprometido a \u201cpromover alternativas econ\u00f3micamente viables para las y los trabajadores y cultivadores de este producto\u201d.<\/p>\n\n\n\n<p class=\"wp-block-paragraph\">Una forma crucial en que los pa\u00edses pueden cumplir esta obligaci\u00f3n es poniendo fin a las subvenciones a su cultivo y apoyando unos m\u00e1s sanos.<\/p>\n\n\n\n<p class=\"wp-block-paragraph\">El informe se\u00f1ala que la ocupaci\u00f3n de tierras con tabaco \u201chasta ahora se ha centrado en Asia y Am\u00e9rica Latina, pero los \u00faltimos datos muestran que las tabacaleras se est\u00e1n expandiendo a \u00c1frica. Desde 2005, se ha producido un aumento de casi veinte por ciento de las tierras con ese cultivo en todo el continente\u201d.<\/p>\n\n\n\n<p class=\"wp-block-paragraph\">Por ello en Kenia y Zambia, la iniciativa \u201cgranjas libres de tabaco\u201d, de la OMS, la Organizaci\u00f3n de las Naciones Unidas para la Alimentaci\u00f3n y la Agricultura (FAO) y el Programa Mundial de Alimentos (PMA), ayuda a m\u00e1s de cinco mil agricultores\/agricultoras a cultivar alimentos en lugar de tabaco.<\/p>\n\n\n\n<p class=\"wp-block-paragraph\">De Kenia fue reconocida este a\u00f1o, con motivo del D\u00eda Mundial Sin Tabaco, la agricultora&nbsp;Sprina Robi Chacha, no solo por haber cambiado el cultivo de tabaco por el de jud\u00edas ricas en prote\u00ednas, sino tambi\u00e9n por haber formado a cientos de otros agricultores sobre c\u00f3mo hacerlo para crear una comunidad m\u00e1s sana.<\/p>\n\n\n\n<p class=\"wp-block-paragraph\">En Am\u00e9rica Latina la OMS ha galardonado este a\u00f1o a profesionales de la salud, investigadores\/as, funcionarios\/as, organismos p\u00fablicos y organizaciones de la sociedad civil de Brasil, Colombia, M\u00e9xico, Panam\u00e1 y Uruguay, por sus aportes al control del tabaco.<\/p>\n\n\n\n<p class=\"wp-block-paragraph\"><em>Reina Roa<\/em>, de Panam\u00e1, recibi\u00f3 el Premio de Reconocimiento Especial por sus veinte a\u00f1os de trabajo dedicados a erradicar el tabaquismo. Desempe\u00f1\u00f3 un papel clave en la ratificaci\u00f3n del Convenio Marco para el Control del Tabaco por parte de Panam\u00e1.<\/p>\n\n\n\n<p class=\"wp-block-paragraph\"><em>ACT Promo\u00e7\u00e3o da Sa\u00fade<\/em>&nbsp;y el&nbsp;<em>Centro de Estudios sobre Tabaco y Salud de la Fundaci\u00f3n Oswaldo Cruz de Brasil<\/em>&nbsp;recibieron un premio conjunto por haber contribuido significativamente a los logros del control del tabaco en Brasil y a la comprensi\u00f3n del impacto socioambiental de su cultivo y producci\u00f3n.<\/p>\n\n\n\n<p class=\"wp-block-paragraph\">Blanca Llorente Carre\u00f1o&nbsp;y&nbsp;Luz Reynales Shigematsu, de Colombia y M\u00e9xico, respectivamente, recibieron un premio conjunto en reconocimiento a sus contribuciones de largo plazo a la investigaci\u00f3n y la defensa del control del tabaco en sus pa\u00edses y en toda la regi\u00f3n.<\/p>\n\n\n\n<p class=\"wp-block-paragraph\">Las organizaciones mexicanas&nbsp;<em>Salud Justa Mx<\/em>,&nbsp;<em>Polithink<\/em>,&nbsp;<em>Coalici\u00f3n M\u00e9xico Salud-Hable<\/em>,&nbsp;<em>C\u00f3dice SC<\/em>&nbsp;y&nbsp;<em>Refleacciona con Responsabilidad AC<\/em>&nbsp;recibieron un premio conjunto por esfuerzos y perseverancia durante m\u00e1s de una d\u00e9cada abogando por medidas efectivas de control de tabaco en su pa\u00eds.<\/p>\n\n\n\n<p class=\"wp-block-paragraph\">El Centro de Investigaci\u00f3n para la Epidemia del Tabaquismo de Uruguay y la Sociedad Uruguaya de Tabacolog\u00eda fueron reconocidos con un premio conjunto por proteger la aplicaci\u00f3n del empaquetado neutro de los productos del tabaco en su pa\u00eds en 2022.<\/p>\n\n\n\n<p class=\"wp-block-paragraph\">El Informe sobre el control del tabaco para la Regi\u00f3n de las Am\u00e9ricas 2022 tambi\u00e9n indica que 26 de los 35 pa\u00edses de la regi\u00f3n han alcanzado el m\u00e1ximo nivel de aplicaci\u00f3n de al menos una de esas \u00f3rdenes, pero en otras, como el aumento de los impuestos al tabaco, han avanzado con lentitud, y nueve pa\u00edses todav\u00eda no han adoptado ninguna medida.<\/p>\n\n\n\n<p class=\"wp-block-paragraph\">Mientras que Am\u00e9rica del Sur se convirti\u00f3 en 2020 en la primera subregi\u00f3n del continente americano donde est\u00e1 absolutamente prohibido fumar en lugares p\u00fablicos cerrados, en el trabajo y en el transporte p\u00fablico.<\/p>\n\n\n\n<p class=\"wp-block-paragraph\">La agencia recuerda que el consumo de tabaco es el principal factor de riesgo en seis de las ocho principales causas de muerte en el mundo, as\u00ed como para las cuatro enfermedades no transmisibles m\u00e1s prevenibles y prevalentes: cardiovasculares, diabetes, c\u00e1ncer y afecciones respiratorias cr\u00f3nicas.<\/p>\n\n\n\n<p class=\"wp-block-paragraph\">Asimismo, advirti\u00f3 sobre la nueva amenaza que implica el uso de los cigarrillos electr\u00f3nicos, pues el estudio tambi\u00e9n advierte sobre la alta disponibilidad y accesibilidad de nuevos productos que pueden contener nicotina, como los cigarrillos electr\u00f3nicos y alerta sobre las afirmaciones enga\u00f1osas que usa la industria del tabaco para ganar consumidoras\/consumidores e introducirse en nuevos mercados.<\/p>\n\n\n\n<p class=\"wp-block-paragraph\">Por ello, la agencia recomienda a los gobiernos establecer regulaciones que impidan que las y los no fumadores se inicien en el uso de estos productos, que impidan que el consumo de tabaco vuelva a normalizarse en la sociedad y que protejan a las generaciones futuras.<\/p>\n\n\n\n<p class=\"wp-block-paragraph\">SEM\/MG<\/p>\n","protected":false},"excerpt":{"rendered":"<p> La Organizaci\u00f3n Mundial de la Salud (OMS) ha llamado a los gobiernos para que dejen de subvencionar los cultivos de tabaco, para sustituirlos por alimentos y as\u00ed hacer frente a la inseguridad alimentaria, en una declaraci\u00f3n con motivo de la celebraci\u00f3n del 31 de mayo, D\u00eda Mundial sin Tabaco.<\/p>\n","protected":false},"author":3,"featured_media":67286,"comment_status":"open","ping_status":"open","sticky":false,"template":"","format":"standard","meta":{"_monsterinsights_skip_tracking":false,"footnotes":""},"categories":[1],"tags":[],"class_list":["post-67285","post","type-post","status-publish","format-standard","has-post-thumbnail","category-uncategorized"],"_links":{"self":[{"href":"https:\/\/redsemlac.com\/semmexico\/wp-json\/wp\/v2\/posts\/67285","targetHints":{"allow":["GET"]}}],"collection":[{"href":"https:\/\/redsemlac.com\/semmexico\/wp-json\/wp\/v2\/posts"}],"about":[{"href":"https:\/\/redsemlac.com\/semmexico\/wp-json\/wp\/v2\/types\/post"}],"author":[{"embeddable":true,"href":"https:\/\/redsemlac.com\/semmexico\/wp-json\/wp\/v2\/users\/3"}],"replies":[{"embeddable":true,"href":"https:\/\/redsemlac.com\/semmexico\/wp-json\/wp\/v2\/comments?post=67285"}],"version-history":[{"count":0,"href":"https:\/\/redsemlac.com\/semmexico\/wp-json\/wp\/v2\/posts\/67285\/revisions"}],"wp:featuredmedia":[{"embeddable":true,"href":"https:\/\/redsemlac.com\/semmexico\/wp-json\/wp\/v2\/media\/67286"}],"wp:attachment":[{"href":"https:\/\/redsemlac.com\/semmexico\/wp-json\/wp\/v2\/media?parent=67285"}],"wp:term":[{"taxonomy":"category","embeddable":true,"href":"https:\/\/redsemlac.com\/semmexico\/wp-json\/wp\/v2\/categories?post=67285"},{"taxonomy":"post_tag","embeddable":true,"href":"https:\/\/redsemlac.com\/semmexico\/wp-json\/wp\/v2\/tags?post=67285"}],"curies":[{"name":"wp","href":"https:\/\/api.w.org\/{rel}","templated":true}]}}