{"id":67283,"date":"2023-05-29T17:52:18","date_gmt":"2023-05-29T22:52:18","guid":{"rendered":"https:\/\/redsemlac.com\/semmexico\/?p=67283"},"modified":"2023-05-29T17:52:19","modified_gmt":"2023-05-29T22:52:19","slug":"mujer-y-poder-exitosa-marcha-y-participacion-ciudadana","status":"publish","type":"post","link":"https:\/\/redsemlac.com\/semmexico\/mujer-y-poder-exitosa-marcha-y-participacion-ciudadana\/","title":{"rendered":"Mujer y Poder| Exitosa marcha y participaci\u00f3n ciudadana"},"content":{"rendered":"\n<p class=\"wp-block-paragraph\"><strong>Natalia Vidales Rodr\u00edguez<\/strong><\/p>\n\n\n\n<p class=\"wp-block-paragraph\">SemM\u00e9xico, Sonora, 29 de mayo del 2023.- A las marchas ciudadanas de los pasados 14 de noviembre y 26 de febrero, con las cuales se logr\u00f3 detener los planes A y B del presidente L\u00f3pez Obrador para \u201cdestazar\u201d el INE ( frase utilizada por el propio secretario de Gobernaci\u00f3n, Ad\u00e1n Augusto L\u00f3pez), ahora fue este domingo 28 de mayo cuando, nuevamente, cientos de miles de mexicanas y mexicanos en contra de la autocracia del mandatario salieron -en la CDMX y en una veintena de ciudades del pa\u00eds- a defender ahora al <em>Poder<\/em> <em>Judicial<\/em> y, espec\u00edficamente a la <em>Suprema<\/em> <em>Corte<\/em> <em>de<\/em> <em>Justicia<\/em> <em>de<\/em> <em>la<\/em> <em>Naci\u00f3n<\/em> (SCJN) y a su ministra&nbsp; presidenta Norma Luc\u00eda Pi\u00f1a de los cotidianos embates e insultos desde la \u201cma\u00f1anera\u201d presidencial.<\/p>\n\n\n\n<p class=\"wp-block-paragraph\">La manifestaci\u00f3n de ciudadanos y ciudadanas vestidas de blanco y enarbolando banderas de M\u00e9xico fue muy exitosa -\u00a1felicidades de nuevo!- pero en esta ocasi\u00f3n, las y los capitalinos acudieron hasta la propia Corte para retirar todo el montaje que ah\u00ed tuvieron por casi dos meses los simpatizantes de Morena. Quitaron carpas, mantas, lonas y basura colocada en las paredes y de la escalinata de la instituci\u00f3n -incluyendo un f\u00e9retro con la esfinge y nombre de la ministra presidenta, Norma Pi\u00f1a, y que constitu\u00eda delitos de odio y de apolog\u00eda de la violencia.<\/p>\n\n\n\n<p class=\"wp-block-paragraph\">Y ahora resulta, seg\u00fan el Presidente, que quienes hicieron esa limpia\u2026son los violentos. \u00bfViolentos ellos cuando hicieron lo que a \u00e9l le compet\u00eda? El gobierno es quien debi\u00f3 haber desalojado a quienes se apoderaron de la Corte pero no lo hizo porque \u00e9l mismo, L\u00f3pez Obrador, promovi\u00f3 esas expresiones ofensivas y denigrantes en contra de la ministra y del Poder Judicial, que es -para no olvidarlo- uno de los tres mandos de la Rep\u00fablica, aut\u00f3nomo e independiente.&nbsp;&nbsp;<\/p>\n\n\n\n<p class=\"wp-block-paragraph\">Pero hoy, cambiando las cosas el Presidente dijo en su ma\u00f1anera: \u00a8Hay que respetar\u00a8 y critic\u00f3 a sus opositores\/as tach\u00e1ndolos de violentos.&nbsp;&nbsp;<\/p>\n\n\n\n<p class=\"wp-block-paragraph\">Pero el pueblo bueno y sabio pregunta: \u00bfpor qu\u00e9 el estado permiti\u00f3 que esa manifestaci\u00f3n escalara y perdurara tanto tiempo fomentando el odio, la divisi\u00f3n y la violencia, causando adem\u00e1s, da\u00f1os al inmueble?<\/p>\n\n\n\n<p class=\"wp-block-paragraph\">Por fortuna, no hubo heridos ayer en la trifulca que se arm\u00f3 fuera de la Corte pero en el futuro las cosas pueden cambiar porque -al prevalecer la anarqu\u00eda- las acciones de violencia pueden llegar a ocasionar tragedias de grandes dimensiones.<\/p>\n\n\n\n<p class=\"wp-block-paragraph\">La sociedad ha sido bastante tolerante ante las acciones y declaraciones que han realizado los manifestantes de Morena frente al edificio de la Suprema Corte, violentando incluso con golpes al autom\u00f3vil de Norma Pi\u00f1a al entrar y salir del recinto. Ayer decidieron actuar, con valent\u00eda y decisi\u00f3n\u2026ante la ausencia de acciones de parte del gobierno. Esperamos que ah\u00ed paren esos excesos del Presidente, de una vez por todas.&nbsp;<\/p>\n\n\n\n<p class=\"wp-block-paragraph\">Entre otras consignas las m\u00e1s escuchadas y le\u00eddas en las mantas durante la marcha fueron: \u201cla Suprema Corte No se Toca\u201d; \u201cLa Ley es la Ley\u201d; y \u201cNorma Pi\u00f1a no est\u00e1s sola\u201d. As\u00ed como \u201cFuera L\u00f3pez\u201d, \u201cFuera Morena\u201d, \u201cM\u00e9xico, M\u00e9xico\u201d, que denotan el hartazgo de la gente ante la antidemocracia y polarizaci\u00f3n incitada desde la propia Presidencia de la Rep\u00fablica que, deber\u00eda -por mandato constitucional- procurar la armon\u00eda entre mexicanas y &nbsp;mexicanos\u2026.alguien not\u00f3 por ah\u00ed que, al paso de la marcha, se escuchaban las campanadas de la Catedral.<\/p>\n\n\n\n<p class=\"wp-block-paragraph\">Se espera, ya no la reconsideraci\u00f3n del Presidente en este asunto de atacar al <em>Poder<\/em> <em>Judicial<\/em> -como tampoco en tantos m\u00e1s dada su obstinaci\u00f3n-, lo \u00fanico que nos queda a las y los ciudadanos para contrarrestar los abusos del poder de AMLO, al menos se logr\u00f3 el retiro de la oprobiosa toma de las escalinatas de la <em>Suprema<\/em> <em>Corte,<\/em> y la mayor visibilizaci\u00f3n de la autocracia del gobierno actual\u2026rumbo a las elecciones presidenciales del a\u00f1o que entra.<\/p>\n","protected":false},"excerpt":{"rendered":"<p>Pero el pueblo bueno y sabio pregunta: \u00bfpor qu\u00e9 el estado permiti\u00f3 que esa manifestaci\u00f3n escalara y perdurara tanto tiempo fomentando el odio, la divisi\u00f3n y la violencia, causando adem\u00e1s, da\u00f1os al inmueble?<\/p>\n","protected":false},"author":3,"featured_media":38550,"comment_status":"open","ping_status":"open","sticky":false,"template":"","format":"standard","meta":{"_monsterinsights_skip_tracking":false,"footnotes":""},"categories":[100,72,35],"tags":[],"class_list":["post-67283","post","type-post","status-publish","format-standard","has-post-thumbnail","category-mujer-y-poder","category-natalia-vidales","category-opinion"],"_links":{"self":[{"href":"https:\/\/redsemlac.com\/semmexico\/wp-json\/wp\/v2\/posts\/67283","targetHints":{"allow":["GET"]}}],"collection":[{"href":"https:\/\/redsemlac.com\/semmexico\/wp-json\/wp\/v2\/posts"}],"about":[{"href":"https:\/\/redsemlac.com\/semmexico\/wp-json\/wp\/v2\/types\/post"}],"author":[{"embeddable":true,"href":"https:\/\/redsemlac.com\/semmexico\/wp-json\/wp\/v2\/users\/3"}],"replies":[{"embeddable":true,"href":"https:\/\/redsemlac.com\/semmexico\/wp-json\/wp\/v2\/comments?post=67283"}],"version-history":[{"count":0,"href":"https:\/\/redsemlac.com\/semmexico\/wp-json\/wp\/v2\/posts\/67283\/revisions"}],"wp:featuredmedia":[{"embeddable":true,"href":"https:\/\/redsemlac.com\/semmexico\/wp-json\/wp\/v2\/media\/38550"}],"wp:attachment":[{"href":"https:\/\/redsemlac.com\/semmexico\/wp-json\/wp\/v2\/media?parent=67283"}],"wp:term":[{"taxonomy":"category","embeddable":true,"href":"https:\/\/redsemlac.com\/semmexico\/wp-json\/wp\/v2\/categories?post=67283"},{"taxonomy":"post_tag","embeddable":true,"href":"https:\/\/redsemlac.com\/semmexico\/wp-json\/wp\/v2\/tags?post=67283"}],"curies":[{"name":"wp","href":"https:\/\/api.w.org\/{rel}","templated":true}]}}