{"id":6728,"date":"2018-11-25T04:34:05","date_gmt":"2018-11-25T04:34:05","guid":{"rendered":"https:\/\/redsemlac.com\/semmexico\/?p=6728"},"modified":"2023-07-21T14:34:12","modified_gmt":"2023-07-21T19:34:12","slug":"el-ultimo-comentario-de-un-sexenio-desastroso","status":"publish","type":"post","link":"https:\/\/redsemlac.com\/semmexico\/el-ultimo-comentario-de-un-sexenio-desastroso\/","title":{"rendered":"El \u00faltimo comentario de un sexenio desastroso"},"content":{"rendered":"\n<p class=\"wp-block-paragraph\">Al gabinete presidencial fueron incorporadas personas sin experiencia administrativa<\/p>\n\n\n\n<h5 class=\"wp-block-heading\"> El peor sexenio gubernamental, en nuestra Historia Patria, concluye el viernes pr\u00f3ximo.<\/h5>\n\n\n\n<p class=\"wp-block-paragraph\"><a href=\"https:\/\/semmexico.com\/gallery-post.php?id=6457#\">LA OPINI\u00d3N<\/a><\/p>\n\n\n\n<p class=\"wp-block-paragraph\">Jorge Herrera Valenzuela<\/p>\n\n\n\n<p class=\"wp-block-paragraph\">SemM\u00e9xico. Cd. de M\u00e9xico. 25 de noviembre de 2018.- El peor sexenio gubernamental, en nuestra Historia Patria, concluye el viernes pr\u00f3ximo. Las buenas obras de la administraci\u00f3n federal fueron, materialmente, borradas por la imperante corrupci\u00f3n y la impunidad. Salvo excepciones, al gabinete presidencial fueron incorporadas personas sin experiencia administrativa, incapaces profesionalmente, sin vocaci\u00f3n de servicio y lo m\u00e1s grave estuvo en que la cabeza del equipo perdi\u00f3 el nivel piso, hubo cerraz\u00f3n de ojos y o\u00eddos, rein\u00f3 la soberbia.<\/p>\n\n\n\n<p class=\"wp-block-paragraph\">De ninguna manera este comentario es \u201ca toro pasado\u201d, porque en este mismo espacio hice se\u00f1alamientos concretos y en mis comentarios radiof\u00f3nicos el enfoque cr\u00edtico estuvo fundamentado. Es cierto que en el Siglo XIX tuvimos a un Antonio L\u00f3pez de Santa Anna y en la siguiente centuria, Victoriano Huerta&nbsp; es el presidente asesino y usurpador. Nada justifica lo que hicieron, pero las circunstancias era totalmente diferentes a las del per\u00edodo de 2012 a 2018. M\u00e9xico estabilizado requer\u00eda, en ese lapso, de un gobierno restaurador de la tranquilidad social en el pa\u00eds.<\/p>\n\n\n\n<p class=\"wp-block-paragraph\">Hace seis a\u00f1os el atlacomulquense Enrique Pe\u00f1a Nieto preparaba su toma de posesi\u00f3n y millones de mexicanos lo llevaron a la silla presidencial, porque ve\u00edan en \u00e9l al hombre indicado para recomponer al pa\u00eds te\u00f1ido de rojo, de sangre humana, por una guerra que sin estrategia emprendi\u00f3 su antecesor contra los narcotraficantes, as\u00ed como para corregir las frivolidades del primer PANista que lleg\u00f3 a Presidente de M\u00e9xico, gracias una campa\u00f1a de mercadotecnia. En el 2000 comenzaba la corrupci\u00f3n y se abr\u00eda paso la partidocracia.<\/p>\n\n\n\n<p class=\"wp-block-paragraph\"><strong>INEXPERIENCIA POL\u00cdTICA Y NULO TACTO<\/strong><\/p>\n\n\n\n<p class=\"wp-block-paragraph\">Como primer paso y bajo asesoramiento pol\u00edtico del oaxaque\u00f1o Jos\u00e9 Nelson Murat Casab, tambi\u00e9n identificado como Pepe Murat, en Palacio Nacional hizo el anuncio de su \u201cPacto por M\u00e9xico\u201d firmado por los presidentes nacionales de tres partidos pol\u00edticos (PRI, PAN y PRD) con el objetivo \u00fanico de que apoyaran, en el Congreso de la Uni\u00f3n, las iniciativas de reformas estructurales a la Constituci\u00f3n Pol\u00edtica, sobresaliendo las de Educaci\u00f3n y la Energ\u00e9tica. No solamente no hubo \u00e9xito, sino que se originaron movimientos en contra. De la Reforma Educativa ha dicho el diputado Mario Delgado Carillo, \u201cno va a quedar ni una coma\u201d-<\/p>\n\n\n\n<p class=\"wp-block-paragraph\">La noche del 26 de febrero de 2013, seguramente por sugerencia de sus muy allegados e inexpertos colaboradores, Pe\u00f1a Nieto supuestamente asest\u00f3 un golpe pol\u00edtico. Orden\u00f3 la aprehensi\u00f3n de la profesora Elba Esther Gordillo Morales, hasta ese d\u00eda invencible l\u00edder magisterial. Le result\u00f3 contraproducente. Dio vida a la corrupta Coordinadora Nacional de Trabajadores de la Educaci\u00f3n, la fat\u00eddica CNTE.<\/p>\n\n\n\n<p class=\"wp-block-paragraph\">Liberada en agosto pasado y exonerada de los delitos que le imputaba la PGR, la \u201cpresa pol\u00edtica del pe\u00f1anietismo\u201d, la chiapaneca busca recuperar su poder al frente del Sindicato Nacional de Trabajadores de la Educaci\u00f3n, el SNTE. El jueves pasado, el tapat\u00edo Juan D\u00edaz de la Torre solicit\u00f3 licencia indefinida como presidente de la organizaci\u00f3n magisterial, limpiando el camino para que retorne su exjefa, a la que traicion\u00f3 y por lo que recibi\u00f3 el apoyo del hombre de Los Pinos.<\/p>\n\n\n\n<p class=\"wp-block-paragraph\">Los tres primeros meses del sexenio fueron suficientes para corroborar que el gabinete presidencial estaba integrado, mayoritariamente, por \u201ccuates\u201d tra\u00eddos de Toluca. Pe\u00f1a&nbsp; Nieto no conoc\u00eda a los pol\u00edticos, porque su vida p\u00fablica se desarroll\u00f3 en la capital del Estado de M\u00e9xico, manten\u00eda relaciones con sus pares, los gobernadores y a Jes\u00fas Murillo Karam porque hab\u00eda participado, como delegado del PRI, en la campa\u00f1a pol\u00edtico electoral. El mexiquense de 46 a\u00f1os de edad y caricaturizado por su peinado de \u201ccopete\u201d, al llevar a prisi\u00f3n a la ex priista hizo recordar aquellos d\u00edas en que el presidente en turno meti\u00f3 a la c\u00e1rcel a Joaqu\u00edn \u201cLa Quina\u201d Hern\u00e1ndez Galicia, pero los trabajadores petroleros ni p\u00edo dijeron.<\/p>\n\n\n\n<p class=\"wp-block-paragraph\">Los errores y los traspi\u00e9s siguieron. Sus cercanos Luis Videgaray y Aurelio Nu\u00f1o tomaron las riendas, intrigaron lo suficiente, desplazando a David L\u00f3pez Guti\u00e9rrez, quien le hizo una excelente imagen al gobernador Pe\u00f1a Nieto; los dos experimentados pol\u00edticos Murillo Karam y Emilio Chuayffet Chemor tambi\u00e9n salieron del equipo. Esa parejita provoc\u00f3 que el Presidente de la Rep\u00fablica perdiera su confianza en el titular de Gobernaci\u00f3n, Miguel \u00c1ngel Osorio Chong, al grado de marginarlo.<\/p>\n\n\n\n<p class=\"wp-block-paragraph\">El esc\u00e1ndalo de corrupci\u00f3n por \u201cla casa blanca\u201d de las Lomas de Chapultepec, la desaparici\u00f3n de los 43 estudiantes normalistas de Ayotzinapa, as\u00ed como la descarada protecci\u00f3n al corrupto Gerardo Ruiz Esparza, secretario de Comunicaciones y Transportes, irritaron hasta el tope a los millones de mexicanos que viven en un ambiente de cotidiana violencia, de asesinatos atribuidos a la delincuencia organizada y todo lo cobraron el domingo 1 de julio de 2018.<\/p>\n\n\n\n<p class=\"wp-block-paragraph\"><strong>PREGUNTA PARA MEDITAR:<\/strong><\/p>\n\n\n\n<p class=\"wp-block-paragraph\">\u00bfC\u00f3mo enfrentar\u00e1 Enrique Pe\u00f1a Nieto su primer a\u00f1o como ciudadano, luego de doce a\u00f1os (seis de gobernador) de gozar del aplauso, de escuchar el cl\u00e1sico \u201csi se\u00f1or\u201d y tener ayudantes civiles y militares?<\/p>\n\n\n\n<p class=\"wp-block-paragraph\"><strong>ENRIQUE ALFARO: JALISCO, AUT\u00d3NOMO<\/strong><\/p>\n\n\n\n<p class=\"wp-block-paragraph\">El pr\u00f3ximo jueves 6 de diciembre, Jalisco tendr\u00e1 nuevo gobernador. El ingeniero Enrique Alfaro Ram\u00edrez, actualmente sin partido pol\u00edtico, declar\u00f3 que el \u201csuperdelegado federal\u201d designado para esa entidad por el Presidente Electo, no ser\u00e1 parte del gabinete estatal de seguridad. Alfaro asegur\u00f3 que no se confrontar\u00e1 con el gobierno federal, porque habr\u00e1 coordinaci\u00f3n en muchos programas. Lo que es cierto es que ya no habr\u00e1 Estados Libres y Soberanos, a menos que haya m\u00e1s voces como la del inminente gobernador de Jalisco. Los \u201csuperdelegados\u201d tendr\u00e1n todo el presupuesto federal a su disposici\u00f3n y con ello el poder pol\u00edtico, desplazando a quien fue electo por voluntad popular. Inclusive ya se dijo que los gobernadores corren el riesgo de ser destituidos, si no \u201cobedecen\u201d a quien tiene la representaci\u00f3n personal del Presidente de la Rep\u00fablica. Enrique Alfaro Ram\u00edrez, de apenas 45 a\u00f1os de edad, fue diputado local por el PRI; con el PRD lleg\u00f3 a la presidencia municipal de Tlajomulco de Z\u00fa\u00f1iga y Movimiento Ciudadano lo llev\u00f3 al triunfo en la presidencia municipal de Guadalajara y despu\u00e9s para que ganar\u00e1 la gubernatura.<\/p>\n\n\n\n<p class=\"wp-block-paragraph\"><strong>LA SHEINBAUM Y SU LOGO<\/strong><\/p>\n\n\n\n<p class=\"wp-block-paragraph\">Desde hace algunos a\u00f1os, los que llegan a la jefatura de Gobierno del antiguo Distrito Federal, hoy Ciudad de M\u00e9xico, imponen su criterio muy personal en diversos aspectos, sin importar los millones de pesos que ello represente y mucho menos a quienes benefician y a quienes no. Un singular caso es el ordenar el cambio de colores de los taxis. Bueno, hoy la doctora en ciencias Claudia Sheinbaum Prado nos sorprendi\u00f3 con el m\u00e1s horrible logotipo para identificar a la Capital del Pa\u00eds y como futura mandam\u00e1s ya dio su primer paso en falso, por la repulsa que ha recibido de ese logo. Con mucha claridad mis colegas Irma Fuentes y Carlos Ferreyra Carrasco, escribieron: \u201cesos clips no tienen&nbsp; por qu\u00e9 identificar a nuestra amad\u00edsima Ciudad\u201d y \u201cse ha sumado al concierto de estupideces con el anuncio de un nuevo logo para identificar a la antigua Ciudad de los Palacios, a la regi\u00f3n m\u00e1s transparente\u201d, respectivamente. Los integrantes de una banda de rock, de Monterrey, Nuevo Le\u00f3n, tienen un&nbsp; logo de similares caracter\u00edsticas, anunciaron que no habr\u00e1 demanda por Derechos de Autor.<\/p>\n\n\n\n<p class=\"wp-block-paragraph\"><strong>EL MONUMENTO A LA MADRE<\/strong><\/p>\n\n\n\n<p class=\"wp-block-paragraph\">Les comento que hace unos d\u00edas fue reinaugurado el Monumento a la Madre, en la Ciudad de M\u00e9xico, despu\u00e9s de los da\u00f1os que lo derrumbaron durante el sismo del 19 de septiembre de 2017. Este es uno de los diez monumentos simb\u00f3licos de la Capital del Pa\u00eds. El presidente Manuel \u00c1vila Camacho coloc\u00f3 la primera piedra, en el a\u00f1o 1944. El 10 de mayo de 1949, durante el r\u00e9gimen de Miguel Alem\u00e1n Velasco fue inaugurado en la parte central oriente del parque limitado por las calles de Villalong\u00edn, Sullivan e Insurgentes Centro, en los l\u00edmites de las colonias Cuauht\u00e9moc y San Rafael. Inicialmente hubo placa con la frase \u201cA la que nos am\u00f3 antes de conocernos\u201d y en 1991 se a\u00f1adi\u00f3 \u201cPorque una maternidad fue voluntaria\u201d. El proyecto fue del arquitecto Luis Ortiz Monasterio.<\/p>\n\n\n\n<p class=\"wp-block-paragraph\">P.D. En lo personal guardo un recuerdo del entonces presidente John F. Kennedy, porque me correspondi\u00f3 reportear parte de su visita a nuestro hermoso Distrito Federal, verlo de a corta distancia, escuchar una que otra palabra&nbsp; en espa\u00f1ol. Pues bien, el jueves pasado se cumplieron 55 a\u00f1os de su asesinato en Dallas, Texas. Ese crimen hasta la fecha no aclarado y que sigue en el misterio por la secuencia que tuvo\u2026Perm\u00edtaseme, por esta vez, hacer otro recuerdo: en las dos \u00faltimas semanas de noviembre de 1956 junto con mi gran amigo Rafael D\u00edaz de Le\u00f3n, me inici\u00e9 como reportero diarista en \u201cZ\u00f3calo\u201d que dirig\u00eda ese gran maestro que se llam\u00f3 Alfredo Kawage Ramia.<\/p>\n\n\n\n<p class=\"wp-block-paragraph\">jherrerav@live.com.mx &nbsp;<\/p>\n","protected":false},"excerpt":{"rendered":"<p>Al gabinete presidencial fueron incorporadas personas sin experiencia administrativa El peor sexenio gubernamental, en nuestra Historia Patria, concluye el viernes pr\u00f3ximo. LA OPINI\u00d3N Jorge Herrera Valenzuela SemM\u00e9xico. Cd. de M\u00e9xico. 25 de noviembre de 2018.- El peor sexenio gubernamental, en nuestra Historia Patria, concluye el viernes pr\u00f3ximo. Las buenas obras de la administraci\u00f3n federal fueron, [&hellip;]<\/p>\n","protected":false},"author":3,"featured_media":6729,"comment_status":"open","ping_status":"open","sticky":false,"template":"","format":"standard","meta":{"_monsterinsights_skip_tracking":false,"footnotes":""},"categories":[689,82],"tags":[],"class_list":["post-6728","post","type-post","status-publish","format-standard","has-post-thumbnail","category-689","category-la-opinion"],"_links":{"self":[{"href":"https:\/\/redsemlac.com\/semmexico\/wp-json\/wp\/v2\/posts\/6728","targetHints":{"allow":["GET"]}}],"collection":[{"href":"https:\/\/redsemlac.com\/semmexico\/wp-json\/wp\/v2\/posts"}],"about":[{"href":"https:\/\/redsemlac.com\/semmexico\/wp-json\/wp\/v2\/types\/post"}],"author":[{"embeddable":true,"href":"https:\/\/redsemlac.com\/semmexico\/wp-json\/wp\/v2\/users\/3"}],"replies":[{"embeddable":true,"href":"https:\/\/redsemlac.com\/semmexico\/wp-json\/wp\/v2\/comments?post=6728"}],"version-history":[{"count":0,"href":"https:\/\/redsemlac.com\/semmexico\/wp-json\/wp\/v2\/posts\/6728\/revisions"}],"wp:featuredmedia":[{"embeddable":true,"href":"https:\/\/redsemlac.com\/semmexico\/wp-json\/wp\/v2\/media\/6729"}],"wp:attachment":[{"href":"https:\/\/redsemlac.com\/semmexico\/wp-json\/wp\/v2\/media?parent=6728"}],"wp:term":[{"taxonomy":"category","embeddable":true,"href":"https:\/\/redsemlac.com\/semmexico\/wp-json\/wp\/v2\/categories?post=6728"},{"taxonomy":"post_tag","embeddable":true,"href":"https:\/\/redsemlac.com\/semmexico\/wp-json\/wp\/v2\/tags?post=6728"}],"curies":[{"name":"wp","href":"https:\/\/api.w.org\/{rel}","templated":true}]}}