{"id":67278,"date":"2023-05-29T17:49:08","date_gmt":"2023-05-29T22:49:08","guid":{"rendered":"https:\/\/redsemlac.com\/semmexico\/?p=67278"},"modified":"2023-05-29T17:49:09","modified_gmt":"2023-05-29T22:49:09","slug":"miradas-de-reportero-los-mas-rojos-de-las-izquierdas-llegaron-a-bellas-artes-a-defender-sus-aportes","status":"publish","type":"post","link":"https:\/\/redsemlac.com\/semmexico\/miradas-de-reportero-los-mas-rojos-de-las-izquierdas-llegaron-a-bellas-artes-a-defender-sus-aportes\/","title":{"rendered":"Miradas de Reportero| Los m\u00e1s rojos de las izquierdas llegaron a Bellas Artes a defender sus aportes"},"content":{"rendered":"\n<p class=\"wp-block-paragraph\"><strong>Rogelio Hern\u00e1ndez L\u00f3pez<\/strong><\/p>\n\n\n\n<p class=\"wp-block-paragraph\">SemM\u00e9xico, Ciudad de M\u00e9xico, 29 de mayo del 2023.- La sala Manuel M Ponce del Palacio de Bellas Artes estaba casi atiborrada ese viernes 26 de mayo. Terminaba la presentaci\u00f3n del <em>Diccionario biogr\u00e1fico de la izquierda mexicana del siglo XX <\/em>cuando en las bocinas retumb\u00f3 una pregunta: \u00bfHay comunistas en esta sala? Y fueron muchas las manos que se levantaron.<\/p>\n\n\n\n<p class=\"wp-block-paragraph\">Al frente, en el proscenio, dominaba las miradas una monta\u00f1a de rosas rojas con la forma del s\u00edmbolo de las y los comunistas; la hoz cruzada por un martillo. Escudados por ese distintivo colocaron a Rodolfo Echeverr\u00eda Mart\u00ednez El Chicali; al historiador ruso V\u00edctor Jeifets; a la historiadora japonesa Michiko Tanaka; al historiador Enrique Semo auxiliado por su esposa Margarita Ar\u00e9valo, Alejandro Encinas Rodr\u00edguez y Arturo Mart\u00ednez Nateras.<\/p>\n\n\n\n<p class=\"wp-block-paragraph\">Lo ves Chicali -espet\u00f3 Mart\u00ednez Nateras se\u00f1alando hacia las manos alzadas- si hay rojos. La mayor\u00eda aqu\u00ed somos rojos. S\u00ed hay organismos. Aqu\u00ed est\u00e1 Pavel a nombre del Partido Comunista de M\u00e9xico, est\u00e1 Salom\u00e9 representante del Movimiento Comunista Mexicano&#8230;<\/p>\n\n\n\n<p class=\"wp-block-paragraph\">El de Chicali y Arturo fue el segundo mini debate de la tarde, porque Echeverr\u00eda Mart\u00ednez hab\u00eda dicho que no hay nada de organismos socialistas que influyan en la pol\u00edtica actual. \u201cNo hay nada m\u00e1s que esa entelequia que se llama Morena, han desaparecido los conceptos como lucha de clases, la lucha por el poder, la revoluci\u00f3n&#8230;\u201d &nbsp;<\/p>\n\n\n\n<p class=\"wp-block-paragraph\">Las y los concurrentes sentados y los que ocupaban parte de los pasillos escuchaban atentos, en silencio respetuoso y hasta sonrientes. El Chicali gan\u00f3 el aplauso m\u00e1s prolongado de las seis intervenciones.<\/p>\n\n\n\n<p class=\"wp-block-paragraph\">Es que buena parte de los asistentes a la Sala Manuel M Ponce sab\u00edan que sus perfiles est\u00e1n dentro del diccionario, por eso acudieron. El libro <strong><em>Rojos<\/em><\/strong><em>, Diccionario biogr\u00e1fico de la izquierda mexicana del siglo XX<\/em> incorpor\u00f3 5 mil 282 semblanzas, la mayor parte de luchadores sociales y militantes de las izquierdas socialistas y comunistas.<\/p>\n\n\n\n<p class=\"wp-block-paragraph\">Pero las y los rojos tambi\u00e9n fueron porque el libro es noticia: novedoso por ser la primera obra gigante en su tipo al perfilar a tanta gente de la corriente de pensamiento de izquierda y tambi\u00e9n trascendente porque pronto aumentar\u00e1 el inter\u00e9s p\u00fablico por \u00e9l, en v\u00edspera de los comicios federales que ser\u00e1n una especie de refer\u00e9ndum para la continuaci\u00f3n o no de un r\u00e9gimen en M\u00e9xico con orientaci\u00f3n de izquierda social.<\/p>\n\n\n\n<h2 class=\"wp-block-heading\"><strong>AMLO es de izquierda<\/strong><\/h2>\n\n\n\n<p class=\"wp-block-paragraph\">El otro tema que tocaron todos los presentadores y que reestimul\u00f3 un viejo debate fue sobre la definici\u00f3n de izquierda y qu\u00e9 personas caben en ella.<\/p>\n\n\n\n<p class=\"wp-block-paragraph\">Alejandro Encinas, comunista reconocido en el gabinete presidencial como subsecretario de Derechos Humanos en la Secretar\u00eda de Gobernaci\u00f3n resalt\u00f3 un texto que se encuentra en las primeras p\u00e1ginas del monumental diccionario: la reivindicaci\u00f3n que hizo de s\u00ed mismo, como persona de izquierda, el presidente Andr\u00e9s Manuel L\u00f3pez Obrador en su cuarto informe de gobierno:<\/p>\n\n\n\n<p class=\"wp-block-paragraph\">\u201cSer de izquierda es anclarnos en nuestros ideales y principios, no desdibujarnos, no zigzaguear. Si somos aut\u00e9nticos, si hablamos con la verdad y nos pronunciamos por los pobres y por la justicia, mantendremos identidad, y ello puede significar simpat\u00eda, no s\u00f3lo de los de abajo, sino tambi\u00e9n de la gente l\u00facida y humana de clase media y alta, y con eso basta para enfrentar a las fuerzas conservadoras, a los reaccionarios\u201d.<\/p>\n\n\n\n<p class=\"wp-block-paragraph\">Dentro de las semblanzas se cita 85 veces a L\u00f3pez Obrador y, en casi todas se refrenda ese perfil de pol\u00edtico de izquierda que se incluye en la enciclopedia, con datos de su larga trayectoria de luchador social.<\/p>\n\n\n\n<p class=\"wp-block-paragraph\">Esa definici\u00f3n tan amplia de izquierda permiti\u00f3 a los autores del diccionario incluir muchos perfiles que son ubicados novedosamente dentro de la izquierda: empresarios\/as, intelectuales, escritores\/as, artistas del espect\u00e1culo, periodistas, cient\u00edficos\/as.<\/p>\n\n\n\n<h2 class=\"wp-block-heading\"><strong>El diccionario<\/strong><\/h2>\n\n\n\n<p class=\"wp-block-paragraph\">Ese libro, hasta ahora solo est\u00e1 impreso en mil ejemplares. Ocupa mil 114 p\u00e1ginas. Se hacen gestiones sobre posibles patrocinios para hacerlo enciclopedia digital y ampliarlo. Es un libro vivo porque se corregir\u00e1, se ampliar\u00e1, mejorar\u00e1, coincidieron los presentadores.<\/p>\n\n\n\n<p class=\"wp-block-paragraph\">Antes de este libro ha habido aproximaciones tanto de historiadores, como de ediciones de movimientos socialistas, pero lo m\u00e1s similar, en forma de diccionario es <em>Qui\u00e9n es qui\u00e9n en la pol\u00edtica mexicana<\/em> del periodista Humberto Musacchio, editado en 2002 que incluye alrededor de tres mil 500 personajes en 432 p\u00e1ginas (en tipograf\u00eda de 7 puntos) pero refleja personas de todas las corrientes pol\u00edticas que han sido o eran gobernantes o aspiraban a serlo.<\/p>\n\n\n\n<p class=\"wp-block-paragraph\">El coordinador de este diccionario de la izquierda es el ingeniero mec\u00e1nico electricista, Arturo Mart\u00ednez Nateras quien fuera l\u00edder estudiantil desde 1965, cofundador de la Central Nacional de Estudiantes Democr\u00e1ticos (CNED), preso pol\u00edtico de 1968 a 1971, Secretario de Organizaci\u00f3n del Comit\u00e9 Central del Partido Comunista Mexicano hasta 1978.<\/p>\n\n\n\n<p class=\"wp-block-paragraph\">En la presentaci\u00f3n, reporta Arturo, que desde el a\u00f1o 2000 Marcos Leonel Posadas y \u00e9l comenzaron a planear el diccionario; que en 20 a\u00f1os de investigaci\u00f3n de ellos y un grupo multidisciplinario lograron publicar tres libros tambi\u00e9n relacionados con la izquierda: la cronolog\u00eda en 2014, de los Movimientos sociales en 2016 y el de Artes y humanidades en 2019. El cuarto producto este: Rojos, el diccionario biogr\u00e1fico que se present\u00f3 este viernes en Bellas Artes. Todos son como la enciclopedia de las izquierdas mexicanas.<\/p>\n\n\n\n<p class=\"wp-block-paragraph\">Mart\u00ednez Nateras repiti\u00f3 lo que anot\u00f3 en el Diccionario que, su prop\u00f3sito central es no permitir la p\u00e9rdida de la memoria de todas las personas que han aportado a los cambios esenciales de M\u00e9xico. Escribi\u00f3:<\/p>\n\n\n\n<p class=\"wp-block-paragraph\">\u201cRojos es la biograf\u00eda colectiva de una corriente ideol\u00f3gica y pol\u00edtica de gran arraigo en la sociedad mexicana. Nosotros, desde la izquierda, libramos miles de combates contra la \u201cdictadura perfecta\u201d, tuvimos en jaque al sistema, pagamos altas cuotas de vidas de a\u00f1os c\u00e1rcel de persecuciones y ejecuciones, sobrevivimos a la guerra de exterminio y nos quedamos en la orilla del poder, como bien describi\u00f3 Jorge Casta\u00f1eda\u201d.<\/p>\n\n\n\n<p class=\"wp-block-paragraph\">El libro contiene mayoritariamente las semblanzas de personas de los movimientos sociales, de militantes y dirigentes de partidos, que han formado y son parte de las corrientes de pensamientos socialistas, comunistas, trostkistas, lombardistas y otros; y se recuperaron los perfiles de cientos de mujeres y hombres que no han sido reconocidos p\u00fablicamente.<\/p>\n\n\n\n<p class=\"wp-block-paragraph\">Mucho de todo esto fue resultado, asegura Arturo, de autobiograf\u00edas que en todos los casos \u201crespetamos su contenido. Por nuestra parte elaboramos y encargamos las semblanzas de los imprescindibles\u2026 No excluimos a nadie caprichosamente. Todos los que est\u00e1n son y los que son y no est\u00e1n es debido a la imposibilidad de obtener datos comprobables\u201d.<\/p>\n\n\n\n<p class=\"wp-block-paragraph\">Incluye tambi\u00e9n cuatro cap\u00edtulos especiales: de 762 mujeres rebeldes y transgresoras; de Mexicanos en la Internacional Comunista; de presos pol\u00edticos; de los movimientos sociales y pol\u00edticos en la llamada Guerra Fr\u00eda y un apartado con las v\u00edctimas de las masacres, como de los Copreros (1952), los de Ciudad Madera, del 68, del 10 de junio, Aguas Blancas, Acteal, El Charco, hasta la Noche de Iguala, entre otros.<\/p>\n\n\n\n<p class=\"wp-block-paragraph\">Agrega que para sus investigaciones, adem\u00e1s de entrevistas personales se tomaron \u201cen cuenta obras fundamentales como Los milenios de M\u00e9xico, de Humberto Musacchio; Los bolcheviques, de Paco Ignacio Taibo II; La rojer\u00eda, de \u00d3scar de Pablo, El diccionario enciclop\u00e9dico del estado de Guerrero, coordinado por Hermilo Castorena Noriega; textos de Carlos Illiades Aguiar, Veronica Oiki\u00f3n Solano; testimonios comunistas de Arnoldo Mart\u00ednez Verdugo, Enrique Semo Calev y Eduardo Ibarra Aguirre; el Diccionario de escritores mexicanos de la UNAM, de Aurora Ocampo; las aportaciones de Natura Oliv\u00e9; el diccionario biogr\u00e1fico Latinoam\u00e9rica en la Internacional Comunista, de Lazar y V\u00edctor Jeifets; un ensayo valioso sobre los comunistas presos en las Islas Mar\u00edas, de Javier Mac Gregor Campuzano, entre muchos otros\u201d.<\/p>\n\n\n\n<h2 class=\"wp-block-heading\"><strong>Identificaci\u00f3n<\/strong><\/h2>\n\n\n\n<p class=\"wp-block-paragraph\">Al final de la presentaci\u00f3n, casi todas y todos se trasladaron al pasillo para brindar y m\u00e1s por su tercera raz\u00f3n para acudir a Bellas Artes: para reencontrarse con decenas de sus camaradas y amigos, despu\u00e9s de muchos a\u00f1os.<\/p>\n\n\n\n<p class=\"wp-block-paragraph\">Entre ellos se tomaban fotos, se informaban que siguen participando en frentes y movimientos sociales, en la academia, en peque\u00f1os destacamentos pol\u00edticos y hasta en Morena. Muchos repet\u00edan la reivindicaci\u00f3n que hizo el Chicali en el estrado: \u201cel Rojo nos pertenece a los luchadores por el socialismo\u201d y tambi\u00e9n la esperanza con la que remat\u00f3 Encinas su mensaje \u201cla siguiente estaci\u00f3n realmente democr\u00e1tica de M\u00e9xico (podr\u00eda ser) un gobierno socialista.\u201d Son las y los m\u00e1s tozudos de la pol\u00edtica mexicana. Mirada de reportero.<\/p>\n\n\n\n<p class=\"wp-block-paragraph\">(Nota. Una versi\u00f3n de todo el acto en Bellas Artes se puede ver en <a href=\"https:\/\/www.facebook.com\/enlaNoticiaGeneral\/videos\/644320680558245\">https:\/\/www.facebook.com\/enlaNoticiaGeneral\/videos\/644320680558245<\/a> )<\/p>\n","protected":false},"excerpt":{"rendered":"<p> La sala Manuel M Ponce del Palacio de Bellas Artes estaba casi atiborrada ese viernes 26 de mayo.<\/p>\n","protected":false},"author":3,"featured_media":38348,"comment_status":"open","ping_status":"open","sticky":false,"template":"","format":"standard","meta":{"_monsterinsights_skip_tracking":false,"footnotes":""},"categories":[106,35,85],"tags":[],"class_list":["post-67278","post","type-post","status-publish","format-standard","has-post-thumbnail","category-mirada-de-reportero","category-opinion","category-rogelio-hernandez-lopez"],"_links":{"self":[{"href":"https:\/\/redsemlac.com\/semmexico\/wp-json\/wp\/v2\/posts\/67278","targetHints":{"allow":["GET"]}}],"collection":[{"href":"https:\/\/redsemlac.com\/semmexico\/wp-json\/wp\/v2\/posts"}],"about":[{"href":"https:\/\/redsemlac.com\/semmexico\/wp-json\/wp\/v2\/types\/post"}],"author":[{"embeddable":true,"href":"https:\/\/redsemlac.com\/semmexico\/wp-json\/wp\/v2\/users\/3"}],"replies":[{"embeddable":true,"href":"https:\/\/redsemlac.com\/semmexico\/wp-json\/wp\/v2\/comments?post=67278"}],"version-history":[{"count":0,"href":"https:\/\/redsemlac.com\/semmexico\/wp-json\/wp\/v2\/posts\/67278\/revisions"}],"wp:featuredmedia":[{"embeddable":true,"href":"https:\/\/redsemlac.com\/semmexico\/wp-json\/wp\/v2\/media\/38348"}],"wp:attachment":[{"href":"https:\/\/redsemlac.com\/semmexico\/wp-json\/wp\/v2\/media?parent=67278"}],"wp:term":[{"taxonomy":"category","embeddable":true,"href":"https:\/\/redsemlac.com\/semmexico\/wp-json\/wp\/v2\/categories?post=67278"},{"taxonomy":"post_tag","embeddable":true,"href":"https:\/\/redsemlac.com\/semmexico\/wp-json\/wp\/v2\/tags?post=67278"}],"curies":[{"name":"wp","href":"https:\/\/api.w.org\/{rel}","templated":true}]}}