{"id":6724,"date":"2018-11-25T04:31:38","date_gmt":"2018-11-25T04:31:38","guid":{"rendered":"https:\/\/redsemlac.com\/semmexico\/?p=6724"},"modified":"2023-07-21T14:34:12","modified_gmt":"2023-07-21T19:34:12","slug":"el-porque-de-la-violencia-machista-el-dominio-y-la-sumision-descansan-sobre-los-estereotipos-construidos","status":"publish","type":"post","link":"https:\/\/redsemlac.com\/semmexico\/el-porque-de-la-violencia-machista-el-dominio-y-la-sumision-descansan-sobre-los-estereotipos-construidos\/","title":{"rendered":"El porqu\u00e9 de la violencia machista: el dominio y la sumisi\u00f3n descansan sobre los estereotipos construidos"},"content":{"rendered":"\n<p class=\"wp-block-paragraph\">La palabra clave son los estereotipos.<\/p>\n\n\n\n<h5 class=\"wp-block-heading\"> Informar de la violencia de g\u00e9nero es contar lo que hay que contar para lograr una ciudadan\u00eda libre y capaz de gobernarse a s\u00ed misma.<\/h5>\n\n\n\n<p class=\"wp-block-paragraph\"><a href=\"https:\/\/semmexico.com\/gallery-post.php?id=6458#\">LA OPINI\u00d3N<\/a><\/p>\n\n\n\n<p class=\"wp-block-paragraph\">Pilar L\u00f3pez D\u00edez&nbsp;&nbsp;<\/p>\n\n\n\n<p class=\"wp-block-paragraph\">SemM\u00e9xico\/El Diario. Espa\u00f1a. 25 de noviembre de 2018.- El criminal Imanol Castillo S\u00e1nchez (31 a\u00f1os) asesin\u00f3 a la que hab\u00eda sido su compa\u00f1era durante seis a\u00f1os, Jessica Bravo (28), en el patio del colegio de su hijo de 5 a\u00f1os en Elda, cuando ella, camarera, hab\u00eda ido a recoger al ni\u00f1o. No sabemos nada m\u00e1s de este ni\u00f1o desde aquel 9 de noviembre del pasado 2017. \u00c9l s\u00ed sabr\u00e1, cuando cumpla a\u00f1os, que su padre fue el asesino que le dej\u00f3 sin madre. Su padre, un \u2018toro\u2019 que se curt\u00eda cada d\u00eda en el gimnasio y que hab\u00eda logrado, a base de pesas, duplicar el ancho de su espalda respecto a su cintura.<\/p>\n\n\n\n<p class=\"wp-block-paragraph\">Su padre, un cobarde, ego\u00edsta, dependiente de su madre hasta matarla porque quiso separarse de \u00e9l; que no trabajaba y que ese d\u00eda no fue al colegio sino para matar a J\u00e9ssica, se suicid\u00f3 despu\u00e9s. La consecuencia, otro ni\u00f1o de 5 a\u00f1os hu\u00e9rfano de madre y de un asesino.<\/p>\n\n\n\n<p class=\"wp-block-paragraph\">En nuestro pa\u00eds, desde hace 21 a\u00f1os (caso del asesino Jos\u00e9 Parejo Avivar que mat\u00f3 a Ana Orantes) se viene informando de la violencia de los hombres maltratadores contra las mujeres; es un avance respecto a otros pa\u00edses de nuestro entorno cultural. Sin embargo, hay estereotipos en el tratamiento de esta violencia que no solo no se cuestionan, sino que se fomentan; por ejemplo, se embellece a un asesino. Qu\u00e9 es, si no, decir que Imanol Castillo S\u00e1nchez \u201cdejaba entrever el cari\u00f1o que sent\u00eda hacia su hija mayor, de nueve a\u00f1os\u201d. Qu\u00e9 es, si no, contar que \u201csus amigos le describen como \u201csimp\u00e1tico y correcto, adicto a los gimnasio y buen padre\u201d. Estas frases son fruto del desconocimiento y de la falta de formaci\u00f3n en g\u00e9nero de la profesi\u00f3n period\u00edstica.<\/p>\n\n\n\n<p class=\"wp-block-paragraph\">Hay periodistas que creen que informar de la violencia de g\u00e9nero es contar lo que tienen (de agencias, de internet; ahora, hurgando en webs, blogs, etc.); y no es as\u00ed, informar de la violencia de g\u00e9nero es contar lo que hay que contar para lograr una ciudadan\u00eda libre y capaz de gobernarse a s\u00ed misma. Y, en vez de reproducir acr\u00edticamente lo que perge\u00f1an de aqu\u00ed y de all\u00e1, tendr\u00edan que consultar con fuentes expertas que estudian para poder hablar con criterio; tendr\u00edan que hacer una inmersi\u00f3n en documentos fundamentales, de largo recorrido, que ayudan a situar el problema para cont\u00e1rselo a la ciudadan\u00eda, que tiene derecho a saber, a trav\u00e9s de los medios de comunicaci\u00f3n, el porqu\u00e9 de la violencia de g\u00e9nero.&nbsp;<\/p>\n\n\n\n<p class=\"wp-block-paragraph\">Porque s\u00ed sabemos el \u2018porqu\u00e9\u2019 los asesinos matan a las mujeres; ya lo advirti\u00f3 la ONU en 2013, \u201cLa violencia contra las mujeres y las ni\u00f1as se caracteriza por el uso y el abuso de poder y control [de los hombres] en las esferas p\u00fablica y privada y est\u00e1 intr\u00ednsecamente vinculada a los estereotipos de g\u00e9nero que son la causa subyacente de dicha violencia y la perpet\u00faan, as\u00ed como a otros factores que pueden aumentar la vulnerabilidad de las mujeres y las ni\u00f1as a ese tipo de violencia\u201d. La palabra clave son los estereotipos, esas construcciones interesadas de la realidad que elabora el patriarcado y que asignan determinadas caracter\u00edsticas, opuestas, a hombres y mujeres, para definirlos. Y a ellos, a los estereotipos masculinos, nos vamos a referir.<\/p>\n\n\n\n<p class=\"wp-block-paragraph\">El 99% de los hombres se creen que son fuertes, independientes, valientes, abnegados, responsables, trabajadores, inteligentes, decididos, con dotes de mando, arriesgados, seguros, eficaces, sinceros, leales, objetivos, estables emocionalmente\u2026 y unos cientos m\u00e1s de cualidades positivas de la personalidad. Creerse ungido con estas cualidades tan excepcionalmente positivas s\u00f3lo por el simple hecho de haber nacido hombre, fomentadas desde que nacieron por la familia, la escuela, la sociedad en general y la cultura patriarcal que los construye, tiene consecuencias perversas para las mujeres.<\/p>\n\n\n\n<p class=\"wp-block-paragraph\">En el asesinato al que nos referimos, los hechos demuestran que el criminal Imanol Castillo S\u00e1nchez no era fuerte, sino d\u00e9bil -pasarse las horas muertas en el gimnasio no le hab\u00eda fortalecido lo suficiente como para saber y poder hacer frente al abandono de una mujer; solo le serv\u00eda para hacerse selfies que aumentaban el culto a s\u00ed mismo-. No era independiente, sino dependiente, por eso la persigui\u00f3 hasta el asesinato cuando ella decidi\u00f3 cortar con \u00e9l. No era valiente, fue un cobarde que se mezcl\u00f3 entre la gente, a la salida del colegio de su hijo, para asesinar a J\u00e9ssica.&nbsp;<\/p>\n\n\n\n<p class=\"wp-block-paragraph\">No fue un abnegado padre de familia, sino un ego\u00edsta quien, sabi\u00e9ndose solo, se llev\u00f3 por delante la vida de J\u00e9ssica Bravo sin importarle dejar hu\u00e9rfano al hijo que tuvo con ella, y a su hija de 9 a\u00f1os, de un matrimonio anterior. No era un hombre responsable, sino irresponsable, que no fue capaz de afrontar los problemas de hombre abandonado y los resolvi\u00f3 quitando la vida a J\u00e9ssica y la suya propia. Un hombre d\u00e9bil, dependiente, cobarde, ego\u00edsta, irresponsable. Estos son los atributos con los que habr\u00eda que definir no solo a los asesinos de mujeres para despojarlos de los estereotipos positivos sobre los que los hombres, en general, est\u00e1n parapetados.&nbsp;<\/p>\n\n\n\n<p class=\"wp-block-paragraph\">Estereotipos positivos asociados a los hombres y a la masculinidad, los prestigiados; estereotipos negativos asociados a las mujeres y la feminidad, los desprestigiados y antit\u00e9ticos, dan como resultado relaciones desiguales de dominaci\u00f3n y sometimiento entre hombres y mujeres. Por eso la ONU se\u00f1ala que los estereotipos, tan interesadamente elaborados por el patriarcado, son la causa de la violencia machista.<\/p>\n\n\n\n<p class=\"wp-block-paragraph\">\u00bfSon las mujeres tambi\u00e9n responsables de fomentar los estereotipos masculinos de g\u00e9nero? Dejemos que sea esta frase de Virginia Woolf, escrita hace casi noventa a\u00f1os, quien responda la pregunta \u201cDurante todos estos siglos las mujeres han sido espejos dotados del m\u00e1gico y delicioso poder de reflejar una silueta del hombre de tama\u00f1o doble del natural [\u2026]. Porque si ellas se ponen a decir la verdad, la imagen del espejo se encoge; la robustez del hombre ante la vida disminuye. \u00bfC\u00f3mo va a emitir juicios, civilizar ind\u00edgenas, hacer leyes, escribir libros, vestirse de etiqueta y hacer discursos en los banquetes si a la hora del desayuno y de la cena no puede verse a s\u00ed mismo por lo menos de tama\u00f1o doble de lo que es? [\u2026]. La imagen del espejo tiene una importancia suprema, porque carga la vitalidad, estimula el sistema nervioso. Suprimidla y puede que el hombre muera, como el adicto a las drogas privado de coca\u00edna\u201d.<\/p>\n","protected":false},"excerpt":{"rendered":"<p>La palabra clave son los estereotipos. Informar de la violencia de g\u00e9nero es contar lo que hay que contar para lograr una ciudadan\u00eda libre y capaz de gobernarse a s\u00ed misma. LA OPINI\u00d3N Pilar L\u00f3pez D\u00edez&nbsp;&nbsp; SemM\u00e9xico\/El Diario. Espa\u00f1a. 25 de noviembre de 2018.- El criminal Imanol Castillo S\u00e1nchez (31 a\u00f1os) asesin\u00f3 a la que [&hellip;]<\/p>\n","protected":false},"author":3,"featured_media":6725,"comment_status":"open","ping_status":"open","sticky":false,"template":"","format":"standard","meta":{"_monsterinsights_skip_tracking":false,"footnotes":""},"categories":[689,82],"tags":[],"class_list":["post-6724","post","type-post","status-publish","format-standard","has-post-thumbnail","category-689","category-la-opinion"],"_links":{"self":[{"href":"https:\/\/redsemlac.com\/semmexico\/wp-json\/wp\/v2\/posts\/6724","targetHints":{"allow":["GET"]}}],"collection":[{"href":"https:\/\/redsemlac.com\/semmexico\/wp-json\/wp\/v2\/posts"}],"about":[{"href":"https:\/\/redsemlac.com\/semmexico\/wp-json\/wp\/v2\/types\/post"}],"author":[{"embeddable":true,"href":"https:\/\/redsemlac.com\/semmexico\/wp-json\/wp\/v2\/users\/3"}],"replies":[{"embeddable":true,"href":"https:\/\/redsemlac.com\/semmexico\/wp-json\/wp\/v2\/comments?post=6724"}],"version-history":[{"count":0,"href":"https:\/\/redsemlac.com\/semmexico\/wp-json\/wp\/v2\/posts\/6724\/revisions"}],"wp:featuredmedia":[{"embeddable":true,"href":"https:\/\/redsemlac.com\/semmexico\/wp-json\/wp\/v2\/media\/6725"}],"wp:attachment":[{"href":"https:\/\/redsemlac.com\/semmexico\/wp-json\/wp\/v2\/media?parent=6724"}],"wp:term":[{"taxonomy":"category","embeddable":true,"href":"https:\/\/redsemlac.com\/semmexico\/wp-json\/wp\/v2\/categories?post=6724"},{"taxonomy":"post_tag","embeddable":true,"href":"https:\/\/redsemlac.com\/semmexico\/wp-json\/wp\/v2\/tags?post=6724"}],"curies":[{"name":"wp","href":"https:\/\/api.w.org\/{rel}","templated":true}]}}