{"id":67238,"date":"2023-05-28T18:43:02","date_gmt":"2023-05-28T23:43:02","guid":{"rendered":"https:\/\/redsemlac.com\/semmexico\/?p=67238"},"modified":"2023-05-28T18:43:03","modified_gmt":"2023-05-28T23:43:03","slug":"menstruar-tras-las-rejas-un-desafio-para-las-internas-de-cdmx","status":"publish","type":"post","link":"https:\/\/redsemlac.com\/semmexico\/menstruar-tras-las-rejas-un-desafio-para-las-internas-de-cdmx\/","title":{"rendered":"Menstruar tras las rejas, un desaf\u00edo para las internas de CDMX"},"content":{"rendered":"\n<p class=\"has-small-font-size wp-block-paragraph\">Beatriz estuvo seis a\u00f1os en prisi\u00f3n y despu\u00e9s fund\u00f3 la Asociaci\u00f3n Civil Mujeres x la Libertad. Foto: Aracely Mart\u00ednez | Ovaciones<\/p>\n\n\n\n<p class=\"wp-block-paragraph\">Dentro de los reclusorios utilizan pedazos de peri\u00f3dico, trozos de ropa y hasta cubrebocas para gestionar su menstruaci\u00f3n<\/p>\n\n\n\n<p class=\"wp-block-paragraph\">Congreso&nbsp;capitalino pide a la Secretar\u00eda de Salud local otorgue de manera gratuita&nbsp;toallas sanitarias&nbsp;para mujeres privadas de la libertad<\/p>\n\n\n\n<p class=\"wp-block-paragraph\">Gloria L\u00f3pez<\/p>\n\n\n\n<p class=\"wp-block-paragraph\">SemM\u00e9xico\/ El Sol de M\u00e9xico, Ciudad de M\u00e9xico, 28 de mayo, 2023.- \u201cNo te queda de otra m\u00e1s que utilizar lo que tienes a la mano. Y lo que ten\u00eda era mi pantaleta, la doblaba en cuadritos, me la pon\u00eda y la lavaba para reutlizarla, usaba un calcet\u00edn o cortaba una esponja en cachos\u201d, cuenta&nbsp;Blanca Estela Guevara, quien estuvo en prisi\u00f3n durante 10 a\u00f1os.<\/p>\n\n\n\n<p class=\"wp-block-paragraph\">En el&nbsp;Sistema Penitenciario de la Ciudad de M\u00e9xico&nbsp;hay un registro de 25 mil 520&nbsp;personas privadas de la libertad, de las cuales mil 532 son mujeres distribuidas en dos penales:&nbsp;Santa Martha Acatitla y Tepepan.<\/p>\n\n\n\n<p class=\"wp-block-paragraph\">En estos espacios ellas deben buscar la forma de ganar dinero para comprar sus productos de&nbsp;higiene menstrual.<\/p>\n\n\n\n<p class=\"wp-block-paragraph\">\u201cAl principio la familia saca su guardadito y te provee los primeros tres meses de&nbsp;toallas sanitarias&nbsp;y de cosas m\u00e1s indispensables como jab\u00f3n de ba\u00f1o, cepillo de dientes y pasta, pero los recursos poco a poco se van acabando.<\/p>\n\n\n\n<p class=\"wp-block-paragraph\">\u201cYo hac\u00eda quehacer, llevaba garrafones de agua a las estancias, alg\u00fan mandado o cualquier cosa que pueda generar dinero, pero llega un momento en que no tienes la econom\u00eda suficiente para comprarte unas&nbsp;toallas&nbsp;dentro de la instituci\u00f3n, porque no las otorgan, las venden\u201d, explica Blanca en entrevista con El Sol de M\u00e9xico.<\/p>\n\n\n\n<figure class=\"wp-block-image size-full\"><a href=\"https:\/\/redsemlac.com\/semmexico\/wp-content\/uploads\/2023\/05\/tras-las-rejas-02.jpg\"><img loading=\"lazy\" decoding=\"async\" width=\"720\" height=\"449\" src=\"https:\/\/redsemlac.com\/semmexico\/wp-content\/uploads\/2023\/05\/tras-las-rejas-02.jpg\" alt=\"\" class=\"wp-image-67241\"\/><\/a><\/figure>\n\n\n\n<p class=\"wp-block-paragraph\">De acuerdo con el Diagn\u00f3stico Sobre las&nbsp;Condiciones de Vida de las Mujeres Privadas de la Libertad, de la&nbsp;Comisi\u00f3n Nacional de Derechos Humanos (CDNH), el precio de las toallas sanitarias dentro de los&nbsp;reclusorios&nbsp;se eleva hasta en 50 por ciento respecto del costo comercial, por lo que 21 por ciento de las&nbsp;mujeres&nbsp;en prisi\u00f3n no tiene acceso a ellos.<\/p>\n\n\n\n<p class=\"wp-block-paragraph\">En tiendas de la Ciudad de M\u00e9xico un paquete de 10 toallas cuesta entre 25 y 40 pesos. Una sola&nbsp;toalla sanitaria&nbsp;dentro de reclusi\u00f3n puede llegar a costar hasta 10 pesos, por lo que un paquete de 10 equivale a 100 pesos.<\/p>\n\n\n\n<p class=\"wp-block-paragraph\">\u201cLlega un momento en que s\u00f3lo te puedes cambiar una vez al d\u00eda la toalla porque no tienes m\u00e1s para cambiarte, afuera te cambias tres o cuatro veces al d\u00eda, en el reclusorio as\u00ed est\u00e9s manchada del pantal\u00f3n y con la&nbsp;toalla&nbsp;que ya no soporta m\u00e1s l\u00edquido, nos tenemos que aguantar\u201d, se\u00f1al\u00f3 Blanca.<\/p>\n\n\n\n<p class=\"wp-block-paragraph\">Beatriz Maldonado Cruz&nbsp;estuvo seis a\u00f1os en prisi\u00f3n y despu\u00e9s fund\u00f3 la&nbsp;Asociaci\u00f3n Civil Mujeres X por la Libertad. Ella ayuda a quienes a\u00fan permanecen presas a trav\u00e9s de donaciones de kits de higiene.<\/p>\n\n\n\n<p class=\"wp-block-paragraph\">&nbsp;\u201cCuando llegas a prisi\u00f3n no te dan absolutamente nada, el primer d\u00eda que me lleg\u00f3 mi&nbsp;menstruaci\u00f3n&nbsp;tuve que ocupar mis calcetines, despu\u00e9s cort\u00e9 un pantal\u00f3n que me dieron talla 40 con una navaja de un rastrillo, hice varios lienzos hasta que lo dej\u00e9 en short para poder usarlos\u201d, cont\u00f3.<\/p>\n\n\n\n<p class=\"wp-block-paragraph\">La asociaci\u00f3n se ali\u00f3 con el&nbsp;Consejo para Prevenir y Erradicar la Discriminaci\u00f3n (Corred)&nbsp;para analizar este problema. Como resultado de la alianza surgi\u00f3 el estudio \u201cPeriodo tras las rejas\u201d.<\/p>\n\n\n\n<figure class=\"wp-block-image size-full\"><a href=\"https:\/\/redsemlac.com\/semmexico\/wp-content\/uploads\/2023\/05\/tras-las-rejas-03.jpg\"><img loading=\"lazy\" decoding=\"async\" width=\"720\" height=\"449\" src=\"https:\/\/redsemlac.com\/semmexico\/wp-content\/uploads\/2023\/05\/tras-las-rejas-03.jpg\" alt=\"\" class=\"wp-image-67242\"\/><\/a><\/figure>\n\n\n\n<p class=\"wp-block-paragraph\">Beatriz pudo saber a trav\u00e9s de ese estudio que 60 por ciento de las mujeres que han estado en prisi\u00f3n son olvidadas por sus familiares, por lo que cada vez se vuelve m\u00e1s dif\u00edcil que tengan acceso a los insumos b\u00e1sicos de&nbsp;higiene&nbsp;personal y&nbsp;medicamentos&nbsp;para que vivan adecuadamente su menstruaci\u00f3n.<\/p>\n\n\n\n<p class=\"wp-block-paragraph\">Manifest\u00f3 que a pesar de que en M\u00e9xico se elimin\u00f3 el cobro de IVA a los productos de&nbsp;gesti\u00f3n menstrual, este es un avance que no sirve para las&nbsp;mujeres en reclusi\u00f3n, ya que adentro no hay empleo, no tienen c\u00f3mo comprarlas y se ven obligadas a utilizar todo menos una toalla.<\/p>\n\n\n\n<p class=\"wp-block-paragraph\">Su asociaci\u00f3n, la Cruz Roja, y colectivos realizan donaciones de productos b\u00e1sicos para la\u00a0higiene personal\u00a0y\u00a0gesti\u00f3n menstrual\u00a0de las mujeres en los centros penitenciarios, sin embargo, asegura, no son suficientes.<\/p>\n\n\n\n<figure class=\"wp-block-image size-full\"><a href=\"https:\/\/redsemlac.com\/semmexico\/wp-content\/uploads\/2023\/05\/tras-las-rejas-04.jpg\"><img loading=\"lazy\" decoding=\"async\" width=\"720\" height=\"448\" src=\"https:\/\/redsemlac.com\/semmexico\/wp-content\/uploads\/2023\/05\/tras-las-rejas-04.jpg\" alt=\"\" class=\"wp-image-67243\"\/><\/a><\/figure>\n\n\n\n<p class=\"has-small-font-size wp-block-paragraph\">Beatriz estuvo seis a\u00f1os en prisi\u00f3n y despu\u00e9s fund\u00f3 la Asociaci\u00f3n Civil Mujeres X la Libertad&nbsp;\/&nbsp;Aracely Mart\u00ednez | El Sol de M\u00e9xico<\/p>\n\n\n\n<p class=\"wp-block-paragraph\">\u201cCuando yo estuve no hab\u00eda una atenci\u00f3n dentro del sistema penitenciario para proporcionarnos atenci\u00f3n a la&nbsp;salud sexual&nbsp;y reproductiva y menos si te rosas, te irritas, te enfermas o te dan infecciones vaginales. Vas a servicio m\u00e9dico y no hay nada para eso, si acaso te dan un paracetamol\u201d, lament\u00f3.<\/p>\n\n\n\n<p class=\"wp-block-paragraph\">En abril, la diputada local Marisela Z\u00fa\u00f1iga present\u00f3 ante el&nbsp;Congreso&nbsp;capitalino una iniciativa para que la Secretar\u00eda de Salud local otorgue de manera gratuita&nbsp;toallas sanitarias&nbsp;para mujeres privadas de la libertad en centros penitenciarios y tengan una&nbsp;menstruaci\u00f3n digna. Los legisladores de la Ciudad de M\u00e9xico a\u00fan discuten esa propuesta.<\/p>\n","protected":false},"excerpt":{"rendered":"<p>Congreso\u00a0capitalino pide a la Secretar\u00eda de Salud local otorgue de manera gratuita\u00a0toallas sanitarias\u00a0para mujeres privadas de la libertad<\/p>\n","protected":false},"author":3,"featured_media":67240,"comment_status":"open","ping_status":"open","sticky":false,"template":"","format":"standard","meta":{"_monsterinsights_skip_tracking":false,"footnotes":""},"categories":[54],"tags":[],"class_list":["post-67238","post","type-post","status-publish","format-standard","has-post-thumbnail","category-mujeres"],"_links":{"self":[{"href":"https:\/\/redsemlac.com\/semmexico\/wp-json\/wp\/v2\/posts\/67238","targetHints":{"allow":["GET"]}}],"collection":[{"href":"https:\/\/redsemlac.com\/semmexico\/wp-json\/wp\/v2\/posts"}],"about":[{"href":"https:\/\/redsemlac.com\/semmexico\/wp-json\/wp\/v2\/types\/post"}],"author":[{"embeddable":true,"href":"https:\/\/redsemlac.com\/semmexico\/wp-json\/wp\/v2\/users\/3"}],"replies":[{"embeddable":true,"href":"https:\/\/redsemlac.com\/semmexico\/wp-json\/wp\/v2\/comments?post=67238"}],"version-history":[{"count":0,"href":"https:\/\/redsemlac.com\/semmexico\/wp-json\/wp\/v2\/posts\/67238\/revisions"}],"wp:featuredmedia":[{"embeddable":true,"href":"https:\/\/redsemlac.com\/semmexico\/wp-json\/wp\/v2\/media\/67240"}],"wp:attachment":[{"href":"https:\/\/redsemlac.com\/semmexico\/wp-json\/wp\/v2\/media?parent=67238"}],"wp:term":[{"taxonomy":"category","embeddable":true,"href":"https:\/\/redsemlac.com\/semmexico\/wp-json\/wp\/v2\/categories?post=67238"},{"taxonomy":"post_tag","embeddable":true,"href":"https:\/\/redsemlac.com\/semmexico\/wp-json\/wp\/v2\/tags?post=67238"}],"curies":[{"name":"wp","href":"https:\/\/api.w.org\/{rel}","templated":true}]}}