{"id":67011,"date":"2023-05-22T10:54:42","date_gmt":"2023-05-22T15:54:42","guid":{"rendered":"https:\/\/redsemlac.com\/semmexico\/?p=67011"},"modified":"2023-05-22T10:54:43","modified_gmt":"2023-05-22T15:54:43","slug":"violeta-del-anahuac-popocatepetl-sin-fonden","status":"publish","type":"post","link":"https:\/\/redsemlac.com\/semmexico\/violeta-del-anahuac-popocatepetl-sin-fonden\/","title":{"rendered":"Violeta del An\u00e1huac| \u201cPopocat\u00e9petl\u2026 sin FONDEN\u201d"},"content":{"rendered":"\n<p class=\"wp-block-paragraph\"><strong>Isabel Ortega Morales<\/strong><\/p>\n\n\n\n<p class=\"wp-block-paragraph\">SemM\u00e9xico, Chilpancingo, Guerrero, 22 de mayo del 2023.- Cuando en los meses de marzo y abril de 1982 hizo erupci\u00f3n el Volc\u00e1n Chichonal, en Chiapas, dos de los tres factores que se consideraron de riesgo para la poblaci\u00f3n eran inherentes a la naturaleza, salvo uno, la falta de mecanismos organizados de respuesta ante la emergencia. Esto se hizo m\u00e1s evidente cuando en septiembre de 1985, los sismos con epicentro en nuestro estado de Guerrero, mostraron la gran respuesta ciudadana y el shock ante el hecho que se manifest\u00f3 al tardar en salir a prestar ayuda de un gobierno que encabezaba Miguel de la Madrid.<\/p>\n\n\n\n<p class=\"wp-block-paragraph\">Los gobiernos posteriores aprendieron de esa emergencia y crearon el FONDEN, Fondo de Apoyo ante Desastres Naturales que, al menos, permit\u00eda una movilizaci\u00f3n gubernamental inmediata y la prestaci\u00f3n de ayuda a la sociedad, hasta que fue retirado el programa en este gobierno que encabeza el Presidente Andr\u00e9s Manuel L\u00f3pez Obrador.<\/p>\n\n\n\n<p class=\"wp-block-paragraph\">A prop\u00f3sito de la actividad volc\u00e1nica que presenta el Popocat\u00e9petl, la jefa de Gobierno capitalina, Claudia Sheinbaum, quiz\u00e1 para mostrar estar enterada del tema, dijo a los medios y con ello a la poblaci\u00f3n cercana al Volc\u00e1n, que su gobierno estaba \u201cpreparado\u201d para enfrentar \u201ccualquier cosa que ocurra\u201d.<\/p>\n\n\n\n<p class=\"wp-block-paragraph\">Pero su respuesta deja m\u00e1s preocupaci\u00f3n que tranquilidad.<\/p>\n\n\n\n<p class=\"wp-block-paragraph\">Por ejemplo la ceniza volc\u00e1nica ha llegado ya al estado de Puebla, hay visos de su presencia en Tlaxcala, y se dice que podr\u00eda extenderse hasta los estados de Morelos y la propia capital del pa\u00eds, CDMX, y no hay en los medios radiof\u00f3nicos ninguna campa\u00f1a que permita a la ciudadan\u00eda saber c\u00f3mo actuar ante ese efecto de la actividad del \u201cPopo\u201d, intentando dejar por sentado que la gente ya sabe que hacer, sin ayudarlos a mantener serenidad, prepararse para atender en sus hogares, cuidar su salud, as\u00ed como de los animales dom\u00e9sticos, de la calle, ganado, aves de corral, etc.<\/p>\n\n\n\n<p class=\"wp-block-paragraph\">Si en un caso elemental de atenci\u00f3n gubernamental en apoyo a la ciudadan\u00eda no est\u00e1 presente el gobierno de do\u00f1a Claudia, deja abierta la preocupaci\u00f3n de si lo estar\u00e1 \u201cante cualquier cosa que suceda\u201d, entendi\u00e9ndose como una erupci\u00f3n de gran magnitud, llamadas \u201cerupciones explosivas con abundante lluvia de ceniza y flujos pirocl\u00e1sticos\u201d o \u201ccorrientes de densidad compuestos de ceniza y rocas a muy altas temperaturas\u201d con nubes ardientes y lava que se desplaza por las laderas a alta velocidad.<\/p>\n\n\n\n<p class=\"wp-block-paragraph\">Pero la jefa de Gobierno capitalino no habl\u00f3 de los mecanismos organizados de respuesta ante la emergencia que tiene ante este hecho.<\/p>\n\n\n\n<p class=\"wp-block-paragraph\">Uno puede entender que est\u00e1 mejor organizado su grupo pol\u00edtico para atender la agenda de lo importante en ello escrito, que lo necesario para conocer y actuar como en este caso de \u201cDon Goyo\u201d que ha decidido distraer la atenci\u00f3n de do\u00f1a Claudia.<\/p>\n\n\n\n<p class=\"wp-block-paragraph\">Las circunstancias pol\u00edticas a veces no se llevan bien con las que marca la naturaleza y la vida, donde cualquier omisi\u00f3n puede generar un desastre que, sin el FONDEN activo, dificulta una atenci\u00f3n m\u00e1s humana y puede impactar, no solo en la vida y bienestar de la poblaci\u00f3n, sino tambi\u00e9n en lo pol\u00edtico, donde interesa a la clase pol\u00edtica.<\/p>\n","protected":false},"excerpt":{"rendered":"<p>Los gobiernos posteriores aprendieron de esa emergencia y crearon el FONDEN, Fondo de Apoyo ante Desastres Naturales que, al menos, permit\u00eda una movilizaci\u00f3n gubernamental inmediata y la prestaci\u00f3n de ayuda a la sociedad, hasta que fue retirado el programa en este gobierno que encabeza el Presidente Andr\u00e9s Manuel L\u00f3pez Obrador.<\/p>\n","protected":false},"author":3,"featured_media":38055,"comment_status":"open","ping_status":"open","sticky":false,"template":"","format":"standard","meta":{"_monsterinsights_skip_tracking":false,"footnotes":""},"categories":[198,35,197],"tags":[459],"class_list":["post-67011","post","type-post","status-publish","format-standard","has-post-thumbnail","category-isabel-ortega-morales","category-opinion","category-violeta-del-anahuac","tag-opinion"],"_links":{"self":[{"href":"https:\/\/redsemlac.com\/semmexico\/wp-json\/wp\/v2\/posts\/67011","targetHints":{"allow":["GET"]}}],"collection":[{"href":"https:\/\/redsemlac.com\/semmexico\/wp-json\/wp\/v2\/posts"}],"about":[{"href":"https:\/\/redsemlac.com\/semmexico\/wp-json\/wp\/v2\/types\/post"}],"author":[{"embeddable":true,"href":"https:\/\/redsemlac.com\/semmexico\/wp-json\/wp\/v2\/users\/3"}],"replies":[{"embeddable":true,"href":"https:\/\/redsemlac.com\/semmexico\/wp-json\/wp\/v2\/comments?post=67011"}],"version-history":[{"count":0,"href":"https:\/\/redsemlac.com\/semmexico\/wp-json\/wp\/v2\/posts\/67011\/revisions"}],"wp:featuredmedia":[{"embeddable":true,"href":"https:\/\/redsemlac.com\/semmexico\/wp-json\/wp\/v2\/media\/38055"}],"wp:attachment":[{"href":"https:\/\/redsemlac.com\/semmexico\/wp-json\/wp\/v2\/media?parent=67011"}],"wp:term":[{"taxonomy":"category","embeddable":true,"href":"https:\/\/redsemlac.com\/semmexico\/wp-json\/wp\/v2\/categories?post=67011"},{"taxonomy":"post_tag","embeddable":true,"href":"https:\/\/redsemlac.com\/semmexico\/wp-json\/wp\/v2\/tags?post=67011"}],"curies":[{"name":"wp","href":"https:\/\/api.w.org\/{rel}","templated":true}]}}