{"id":67009,"date":"2023-05-22T10:48:16","date_gmt":"2023-05-22T15:48:16","guid":{"rendered":"https:\/\/redsemlac.com\/semmexico\/?p=67009"},"modified":"2023-05-22T10:48:17","modified_gmt":"2023-05-22T15:48:17","slug":"tras-la-puerta-del-poder-ocupacion-temporal-eufemismo-lopezobradorista-de-expropiacion","status":"publish","type":"post","link":"https:\/\/redsemlac.com\/semmexico\/tras-la-puerta-del-poder-ocupacion-temporal-eufemismo-lopezobradorista-de-expropiacion\/","title":{"rendered":"Tras la Puerta del Poder| \u00bfOcupaci\u00f3n temporal?&#8230; eufemismo lopezobradorista de expropiaci\u00f3n"},"content":{"rendered":"\n<p class=\"wp-block-paragraph\"><strong>Roberto Vizca\u00edno<\/strong><\/p>\n\n\n\n<p class=\"wp-block-paragraph\">SemM\u00e9xico, Ciudad de M\u00e9xico, 22 de mayo del 2023.- No hay forma de encubrir su chavismo. El asalto madrugador del viernes pasado con marinos armados a 3 tramos e instalaciones de Ferrosur, de Grupo M\u00e9xico de Germ\u00e1n Larrea, es simple y llanamente una expropiaci\u00f3n de talante bolivariano.<\/p>\n\n\n\n<p class=\"wp-block-paragraph\">La \u201cocupaci\u00f3n temporal\u201d militar, realizada bajo el amparo legal muy forzado de un decreto de Andr\u00e9s Manuel L\u00f3pez Obrador bajo el argumento de preservar la seguridad nacional, y evitar pagos por el derecho de paso, se ejecut\u00f3 luego de que el propietario de la concesi\u00f3n -Larrea- se neg\u00f3 con todo su derecho a regresarla sin indemnizaci\u00f3n y sin cobrar sus respectivas sanciones como quer\u00eda el mandatario.<\/p>\n\n\n\n<p class=\"wp-block-paragraph\">En 2 ocasiones se reuni\u00f3 AMLO con Larrea la semana pasada en Palacio. El viernes AMLO le dio el albazo, el descont\u00f3n chavista. Ese d\u00eda los representantes de la empresa ten\u00edan una reuni\u00f3n m\u00e1s con los enviados de AMLO y su Gobierno para continuar en la b\u00fasqueda de una soluci\u00f3n a los reclamos del tabasque\u00f1o. El encuentro ya no se realiz\u00f3. Ya la marina estaba en posesi\u00f3n a la brava, con armas, de Ferrosur.<\/p>\n\n\n\n<p class=\"wp-block-paragraph\">\u201cLa sorpresiva e inusitada acci\u00f3n militar\u201d realizada por Marina y el Gobierno de AMLO, afirma Larrea v\u00eda Grupo M\u00e9xico, hace muy complicada una negociaci\u00f3n.<\/p>\n\n\n\n<p class=\"wp-block-paragraph\">Agrega:<\/p>\n\n\n\n<p class=\"wp-block-paragraph\">\u201cDe no llegar a un acuerdo en la negociaci\u00f3n, la ocupaci\u00f3n temporal se convertir\u00eda en definitiva\u201d.<\/p>\n\n\n\n<p class=\"wp-block-paragraph\">O sea, es una expropiaci\u00f3n con toda la regla.<\/p>\n\n\n\n<p class=\"wp-block-paragraph\">\u00bfPor qu\u00e9 AMLO orden\u00f3 este asalto?<\/p>\n\n\n\n<p class=\"wp-block-paragraph\">De acuerdo con enterados este golpe armado se realiz\u00f3 porque hoy los trenes de la paraestatal administrada por Marina Ferrocarriles de Tehuantepec detienen el paso antes de ingresar a las v\u00edas concesionadas a Ferrosur rumbo a Coatzacoalcos.<\/p>\n\n\n\n<p class=\"wp-block-paragraph\">Para pasar los trenes de la paraestatal tienen que pedir la autorizaci\u00f3n a Ferrosur de Larrea y pagar derechos de paso, lo que impacta en costos y en programaci\u00f3n operativa.<\/p>\n\n\n\n<p class=\"wp-block-paragraph\">AMLO le habr\u00eda pedido a Larrea regresar la concesi\u00f3n al Gobierno sin indemnizaci\u00f3n y sin reclamar cobro de sanciones a lo que el empresario se neg\u00f3 y le propuso a su vez construir una v\u00eda alterna para los trenes de la paraestatal pues los tramos afectados son puntos neur\u00e1lgicos en la comunicaci\u00f3n de sur a norte del Pa\u00eds.<\/p>\n\n\n\n<p class=\"wp-block-paragraph\">En un inicio AMLO acept\u00f3 a inicios de 2022 la propuesta de Larrea quien de inmediato orden\u00f3 la obra y destin\u00f3 cientos de millones de pesos a esa construcci\u00f3n, pero AMLO decidi\u00f3 que mejor no, que quer\u00eda lo que tiene Ferrosur, y entonces orden\u00f3 el asalto.<\/p>\n\n\n\n<p class=\"wp-block-paragraph\">Eso le garantizar\u00eda al mandatario acelerar las obras del Corredor Interoce\u00e1nico para terminar antes del fin de su mandato, y dar\u00eda libre paso a Ferrocarriles de Tehuantepec o Tren Trans\u00edstmico, empresa paraestatal creada en 2020 y administrada por Marina.<\/p>\n\n\n\n<p class=\"wp-block-paragraph\">El punto adem\u00e1s es estrat\u00e9gico para la conexi\u00f3n ferroviaria con la obra de la Refiner\u00eda de Dos Bocas y su enlace con el Tren Maya, obras centrales irrenunciables de AMLO.<\/p>\n\n\n\n<p class=\"wp-block-paragraph\">Con esto qued\u00f3 demostrado a lo que el mandatario est\u00e1 dispuesto a llegar por esas obras.<\/p>\n\n\n\n<p class=\"wp-block-paragraph\">Sin duda cree que con el eufemismo legaloide de \u201cocupaci\u00f3n temporal\u201d podr\u00e1 paliar los reclamos y temores de inversionistas nacionales y extranjeros que ya salieron inmediatamente a advertir que esta expropiaci\u00f3n parar\u00e1 las inversiones que estaban previstas a realizarse en M\u00e9xico.<\/p>\n\n\n\n<p class=\"wp-block-paragraph\">Otros temen que este acto sea el inicio de golpes chavistas que acerquen m\u00e1s a M\u00e9xico a una Venezuela en caos y sin libertades ni respeto al Estado de Derecho.<\/p>\n\n\n\n<p class=\"wp-block-paragraph\">Ya veremos pronto hacia d\u00f3nde deriva este asalto armado.<\/p>\n\n\n\n<p class=\"wp-block-paragraph\"><strong>Monreal acusa alevosa cargada de gobernadores<\/strong><\/p>\n\n\n\n<p class=\"wp-block-paragraph\">Entrevistado por el diario El Pa\u00eds, Ricardo Monreal no esconde su irritaci\u00f3n.<\/p>\n\n\n\n<p class=\"wp-block-paragraph\">Advierte que el destape anticipado de contendientes de Morena a la sucesi\u00f3n presidencial para el 2024 ha derivado en la formaci\u00f3n de dos bloques de gobernadores\/as: uno en favor de Claudia Sheinbaum y otro para Ad\u00e1n Augusto L\u00f3pez.<\/p>\n\n\n\n<p class=\"wp-block-paragraph\">Su partido, Morena, nunca respondi\u00f3 a su reclamo de ir a reglas negociadas por la dirigencia y los aspirantes para garantizar equidad y piso parejo.<\/p>\n\n\n\n<p class=\"wp-block-paragraph\">Hoy por ello, afirma, Marcelo Ebrard y \u00e9l han sido dejados fuera de los apoyos de los gobernadores. Marcelo dice, cuenta quiz\u00e1 con algunos mandatarios estatales y \u00e9l, apenas con el de su hermano, David Monreal, el gobernador de Zacatecas.<\/p>\n\n\n\n<p class=\"wp-block-paragraph\">Recuerda que la mayor\u00eda de las y los gobernadores que apoyan a Sheinbaum y a Ad\u00e1n Augusto surgieron de las filas del Senado y son pol\u00edticos que recibieron apoyos de \u00e9l como coordinador de la fracci\u00f3n de Morena y como presidente de la Junta de Coordinaci\u00f3n Pol\u00edtica pero que ahora lo han abandonado.<\/p>\n\n\n\n<p class=\"wp-block-paragraph\">Ricardo Monreal le aclara a El Pa\u00eds, que pese a las inequidades e irregularidades que han marcado el proceso de Morena, \u00e9l ni renunciar\u00e1 a la contienda ni declinar\u00e1 por nadie, menos denunciar\u00e1 ante las autoridades electorales las evidentes violaciones cometidas en la contienda porque ello debilitar\u00eda al movimiento del que proviene.<\/p>\n\n\n\n<p class=\"wp-block-paragraph\">Afirma que a\u00fan a destiempo, en la reuni\u00f3n que tendr\u00e1n la y los 3 aspirantes luego de las elecciones del Estado de M\u00e9xico y de Coahuila, pedir\u00e1 eliminar las cargadas insultantes en favor de Sheinbaum y de L\u00f3pez, e ir a foros y debates regionales entre ellos con miras a luego enfrentar la encuesta que defina al candidato presidencial de Morena.<\/p>\n\n\n\n<p class=\"wp-block-paragraph\">Poco que hacer ya, reconoce.<\/p>\n\n\n\n<p class=\"wp-block-paragraph\"><a href=\"mailto:...rvizcainoa@gmail.com\">&#8230;rvizcainoa@gmail.com<\/a> &nbsp;\/ Twitter: @_Vizcaino \/ Facebook \/ <a href=\"https:\/\/www.facebook.com\/rvizcainoa\">https:\/\/www.facebook.com\/rvizcainoa<\/a> &nbsp;&nbsp;<\/p>\n","protected":false},"excerpt":{"rendered":"<p>No hay forma de encubrir su chavismo. El asalto madrugador del viernes pasado con marinos armados a 3 tramos e instalaciones de Ferrosur, de Grupo M\u00e9xico de Germ\u00e1n Larrea, es simple y llanamente una expropiaci\u00f3n de talante bolivariano.<\/p>\n","protected":false},"author":3,"featured_media":39589,"comment_status":"open","ping_status":"open","sticky":false,"template":"","format":"standard","meta":{"_monsterinsights_skip_tracking":false,"footnotes":""},"categories":[35,623,622],"tags":[459],"class_list":["post-67009","post","type-post","status-publish","format-standard","has-post-thumbnail","category-opinion","category-roberto-vizcaino","category-tras-la-puerta-del-poder","tag-opinion"],"_links":{"self":[{"href":"https:\/\/redsemlac.com\/semmexico\/wp-json\/wp\/v2\/posts\/67009","targetHints":{"allow":["GET"]}}],"collection":[{"href":"https:\/\/redsemlac.com\/semmexico\/wp-json\/wp\/v2\/posts"}],"about":[{"href":"https:\/\/redsemlac.com\/semmexico\/wp-json\/wp\/v2\/types\/post"}],"author":[{"embeddable":true,"href":"https:\/\/redsemlac.com\/semmexico\/wp-json\/wp\/v2\/users\/3"}],"replies":[{"embeddable":true,"href":"https:\/\/redsemlac.com\/semmexico\/wp-json\/wp\/v2\/comments?post=67009"}],"version-history":[{"count":0,"href":"https:\/\/redsemlac.com\/semmexico\/wp-json\/wp\/v2\/posts\/67009\/revisions"}],"wp:featuredmedia":[{"embeddable":true,"href":"https:\/\/redsemlac.com\/semmexico\/wp-json\/wp\/v2\/media\/39589"}],"wp:attachment":[{"href":"https:\/\/redsemlac.com\/semmexico\/wp-json\/wp\/v2\/media?parent=67009"}],"wp:term":[{"taxonomy":"category","embeddable":true,"href":"https:\/\/redsemlac.com\/semmexico\/wp-json\/wp\/v2\/categories?post=67009"},{"taxonomy":"post_tag","embeddable":true,"href":"https:\/\/redsemlac.com\/semmexico\/wp-json\/wp\/v2\/tags?post=67009"}],"curies":[{"name":"wp","href":"https:\/\/api.w.org\/{rel}","templated":true}]}}