{"id":6700,"date":"2018-12-14T04:16:58","date_gmt":"2018-12-14T04:16:58","guid":{"rendered":"https:\/\/redsemlac.com\/semmexico\/?p=6700"},"modified":"2023-07-21T14:34:41","modified_gmt":"2023-07-21T19:34:41","slug":"ellas-en-el-retrovisor","status":"publish","type":"post","link":"https:\/\/redsemlac.com\/semmexico\/ellas-en-el-retrovisor\/","title":{"rendered":"Ellas en el retrovisor"},"content":{"rendered":"\n<p class=\"wp-block-paragraph\">\u2022 Hoy viernes se reunir\u00e1 la Junta de Gobierno, se presentar\u00e1 y avalar\u00e1 la terna de candidatas para dirigir este organismo.<\/p>\n\n\n\n<h5 class=\"wp-block-heading\"> Atentxs a INMUJERES<\/h5>\n\n\n\n<p class=\"wp-block-paragraph\"><a href=\"https:\/\/semmexico.com\/gallery-post.php?id=6646#\">LA OPINI\u00d3N<\/a><\/p>\n\n\n\n<p class=\"wp-block-paragraph\">Ivonne Melgar<\/p>\n\n\n\n<p class=\"wp-block-paragraph\">SemM\u00e9xico\/MujerEsM\u00e1s. 14 de diciembre 2018.- Este viernes la secretaria de Gobernaci\u00f3n, Olga S\u00e1nchez Cordero, se reunir\u00e1 con la Junta de Gobierno del Instituto Nacional de las Mujeres (INMUJERES) para presentar y avalar la terna de candidatas a dirigir este organismo aut\u00f3nomo en el sexenio del presidente Andr\u00e9s Manuel L\u00f3pez Obrador, quien tomar\u00e1 la decisi\u00f3n final.<\/p>\n\n\n\n<p class=\"wp-block-paragraph\">Como desde hace 22 a\u00f1os, cuando comenz\u00f3 a funcionar una instancia del Estado para el impulso de la pol\u00edtica de g\u00e9nero, el proceso de designaci\u00f3n muestra el m\u00fasculo de un movimiento feminista siempre activo y creciente.<\/p>\n\n\n\n<p class=\"wp-block-paragraph\">En lo personal, se trata de un momento emocionante que nos permite pulsar los diversos y ejemplares perfiles de luchadoras sociales y pol\u00edticas comprometidas con las mejores causas de la agenda de equidad e igualdad sustantiva.<\/p>\n\n\n\n<p class=\"wp-block-paragraph\">Justo ahora se agolpan en m\u00ed grandes recuerdos de las enormes feministas que hicieron posible con aportaciones desde distintos frentes que INMUJERES fuera lo que es ahora: una instituci\u00f3n de todas y para todas.<\/p>\n\n\n\n<p class=\"wp-block-paragraph\">C\u00f3mo olvidar el liderazgo de Dulce Mar\u00eda Sauri Riancho, actualmente diputada federal del PRI, cuando en el sexenio de Ernesto Zedillo sac\u00f3 adelante el programa y la comisi\u00f3n que m\u00e1s tarde dar\u00edan paso al Instituto. Desde entonces, la exgobernadora de Yucat\u00e1n pugn\u00f3 porque \u00e9ste fuera un espacio laico, comprometido con las banderas libertarias y democr\u00e1ticas de las mexicanas y de Naciones Unidas.<\/p>\n\n\n\n<p class=\"wp-block-paragraph\">Despu\u00e9s acudimos \u2013c\u00f3mo borrar de nuestra historia feminista esos gloriosos momentos de suma de esfuerzos\u2013, en 1999, con Guadalupe G\u00f3mez Maganda, titular de la comisi\u00f3n gubernamental, y con activistas tan brillantes como Patricia Olamendi, Patricia Mercado y Sara Lovera, a la presentaci\u00f3n del informe de M\u00e9xico a la sede de la ONU en Nueva York. Ah\u00ed entend\u00ed que el feminismo iba m\u00e1s all\u00e1 de partidos.<\/p>\n\n\n\n<p class=\"wp-block-paragraph\">Y aunque en el arranque del sexenio de Vicente Fox hubo la pretensi\u00f3n de que una parte del INMUJERES fuera espacio para las organizaciones conservadoras de dogmas religiosos y de la normalizaci\u00f3n del machismo, demasiado pronto su presidenta, la panista Patricia Espinosa Torres no s\u00f3lo comprendi\u00f3 el poder del feminismo sino que lo hizo suyo, convirti\u00e9ndose en una aliada de la pluralidad del movimiento.<\/p>\n\n\n\n<p class=\"wp-block-paragraph\">Con el gobierno de Felipe Calder\u00f3n, la jalisciense Roc\u00edo Gayt\u00e1n institucionaliz\u00f3 la fuerza de las organizaciones sociales de las mujeres como un componente indispensable de la pol\u00edtica de Estado con enfoque de g\u00e9nero.<\/p>\n\n\n\n<p class=\"wp-block-paragraph\">Ese legado se consolid\u00f3 en la gesti\u00f3n de Enrique Pe\u00f1a Nieto con la presidencia de Lorena Cruz, quien sin regateos se hizo acompa\u00f1ar de las feministas de todos los signos para dar seguimiento desde INMUJERES al establecimiento de la paridad, ese gran paso que se estableci\u00f3 en la ley durante el sexenio anterior.<\/p>\n\n\n\n<p class=\"wp-block-paragraph\">Y acaso porque he atestiguado el sostenido avance de las reivindicaciones feministas, esta vez, a diferencia de otros tiempos, m\u00e1s que emocionarme por una candidatura en particular, me llena de expectativa el proceso en tanto se da cuando contamos con el primer Congreso integrado por mujeres y hombres casi en igualdad num\u00e9rica.<\/p>\n\n\n\n<p class=\"wp-block-paragraph\">Mientras en otros tiempos esperaba la designaci\u00f3n de alguna pol\u00edtica o activista que me parec\u00eda con mejor perfil, ahora me preocupa y me ocupa las caracter\u00edsticas del proceso, es decir, la garant\u00eda de que habr\u00e1 equilibrio en la terna y que sus integrantes ser\u00e1n dignas representantes del poderoso y plural movimiento de mujeres en M\u00e9xico.<\/p>\n\n\n\n<p class=\"wp-block-paragraph\">Muy relevante ser\u00e1 conocer c\u00f3mo la secretaria S\u00e1nchez Cordero conduce esta deliberaci\u00f3n que, adem\u00e1s, contar\u00e1 con una mujer brillante como la actual secretaria ejecutiva de INMUJERES, Marcela Eternod, quien entregar\u00e1 la estafeta a la presidenta que L\u00f3pez Obrador designe.<\/p>\n\n\n\n<p class=\"wp-block-paragraph\">Y muy relevante ha sido la participaci\u00f3n que en este proceso ha tenido la senadora de Morena, Mal\u00fa M\u00edcher, una feminista de cepa que ha dado muestras irrefutables de su compromiso con la agenda de g\u00e9nero en los primeros tres meses de la legislatura, a\u00fan cuando se ha enfrentado a la resistencia de los varones de su bancada.<\/p>\n\n\n\n<p class=\"wp-block-paragraph\">En lo personal, espero que los dotes pol\u00edticos y la sensibilidad de la titular de la SEGOB se hagan presentes atendiendo los se\u00f1alamientos de las consejeras del Instituto, quienes p\u00fablicamente se pronunciaron a favor de una terna que sea resultado, expusieron, de \u201cun proceso participativo, que incluya deliberaciones abiertas sobre la idoneidad de los perfiles de las candidatas\u201d.<\/p>\n\n\n\n<p class=\"wp-block-paragraph\">\u201cEl nuevo r\u00e9gimen ha establecido que sus ejes centrales son la democracia participativa y la transparencia. El proceso de elecci\u00f3n de la terna a la Presidencia del Instituto representa una oportunidad invaluable para poner en pr\u00e1ctica estos principios\u201d, plantearon esta semana las consejeras del INMUJERES.<\/p>\n\n\n\n<p class=\"wp-block-paragraph\">Nuestra querida y admirada Sara Lovera, de quien aprendimos el periodismo con enfoque de g\u00e9nero, reportaba recientemente en el portal hermano SemM\u00e9xico que uno de los principales perfiles participantes hacia la recta final era el de la m\u00e9dica y especialista en derechos sexuales y reproductivos Nadine Gassman Zylbermann, actualmente funcionaria de ONU Mujeres en Brasil.<\/p>\n\n\n\n<p class=\"wp-block-paragraph\">Otro sitio hermano, CIMAC Noticias, confirm\u00f3 la aspiraci\u00f3n de la exdiputada federal y acad\u00e9mica Candelaria Ochoa, cuya trayectoria suma esa feliz combinaci\u00f3n del conocimiento experto sustentado en la investigaci\u00f3n y el estudio del feminismo, con el trabajo pol\u00edtico y el activismo ciudadano.<\/p>\n\n\n\n<p class=\"wp-block-paragraph\">Apenas en la pasada legislatura, dimos seguimiento en San L\u00e1zaro a las iniciativas que Cande Ochoa apuntal\u00f3 para visibilizar la violencia pol\u00edtica de g\u00e9nero, los feminicidios y los derechos humanos de las mujeres.<\/p>\n\n\n\n<p class=\"wp-block-paragraph\">Y en Mujeres Es M\u00e1s, Patricia Betaza, nuestra directora, nos comparti\u00f3 recientemente las innovadoras y sugerentes ideas de Carol Arriaga Garc\u00eda, actual secretaria Nacional de Mujeres del CEN de Morena, quien este jueves fue respaldada por sindicalistas, empresarias, feministas, periodistas y legisladoras para que sea considerada por el presidente L\u00f3pez Obrador como la mejor opci\u00f3n para encabezar el INMUJERES.<\/p>\n\n\n\n<p class=\"wp-block-paragraph\">Firmada por m\u00e1s de 70 diputadas federales, la carta enviada a Palacio Nacional contiene el mensaje de que Carol Arriaga cuenta con el liderazgo para impulsar \u201cla construcci\u00f3n de un feminismo democr\u00e1tico que incluye a todas por igual\u201d.<\/p>\n\n\n\n<p class=\"wp-block-paragraph\">Si bien en el documento se expone que su candidata concretar\u00eda los cambios de la Cuarta Transformaci\u00f3n, las impulsoras de la secretaria de la Mujer de Morena sostiene que en la nueva pol\u00edtica p\u00fablica del Instituto \u201cdebe haber inclusi\u00f3n de todas sin importar partido pol\u00edtico, clase social, condici\u00f3n econ\u00f3mica o religi\u00f3n\u201d.<\/p>\n\n\n\n<p class=\"wp-block-paragraph\">Sabemos que la secretaria S\u00e1nchez Cordero ha revisado una decena de biograf\u00edas y que est\u00e1 consciente de que sus pasos sobre el futuro del INMUJERES ser\u00e1n determinantes para garantizar la interlocuci\u00f3n del gobierno con un movimiento plural que nunca se ha sometido a ninguna l\u00ednea dogm\u00e1tica contraria a su naturaleza democr\u00e1tica y libertaria.<br><\/p>\n","protected":false},"excerpt":{"rendered":"<p>\u2022 Hoy viernes se reunir\u00e1 la Junta de Gobierno, se presentar\u00e1 y avalar\u00e1 la terna de candidatas para dirigir este organismo. Atentxs a INMUJERES LA OPINI\u00d3N Ivonne Melgar SemM\u00e9xico\/MujerEsM\u00e1s. 14 de diciembre 2018.- Este viernes la secretaria de Gobernaci\u00f3n, Olga S\u00e1nchez Cordero, se reunir\u00e1 con la Junta de Gobierno del Instituto Nacional de las Mujeres [&hellip;]<\/p>\n","protected":false},"author":3,"featured_media":6701,"comment_status":"open","ping_status":"open","sticky":false,"template":"","format":"standard","meta":{"_monsterinsights_skip_tracking":false,"footnotes":""},"categories":[689,82],"tags":[],"class_list":["post-6700","post","type-post","status-publish","format-standard","has-post-thumbnail","category-689","category-la-opinion"],"_links":{"self":[{"href":"https:\/\/redsemlac.com\/semmexico\/wp-json\/wp\/v2\/posts\/6700","targetHints":{"allow":["GET"]}}],"collection":[{"href":"https:\/\/redsemlac.com\/semmexico\/wp-json\/wp\/v2\/posts"}],"about":[{"href":"https:\/\/redsemlac.com\/semmexico\/wp-json\/wp\/v2\/types\/post"}],"author":[{"embeddable":true,"href":"https:\/\/redsemlac.com\/semmexico\/wp-json\/wp\/v2\/users\/3"}],"replies":[{"embeddable":true,"href":"https:\/\/redsemlac.com\/semmexico\/wp-json\/wp\/v2\/comments?post=6700"}],"version-history":[{"count":0,"href":"https:\/\/redsemlac.com\/semmexico\/wp-json\/wp\/v2\/posts\/6700\/revisions"}],"wp:featuredmedia":[{"embeddable":true,"href":"https:\/\/redsemlac.com\/semmexico\/wp-json\/wp\/v2\/media\/6701"}],"wp:attachment":[{"href":"https:\/\/redsemlac.com\/semmexico\/wp-json\/wp\/v2\/media?parent=6700"}],"wp:term":[{"taxonomy":"category","embeddable":true,"href":"https:\/\/redsemlac.com\/semmexico\/wp-json\/wp\/v2\/categories?post=6700"},{"taxonomy":"post_tag","embeddable":true,"href":"https:\/\/redsemlac.com\/semmexico\/wp-json\/wp\/v2\/tags?post=6700"}],"curies":[{"name":"wp","href":"https:\/\/api.w.org\/{rel}","templated":true}]}}