{"id":66960,"date":"2023-05-20T15:19:31","date_gmt":"2023-05-20T20:19:31","guid":{"rendered":"https:\/\/redsemlac.com\/semmexico\/?p=66960"},"modified":"2023-05-20T15:19:47","modified_gmt":"2023-05-20T20:19:47","slug":"a-proposito-de-las-colmenas-en-la-ciudad-de-mexico-la-dama-de-la-miel-que-enfrento-a-monsanto-obtiene-el-premio-goldman-2020","status":"publish","type":"post","link":"https:\/\/redsemlac.com\/semmexico\/a-proposito-de-las-colmenas-en-la-ciudad-de-mexico-la-dama-de-la-miel-que-enfrento-a-monsanto-obtiene-el-premio-goldman-2020\/","title":{"rendered":"A prop\u00f3sito de las colmenas en la Ciudad de M\u00e9xico: La dama de la miel que enfrent\u00f3 a Monsanto obtiene el Premio Goldman 2020"},"content":{"rendered":"\n<p class=\"wp-block-paragraph\"><em>Leydy Pech, ind\u00edgena maya que lider\u00f3 la coalici\u00f3n que enfrent\u00f3 en tribunales a la compa\u00f1\u00eda Monsanto para detener la siembra de soya transg\u00e9nica, es una de las seis galardonadas con el Premio Goldman 2020, el m\u00e1ximo reconocimiento para activistas ambientales.<\/em><\/p>\n\n\n\n<p class=\"wp-block-paragraph\"><em>\u201cLos pueblos ind\u00edgenas estamos pagando un costo muy alto por el modelo de desarrollo impuesto por los gobiernos\u201d, dice Leydy Pech, para quien el premio es un reconocimiento a la larga lucha dada por el Colectivo de Comunidades Mayas de los Chene<\/em><\/p>\n\n\n\n<p class=\"wp-block-paragraph\">Thelma G\u00f3mez Dur\u00e1n en 1 diciembre 2020<\/p>\n\n\n\n<p class=\"wp-block-paragraph\">SemM\u00e9xico, Ciudad de M\u00e9xico, 20 de mayo, 2020.- Todo comenz\u00f3 por las abejas. No se trataba de las abejas que m\u00e1s abundan y que son m\u00e1s conocidas, aquellas que la ciencia llama&nbsp;<em>Apis mellifera<\/em>. La historia de Leydy Pech como defensora del ambiente, el territorio y la identidad maya puede empezar a contarse a partir de su inter\u00e9s por conservar a una abeja m\u00e1s peque\u00f1a, que no tiene aguij\u00f3n, que hace sus colmenas dentro de troncos huecos y que solo se encuentra en la Pen\u00ednsula de Yucat\u00e1n. Una abeja bautizada por los cient\u00edficos como&nbsp;<em>Melipona beecheii<\/em>, pero que los mayas llaman Xun\u00e1an Kab, \u201cla dama de la miel\u201d.<\/p>\n\n\n\n<p class=\"wp-block-paragraph\">Hace poco m\u00e1s de dos d\u00e9cadas, Leydy Pech y otras mujeres mayas de la comunidad de Ich Ek \u2014municipio de Hopelch\u00e9n, en el estado de Campeche, al sur de M\u00e9xico\u2014 se organizaron para comenzar a rescatar una pr\u00e1ctica que hab\u00edan desarrollado los antiguos mayas, pero que se perd\u00eda en su territorio: la melponicultura, es decir la crianza de la Xun\u00e1an Kab para producir miel.<\/p>\n\n\n\n<p class=\"wp-block-paragraph\">Esas \u201cabejitas\u201d \u2014como les llama Leydy\u2014 provocaron una pregunta que se convirti\u00f3 en un motor de acci\u00f3n: \u201c\u00bfC\u00f3mo se van a conservar a las abejas si cada vez hay menos condiciones ambientales para que ellas sobrevivan? Las abejitas permitieron darme cuenta de todo lo que estaba pasando en mi territorio\u201d.<\/p>\n\n\n\n<figure class=\"wp-block-image size-large\"><a href=\"https:\/\/redsemlac.com\/semmexico\/wp-content\/uploads\/2023\/05\/dama-de-la-miel-02.jpg\"><img decoding=\"async\" src=\"https:\/\/redsemlac.com\/semmexico\/wp-content\/uploads\/2023\/05\/dama-de-la-miel-02-1024x684.jpg\" alt=\"\" class=\"wp-image-66962\"\/><\/a><\/figure>\n\n\n\n<p class=\"has-small-font-size wp-block-paragraph\">Leydy Pech es una mujer maya que practica la apicultura tradicional maya, a trav\u00e9s del manejo de la abeja melipona. Esta labor permite el cuidado de la selva y brinda un servicio ambiental importante. Foto: Robin Canul.<\/p>\n\n\n\n<p class=\"wp-block-paragraph\">Desde entonces, Leydy Pech \u2014hoy de 55 a\u00f1os\u2014 y sus compa\u00f1eros del Colectivo de Comunidades Mayas de los Chenes han recorrido un largo camino que los ha llevado a denunciar las consecuencias ambientales, sociales y culturales que est\u00e1 provocando el avance de la agroindustria en el municipio de Hopelch\u00e9n, Campeche, y en otras \u00e1reas de la Pen\u00ednsula de Yucat\u00e1n.<\/p>\n\n\n\n<p class=\"wp-block-paragraph\">En ese caminar se han enfrentado&nbsp;a grandes empresas como Monsanto, as\u00ed como a las dependencias gubernamentales que en 2012 otorgaron permisos a la empresa para la siembra de soya transg\u00e9nica, sin realizar consultas previas. \u201cNunca imagin\u00e9 \u2014dice Pech\u2014 que al decidir conservar a estas abejitas nos \u00edbamos a enfrentar a tantas dificultades\u201d.<\/p>\n\n\n\n<p class=\"wp-block-paragraph\">En 2015, despu\u00e9s de un largo litigio, la Suprema Corte de Justicia de la Naci\u00f3n&nbsp;dictamin\u00f3&nbsp;que el gobierno mexicano viol\u00f3 los derechos constitucionales de los mayas al entregar los permisos a Monsanto. En 2017, el Servicio Nacional de Sanidad, Inocuidad y Calidad Agroalimentaria&nbsp;revoc\u00f3&nbsp;el permiso que ten\u00eda la compa\u00f1\u00eda para cultivar soya gen\u00e9ticamente modificada en seis estados de M\u00e9xico.<\/p>\n\n\n\n<figure class=\"wp-block-image size-large\"><a href=\"https:\/\/redsemlac.com\/semmexico\/wp-content\/uploads\/2023\/05\/dama-de-la-miel-03.jpg\"><img decoding=\"async\" src=\"https:\/\/redsemlac.com\/semmexico\/wp-content\/uploads\/2023\/05\/dama-de-la-miel-03-1024x684.jpg\" alt=\"\" class=\"wp-image-66963\"\/><\/a><\/figure>\n\n\n\n<p class=\"has-small-font-size wp-block-paragraph\">Leydy Pech, ind\u00edgena maya de Hopelch\u00e9n, Campeche, recalca que el premio es un reconocimiento al trabajo de las comunidades mayas. Foto: Robin Canul.<\/p>\n\n\n\n<p class=\"wp-block-paragraph\">Por ese logro y por su trabajo por la defensa del territorio maya, Leydy Pech es una de las seis personas que este a\u00f1o obtuvieron el Premio Goldman, galard\u00f3n que desde 1989 otorga la Fundaci\u00f3n Ambiental Goldman y que es considerado como el m\u00e1s importante reconocimiento para defensores ambientales.<\/p>\n\n\n\n<p class=\"wp-block-paragraph\">\u201cEste premio es un reconocimiento al trabajo colectivo que se ha hecho en Hopelch\u00e9n; es tambi\u00e9n una gran responsabilidad y un compromiso por continuar, porque durante nuestra lucha hemos logrado varias cosas, pero a\u00fan nos falta mucho por hacer\u201d, dice Leydy Pech. Es discreta al mostrar su felicidad por el galard\u00f3n; en sus palabras no hay aspavientos; en su voz no hay prisa ni titubeos. En sus frases predomina el plural: \u201cComo sucedi\u00f3 con el fallo de la Suprema Corte, este reconocimiento nos da la raz\u00f3n: vamos por buen camino\u201d.<\/p>\n\n\n\n<figure class=\"wp-block-image size-large\"><a href=\"https:\/\/redsemlac.com\/semmexico\/wp-content\/uploads\/2023\/05\/dama-de-la-miel-04.jpg\"><img decoding=\"async\" src=\"https:\/\/redsemlac.com\/semmexico\/wp-content\/uploads\/2023\/05\/dama-de-la-miel-04-1024x684.jpg\" alt=\"\" class=\"wp-image-66964\"\/><\/a><\/figure>\n\n\n\n<p class=\"has-small-font-size wp-block-paragraph\">Mujeres que forman parte del Colectivo de Comunidades Mayas de los Chenes. Foto: Robin Canul.<\/p>\n\n\n\n<p class=\"wp-block-paragraph\"><strong>El poder de las comunidades organizadas<\/strong><\/p>\n\n\n\n<p class=\"wp-block-paragraph\">Leydy Pech naci\u00f3 y creci\u00f3 en la comunidad maya de Ich Ek, en el municipio de Hopelch\u00e9n, en Campeche; una regi\u00f3n conocida como Los Chenes, un territorio que forma parte de la selva maya y en donde la&nbsp;apicultura&nbsp;es una de las principales actividades econ\u00f3micas: 40 % de la producci\u00f3n nacional de miel proviene de la Pen\u00ednsula de Yucat\u00e1n.<\/p>\n\n\n\n<p class=\"wp-block-paragraph\">Cuando un grupo de mujeres de Ich Ek comenzaron a trabajar con las abejas Xun\u00e1an Kab \u2014recuerda Leydy Pech\u2014 se dieron cuenta de que los conocimientos de sus ancestros mayas se estaban perdiendo: solo en algunos lugares se realizaba meliponicultura y la introducci\u00f3n de las abejas&nbsp;<em>Apis<\/em>&nbsp;<em>mellifera&nbsp;<\/em>ya hab\u00eda desplazado a las abejas nativas.<\/p>\n\n\n\n<p class=\"wp-block-paragraph\">\u201cEstas abejitas \u2014explica Pech\u2014 han vivido en este territorio desde hace miles de a\u00f1os, son mayas, pero se les estaba desplazando, porque ellas no producen tanta miel como la&nbsp;<em>Apis<\/em>, pero no por eso se les debe hacer a un lado. Ellas son de este territorio y gracias a ellas existen ciertas plantas. Pero cada vez es m\u00e1s dif\u00edcil que tengan las condiciones ambientales para que vivan\u201d.<\/p>\n\n\n\n<p class=\"wp-block-paragraph\">Los cambios en el paisaje comenzaron a notarse m\u00e1s a partir de finales de la d\u00e9cada de los ochenta, cuando en el municipio de Hopelch\u00e9n empezaron a instalarse colonias de comunidades menonitas procedentes del norte de M\u00e9xico. Los menonitas compraron y rentaron tierras las cuales transformaron en grandes campos de cultivo sin que ninguna autoridad federal, estatal o municipal lo impidiera.<\/p>\n\n\n\n<figure class=\"wp-block-image size-large\"><a href=\"https:\/\/redsemlac.com\/semmexico\/wp-content\/uploads\/2023\/05\/dama-de-la-miel-05.jpg\"><img decoding=\"async\" src=\"https:\/\/redsemlac.com\/semmexico\/wp-content\/uploads\/2023\/05\/dama-de-la-miel-05-1024x768.jpg\" alt=\"\" class=\"wp-image-66965\"\/><\/a><\/figure>\n\n\n\n<p class=\"has-small-font-size wp-block-paragraph\">Campo cultivado con soya en Hopelch\u00e9n, Campeche; ejemplo de la agricultura intensiva que propicia el declive en la diversidad de las abejas. Foto: Eric Vides.<\/p>\n\n\n\n<p class=\"wp-block-paragraph\">Cuando Leydy Pech, sus compa\u00f1eras y habitantes de otras comunidades de Hopelchen miraron c\u00f3mo la diversidad de la selva maya se sustitu\u00eda por extensos campos de monocultivos decidieron organizarse, formaron el Colectivo Ap\u00edcola de los Chenes que despu\u00e9s cambi\u00f3 su nombre a Colectivo de Comunidades Mayas de los Chenes.<\/p>\n\n\n\n<p class=\"wp-block-paragraph\">\u201cPrimero eran un grupo de representantes de unas ocho comunidades que, entre 2008-2009, empezaron a reunirse para reflexionar sobre los cambios que ve\u00edan en su regi\u00f3n, provocados por la agricultura industrial que estaba modificando toda la geograf\u00eda de la zona y la selva en Hopelch\u00e9n\u201d, recuerda Irma G\u00f3mez, ingeniera agr\u00edcola e investigadora que ha acompa\u00f1ado a las comunidades mayas.<\/p>\n\n\n\n<p class=\"wp-block-paragraph\">Ese colectivo creci\u00f3 a\u00fan m\u00e1s a partir de 2012, cuando en la regi\u00f3n se enteraron que el gobierno mexicano, sin consultar previamente a las comunidades, hab\u00eda otorgado permisos a la empresa Monsanto para la siembra de soya transg\u00e9nica, y esas semillas y plaguicidas, como el glifosato, se estaban utilizando en terrenos agr\u00edcolas de Hopelch\u00e9n.<\/p>\n\n\n\n<figure class=\"wp-block-image size-large\"><a href=\"https:\/\/redsemlac.com\/semmexico\/wp-content\/uploads\/2023\/05\/dama-de-la-miel-06.jpg\"><img decoding=\"async\" src=\"https:\/\/redsemlac.com\/semmexico\/wp-content\/uploads\/2023\/05\/dama-de-la-miel-06-1024x576.jpg\" alt=\"\" class=\"wp-image-66966\"\/><\/a><\/figure>\n\n\n\n<p class=\"has-small-font-size wp-block-paragraph\">En Hopelch\u00e9n, Campeche, la expansi\u00f3n de la agroindustria se realiza en tierras compradas y rentadas por los menonitas. Foto: cortes\u00eda Gabriela Torres M.<\/p>\n\n\n\n<p class=\"wp-block-paragraph\">Irma G\u00f3mez recuerda que entre las primeras preocupaciones de los apicultores estaban las consecuencias que traer\u00edan los&nbsp;transg\u00e9nicos a la producci\u00f3n de miel.<\/p>\n\n\n\n<p class=\"wp-block-paragraph\">Pero, poco tiempo despu\u00e9s, las comunidades y sobre todo las mujeres comenzaron a reflexionar sobre c\u00f3mo la expansi\u00f3n de la agroindustria afectaba a la biodiversidad, contaminaba sus fuentes de agua y provocaba da\u00f1os en su salud. Tambi\u00e9n se comenz\u00f3 a hablar de la importancia de conservar sus conocimientos y su identidad maya. \u201cLas mujeres del colectivo \u2014recuerda G\u00f3mez\u2014 subieron a la mesa de discusi\u00f3n temas como el respeto al territorio y a la cultura\u201d.<\/p>\n\n\n\n<p class=\"wp-block-paragraph\">La acad\u00e9mica Naayeli Ram\u00edrez, quien durante un tiempo fue la asesora legal del Colectivo de Comunidades Mayas de los Chenes, resalta que el \u201ccolectivo logr\u00f3 dar el salto gracias al liderazgo de muchas mujeres\u201d.<\/p>\n\n\n\n<p class=\"wp-block-paragraph\">Cuando en 2015 la Suprema Corte les dio la raz\u00f3n y se\u00f1al\u00f3 que el gobierno mexicano viol\u00f3 sus derechos al entregar los permisos a Monsanto, el Colectivo de Comunidades Mayas de los Chenes logr\u00f3 mostrar que las comunidades organizadas pueden enfrentar con \u00e9xito a grandes empresas.<\/p>\n\n\n\n<p class=\"wp-block-paragraph\">Pero adem\u00e1s, cuando en 2017 se cancelaron los permisos para la siembra de transg\u00e9nicos, \u201cmuchas comunidades del pa\u00eds miraron que es posible litigar contra el estado y contra las empresas. Ese triunfo impuls\u00f3 a otras comunidades a decir: s\u00ed se puede organizarse para pelear contra pol\u00edticas p\u00fablicas que nos afectan\u201d, resalta Jorge Fern\u00e1ndez, abogado de&nbsp;Equipo Indignaci\u00f3n, una de las organizaciones civiles que ha acompa\u00f1ado en su lucha a las comunidades mayas.<\/p>\n\n\n\n<figure class=\"wp-block-image size-large\"><a href=\"https:\/\/redsemlac.com\/semmexico\/wp-content\/uploads\/2023\/05\/dama-de-la-miel-07.jpg\"><img decoding=\"async\" src=\"https:\/\/redsemlac.com\/semmexico\/wp-content\/uploads\/2023\/05\/dama-de-la-miel-07-779x1024.jpg\" alt=\"\" class=\"wp-image-66967\"\/><\/a><\/figure>\n\n\n\n<p class=\"has-small-font-size wp-block-paragraph\">Leydy Pech en su comunidad d e Ich Ek. Foto: Thelma G\u00f3mez Dur\u00e1n<\/p>\n\n\n\n<p class=\"wp-block-paragraph\"><strong>Mujeres que cuidan<\/strong><\/p>\n\n\n\n<p class=\"wp-block-paragraph\">Leydy Pech y sus compa\u00f1eras mayas que han trabajado en el rescate de las meliponas y la defensa de su territorio abrieron nuevos caminos: no solo visibilizaron la importancia de conservar a una abeja nativa, tambi\u00e9n mostraron que ellas \u2014no sus esposos, hermanos o padres\u2014 pod\u00edan crear una organizaci\u00f3n \u2014llamada Koolel-Kaag Muuch Kambal\u2014 para hacer que su voz se escuche y desarrollar sus propios productos de agricultura org\u00e1nica.<\/p>\n\n\n\n<p class=\"wp-block-paragraph\">Leydy Pech reconoce que \u201cno ha sido nada f\u00e1cil abrir esas brechas. Porque uno empieza a romper roles en la propia familia y en la comunidad para impulsar cambios. Y eso cuesta\u201d.<\/p>\n\n\n\n<p class=\"wp-block-paragraph\">Entre las mujeres mayas que, junto con Pech, asumieron la defensa de su territorio est\u00e1n Ang\u00e9lica Ek, Alicia Poot, Andrea Pech Moo, Juanita Keb, Socorro Pech, Hilda Ch\u00e1vez, Guadalupe Correa, C\u00e1ndida Che, Teresa Lugo, Martha Trejo, Consuelo Tec, Gina Naal, Ana Pech Nal y otras m\u00e1s.<\/p>\n\n\n\n<figure class=\"wp-block-image size-large\"><a href=\"https:\/\/redsemlac.com\/semmexico\/wp-content\/uploads\/2023\/05\/dama-de-la-miel-08.jpg\"><img decoding=\"async\" src=\"https:\/\/redsemlac.com\/semmexico\/wp-content\/uploads\/2023\/05\/dama-de-la-miel-08-1024x684.jpg\" alt=\"\" class=\"wp-image-66968\"\/><\/a><\/figure>\n\n\n\n<p class=\"has-small-font-size wp-block-paragraph\">Koolel-Kaab, \u201cmujeres que trabajan con abejas\u201d, es un grupo de se\u00f1oras del poblado de Ich Ek que desde 1995 se dedican al cuidado y la conservaci\u00f3n de la abeja melipona. Foto: Robin Canul.<\/p>\n\n\n\n<p class=\"wp-block-paragraph\">Naayelli Ram\u00edrez, hoy directora del departamento regional del Tec de Monterrey, resalta que las mujeres de las comunidades mayas que defienden el territorio en el estado de Campeche \u201clograron pensarse a s\u00ed mismas de otra manera en un contexto que todo el tiempo las reta\u201d.<\/p>\n\n\n\n<p class=\"wp-block-paragraph\">Quienes conocen a Leydy Pech la definen como una mujer con una capacidad anal\u00edtica sorprendente, que apuesta al di\u00e1logo, que es emp\u00e1tica y que no busca el conflicto. Tambi\u00e9n resaltan su capacidad para transformarse, adaptarse, mejorar y enfrentar sus miedos. Su liderazgo, coinciden, se ha dado en forma natural.<\/p>\n\n\n\n<p class=\"wp-block-paragraph\">Pech prefiere no mirarse como \u201cl\u00edder\u201d o \u201cactivista\u201d. Incluso, acepta que se negaba a mirarse como defensora ambiental. \u201cA m\u00ed, como mujer, me han ense\u00f1ado a cuidar, a proteger\u201d, dice. Por eso, cuando ella mir\u00f3 c\u00f3mo se estaba perdiendo ese ambiente, eso que formaba su territorio y su identidad como maya, era l\u00f3gico que ten\u00eda que tomar el camino de la defensa.<\/p>\n\n\n\n<figure class=\"wp-block-image size-full\"><a href=\"https:\/\/redsemlac.com\/semmexico\/wp-content\/uploads\/2023\/05\/dama-de-la-miel-09.jpg\"><img loading=\"lazy\" decoding=\"async\" width=\"900\" height=\"601\" src=\"https:\/\/redsemlac.com\/semmexico\/wp-content\/uploads\/2023\/05\/dama-de-la-miel-09.jpg\" alt=\"\" class=\"wp-image-66969\"\/><\/a><\/figure>\n\n\n\n<p class=\"has-small-font-size wp-block-paragraph\">Las mujeres de Koolel-Kaab tienen sus propios proyectos productivos; uno de ellos es la comercializaci\u00f3n de productos derivados de la apicultura. Foto Robin Canul.<\/p>\n\n\n\n<p class=\"wp-block-paragraph\">\u201cEn menos de 15 a\u00f1os, se perdieron esos grandes espacios de selva que ten\u00edamos y en donde escuch\u00e1bamos a los p\u00e1jaros, ve\u00edamos las plantas y a las abejas pecoreando; uno sent\u00eda el olor de las flores. Todo eso ya no est\u00e1 cerca; ahora est\u00e1 cada vez m\u00e1s lejos. Yo lo pude mirar, pero las nuevas generaciones ya no lo tienen tan cerca\u2026 Nosotras estamos luchando por conservar el territorio para las dem\u00e1s generaciones\u201d.<\/p>\n\n\n\n<p class=\"wp-block-paragraph\">La ganadora del Premio Goldman confiesa que se identifica con las abejas, porque como ellas necesita las plantas, un territorio conservado para mantener su identidad: \u201cpara que nosotros, los mayas, podamos seguir necesitamos nuestras plantas medicinales, a los animales, a la biodiversidad. Yo vivo gracias a que mis antepasados, mis abuelos, mis padres cuidaron y conservaron. Esa es la parte que a nosotros ahora nos toca: conservar y cuidar para las nuevas generaciones\u201d.<\/p>\n\n\n\n<figure class=\"wp-block-image size-large\"><a href=\"https:\/\/redsemlac.com\/semmexico\/wp-content\/uploads\/2023\/05\/dama-de-la-miel-10.jpg\"><img decoding=\"async\" src=\"https:\/\/redsemlac.com\/semmexico\/wp-content\/uploads\/2023\/05\/dama-de-la-miel-10-1024x683.jpg\" alt=\"\" class=\"wp-image-66970\"\/><\/a><\/figure>\n\n\n\n<figure class=\"wp-block-image size-large\"><a href=\"https:\/\/redsemlac.com\/semmexico\/wp-content\/uploads\/2023\/05\/dama-de-la-miel-11.jpg\"><img decoding=\"async\" src=\"https:\/\/redsemlac.com\/semmexico\/wp-content\/uploads\/2023\/05\/dama-de-la-miel-11-768x1024.jpg\" alt=\"\" class=\"wp-image-66971\"\/><\/a><\/figure>\n\n\n\n<p class=\"has-small-font-size wp-block-paragraph\">La&nbsp;<em>Melipona beecheii<\/em>&nbsp;es una de las abejas nativas de la Pen\u00ednsula de Yucat\u00e1n. Foto: Thelma G\u00f3mez Dur\u00e1n.<\/p>\n\n\n\n<p class=\"wp-block-paragraph\"><strong>Defender el territorio y la identidad<\/strong><\/p>\n\n\n\n<p class=\"wp-block-paragraph\">En 2019, el estado de Campeche&nbsp;perdi\u00f3 poco m\u00e1s de 53 mil hect\u00e1reas de cobertura arb\u00f3rea.&nbsp;<strong>Entre 2001 y 2019, tan solo en el municipio de Hopelch\u00e9n esa p\u00e9rdida fue de 186 000 hect\u00e1reas,<\/strong>&nbsp;lo que equivale a una disminuci\u00f3n del 20 % de lo que se ten\u00eda en el 2000, de acuerdo con datos de la plataforma Global Forest Watch.<\/p>\n\n\n\n<p class=\"wp-block-paragraph\">Investigadores como el doctor Edward Allan Ellis, del&nbsp;Cnetro de Investigaciones Tropicales de la Universidad Veracruzana, han documentado que en Hopelch\u00e9n,<strong>&nbsp;la tasa de deforestaci\u00f3n es cinco veces m\u00e1s alta que el promedio nacional.<\/strong><\/p>\n\n\n\n<p class=\"wp-block-paragraph\">A Leydy Pech no le convence el t\u00e9rmino \u201cdeforestaci\u00f3n\u201d; siente que la palabra se queda corta, que no es suficiente para dar una idea clara de todo lo que se pierde cuando se transforma una zona que antes era selva. \u201cCuando se habla de deforestaci\u00f3n \u2014explica\u2014 pareciera que solo se habla de que se tala cierto n\u00famero de \u00e1rboles. No, en esa tala de \u00e1rboles se perdieron m\u00e1s cosas: se pierden las aguadas \u2014lugares donde se concentra el agua\u2014, se pierden especies de animales, se pierden conocimientos sobre esos lugares\u201d.<\/p>\n\n\n\n<figure class=\"wp-block-image size-large\"><a href=\"https:\/\/redsemlac.com\/semmexico\/wp-content\/uploads\/2023\/05\/dama-de-la-miel-12.jpg\"><img decoding=\"async\" src=\"https:\/\/redsemlac.com\/semmexico\/wp-content\/uploads\/2023\/05\/dama-de-la-miel-12-1024x576.jpg\" alt=\"\" class=\"wp-image-66972\"\/><\/a><\/figure>\n\n\n\n<p class=\"has-small-font-size wp-block-paragraph\">Hopelch\u00e9n, Campeche. Desmonte y quema de la selva. Foto: Franz L\u00f3pez.<\/p>\n\n\n\n<p class=\"wp-block-paragraph\">Es por eso que para Leydy Pech la defensa del territorio est\u00e1 ligada con la defensa de la identidad maya. \u201cEstamos luchando para conservar no solo la biodiversidad, tambi\u00e9n nuestra identidad y los conocimientos que tenemos como pueblos originarios\u201d.<\/p>\n\n\n\n<p class=\"wp-block-paragraph\">Y por eso, Pech y sus compa\u00f1eras mayas se han ocupado en trabajar con los j\u00f3venes. Para ella es importante que las nuevas generaciones de ind\u00edgenas mayas tengan un sentido de pertenencia al territorio y a la cultura. \u201cEsa es una responsabilidad que tenemos, que no se pierdan los conocimientos de nuestra cultura maya\u201d.<\/p>\n\n\n\n<p class=\"wp-block-paragraph\">Jorge Fern\u00e1ndez, abogado de Equipo Indignaci\u00f3n, resalta que el Colectivo de Comunidades Mayas de los Chenes es hoy un espacio en donde la defensa del territorio va de la mano con la defensa de la identidad maya.<\/p>\n\n\n\n<p class=\"wp-block-paragraph\">\u201cEse proceso de b\u00fasqueda y encuentro con la identidad maya que ha tenido el colectivo \u2014resalta Fern\u00e1ndez\u2014 es uno de los procesos m\u00e1s interesantes que he visto. Han construido nuevas estrategias jur\u00eddicas y pol\u00edticas donde se liga lo ambiental con lo cultural y la defensa de sus derechos como pueblo ind\u00edgena\u201d.<\/p>\n\n\n\n<p class=\"wp-block-paragraph\">Como parte de sus actividades comunitarias, Leydy Pech y el Colectivo de Comunidades Mayas de los Chenes realizan actividades de educaci\u00f3n ambiental. Foto: Robin Canul.<\/p>\n\n\n\n<p class=\"wp-block-paragraph\"><strong>Seguir la lucha contra un \u201cdesarrollo\u201d impuesto<\/strong><\/p>\n\n\n\n<p class=\"wp-block-paragraph\">En las \u00faltimas dos d\u00e9cadas, la selva maya pierde territorio no solo por el avance de la agroindustria. La Pen\u00ednsula de Yucat\u00e1n ha sido invadida por proyectos que van desde la instalaci\u00f3n granjas porcinas \u2014un&nbsp;<a href=\"https:\/\/www.greenpeace.org\/mexico\/noticia\/8374\/los-costos-de-una-industria-muy-puerca-en-la-peninsula-de-yucatan\/\" target=\"_blank\" rel=\"noreferrer noopener\">estudio<\/a>&nbsp;de Greenpeace-M\u00e9xico document\u00f3 257; 43 de ellas dentro de \u00c1reas Naturales Protegidas\u2014, parques e\u00f3licos, granjas solares e instalaciones tur\u00edsticas. Adem\u00e1s, el gobierno federal impulsa la construcci\u00f3n del llamado \u201cTren Maya\u201d.<\/p>\n\n\n\n<p class=\"wp-block-paragraph\">En estos a\u00f1os Leydy Pech ha mirado c\u00f3mo se utiliza el discurso del \u201cdesarrollo\u201d para impulsar megaproyectos agroindustriales, tur\u00edsticos o de infraestructura. Ese mismo discurso es con el que hoy el gobierno actual impulsa al llamado Tren Maya: \u201cEste gobierno sigue cometiendo el mismo error que los gobiernos anteriores: se plantea el desarrollo desde los escritorios, sin escuchar a las comunidades. Por eso, nosotros nos preguntamos: El desarrollo, \u00bfpara qui\u00e9n es? Los proyectos e\u00f3licos, de extractivismo, de agroindustria, de turismo y el del tren no son nuestros proyectos. Son proyectos que llegan, se imponen y solo provocan desequilibrio, m\u00e1s pobreza y p\u00e9rdida de conocimientos.\u201d<\/p>\n\n\n\n<p class=\"wp-block-paragraph\">Los integrantes del Colectivo de Comunidades Mayas de los Chenes ha visto en su regi\u00f3n esos desequilibrios ambientales, sociales, econ\u00f3micos y culturales que provocan, por ejemplo, la agroindustria.<\/p>\n\n\n\n<p class=\"wp-block-paragraph\">En junio pasado, por ejemplo, el paso de las tormentas tropicales Amanda y Crist\u00f3bal dej\u00f3 graves&nbsp;afectaciones&nbsp;en 122 comunidades de la Pen\u00ednsula de Yucat\u00e1n; 22 poblados de Hopelch\u00e9n se inundaron durante d\u00edas y se afect\u00f3 a 93 % de las colmenas en Campeche. El colectivo document\u00f3 que las zonas m\u00e1s afectadas fueron aquellas donde se ha perdido selva, se cambi\u00f3 el uso de suelo y se transformaron los sistemas hidrol\u00f3gicos naturales.<\/p>\n\n\n\n<figure class=\"wp-block-image size-large\"><a href=\"https:\/\/redsemlac.com\/semmexico\/wp-content\/uploads\/2023\/05\/dama-de-la-miel-13.jpg\"><img decoding=\"async\" src=\"https:\/\/redsemlac.com\/semmexico\/wp-content\/uploads\/2023\/05\/dama-de-la-miel-13-1024x684.jpg\" alt=\"\" class=\"wp-image-66973\"\/><\/a><\/figure>\n\n\n\n<p class=\"has-small-font-size wp-block-paragraph\">En el municipio de Hopelch\u00e9n, 93 % de las colmenas sufrieron da\u00f1os durante las inundaciones de junio de 2020. Foto: Robin Canul.<\/p>\n\n\n\n<p class=\"wp-block-paragraph\">\u201cAhora las comunidades nos estamos inundando cuando hay un evento natural como una tormenta o un hurac\u00e1n. La diversidad de alimentos se est\u00e1 reduciendo. Todo este modelo de agroindustria nos est\u00e1 afectando; los plaguicidas est\u00e1n contaminando nuestros suelos y el agua; se est\u00e1n perdiendo plantas nativas\u2026 Y todo \u2014reclama Leydy Pech\u2014 por un modelo de desarrollo impuesto por los gobiernos y las empresas. Los pueblos ind\u00edgenas, los pueblos originarios, somos los que pagamos el costo m\u00e1s alto de ese modelo\u201d.<\/p>\n\n\n\n<p class=\"wp-block-paragraph\">Cuando se le pregunta sobre el Tren Maya, Pech recuerda los argumentos que escucharon cuando daban la lucha contra la siembra de soya transg\u00e9nica: \u201cNos dijeron: tienes muchos a\u00f1os comiendo soya y no te has muerto. Pero no hablaban de todo lo asociado a la siembra de la soya transg\u00e9nica, la p\u00e9rdida de selva, de plantas, animales y la afectaciones por los plaguicidas. Con el tren pasa lo mismo. El tren en s\u00ed, solo la v\u00eda del tren, no es el problema. El problema es todo lo que va asociado a ese proyecto. No nos pueden hablar solo del tren sin mencionar sus impactos culturales, ambientales, econ\u00f3micos y sociales\u201d.<\/p>\n\n\n\n<p class=\"wp-block-paragraph\">Ante este panorama, Leydy Pech menciona que el recibir el<strong>&nbsp;Premio Goldman<\/strong>&nbsp;es un impulso para seguir en la defensa del ambiente, el territorio y la identidad maya. \u201cEstas luchas son muy largas. Esto nos permitir\u00e1 fortalecer la lucha y nos abre la oportunidad para que se sumen m\u00e1s mujeres\u201d.<\/p>\n\n\n\n<figure class=\"wp-block-image size-large\"><a href=\"https:\/\/redsemlac.com\/semmexico\/wp-content\/uploads\/2023\/05\/dama-de-la-miel-14.jpg\"><img decoding=\"async\" src=\"https:\/\/redsemlac.com\/semmexico\/wp-content\/uploads\/2023\/05\/dama-de-la-miel-14-1024x684.jpg\" alt=\"\" class=\"wp-image-66974\"\/><\/a><\/figure>\n\n\n\n<p class=\"has-small-font-size wp-block-paragraph\">Leydy Peche fue reconocida con el Premio Goldman 2020 por su trayectoria en la defensa del territorio y su lucha contra los cultivos transg\u00e9nicos. Foto: Robin Canul.<\/p>\n\n\n\n<p class=\"wp-block-paragraph\"><strong>Acciones para el beneficio de todos<\/strong><\/p>\n\n\n\n<p class=\"wp-block-paragraph\">Adem\u00e1s de Leydy Pech, el&nbsp;<strong>Premio Goldman 2020<\/strong>&nbsp;tambi\u00e9n se entreg\u00f3 a cinco activistas ambientales m\u00e1s; entre ellos a la ecuatoriana&nbsp;Nemonte Nequimo, quien lider\u00f3 una campa\u00f1a ind\u00edgena y una acci\u00f3n legal que tuvo como resultado un dictamen de la corte para la protecci\u00f3n de la selva amaz\u00f3nica y el territorio waorani contra la extracci\u00f3n petrolera.<\/p>\n\n\n\n<p class=\"wp-block-paragraph\">Otros de los galardonados este a\u00f1o son&nbsp;Chibeze Ezekiel, de Ghana, quien logr\u00f3 detener la construcci\u00f3n de una central de carb\u00f3n;&nbsp;Kristal Ambrose, de Las Bahamas; quien logr\u00f3 que su pa\u00eds prohibiera las bolsas pl\u00e1sticas de uso \u00fanico;&nbsp;Lucie Pinson, cuyo activismo permiti\u00f3 que en 2017 los tres bancos m\u00e1s importantes de Francia eliminaran el financiamiento para nuevos proyectos de carb\u00f3n; y&nbsp;Paul Sein Twa, del pueblo ind\u00edgena Karen de Myanmar, quien impuls\u00f3 la creaci\u00f3n de un parque de la paz, un modelo comunitario de colaboraci\u00f3n para la conservaci\u00f3n en la cuenca del r\u00edo Salween.<\/p>\n\n\n\n<p class=\"wp-block-paragraph\">\u201cEstos seis defensores del medio ambiente son los mejores ejemplos del impacto que una persona puede tener en muchas\u201d, de acuerdo con John Goldman, presidente de la Fundaci\u00f3n Ambiental Goldman.<\/p>\n\n\n\n<p class=\"wp-block-paragraph\">Leydy Pech insiste que el premio es un reconocimiento para un trabajo en colectivo; un trabajo que comenz\u00f3 por las abejas y que ahora sigue siendo por ellas, por esas abejas nativas que son una peque\u00f1a pieza de todo aquello que integra la identidad cultural maya.<\/p>\n","protected":false},"excerpt":{"rendered":"<p>Leydy Pech, ind\u00edgena maya que lider\u00f3 la coalici\u00f3n que enfrent\u00f3 en tribunales a la compa\u00f1\u00eda Monsanto para detener la siembra de soya transg\u00e9nica, es una de las seis galardonadas con el Premio Goldman 2020, el m\u00e1ximo reconocimiento para activistas ambientales.<\/p>\n","protected":false},"author":3,"featured_media":66961,"comment_status":"open","ping_status":"open","sticky":false,"template":"","format":"standard","meta":{"_monsterinsights_skip_tracking":false,"footnotes":""},"categories":[54],"tags":[],"class_list":["post-66960","post","type-post","status-publish","format-standard","has-post-thumbnail","category-mujeres"],"_links":{"self":[{"href":"https:\/\/redsemlac.com\/semmexico\/wp-json\/wp\/v2\/posts\/66960","targetHints":{"allow":["GET"]}}],"collection":[{"href":"https:\/\/redsemlac.com\/semmexico\/wp-json\/wp\/v2\/posts"}],"about":[{"href":"https:\/\/redsemlac.com\/semmexico\/wp-json\/wp\/v2\/types\/post"}],"author":[{"embeddable":true,"href":"https:\/\/redsemlac.com\/semmexico\/wp-json\/wp\/v2\/users\/3"}],"replies":[{"embeddable":true,"href":"https:\/\/redsemlac.com\/semmexico\/wp-json\/wp\/v2\/comments?post=66960"}],"version-history":[{"count":0,"href":"https:\/\/redsemlac.com\/semmexico\/wp-json\/wp\/v2\/posts\/66960\/revisions"}],"wp:featuredmedia":[{"embeddable":true,"href":"https:\/\/redsemlac.com\/semmexico\/wp-json\/wp\/v2\/media\/66961"}],"wp:attachment":[{"href":"https:\/\/redsemlac.com\/semmexico\/wp-json\/wp\/v2\/media?parent=66960"}],"wp:term":[{"taxonomy":"category","embeddable":true,"href":"https:\/\/redsemlac.com\/semmexico\/wp-json\/wp\/v2\/categories?post=66960"},{"taxonomy":"post_tag","embeddable":true,"href":"https:\/\/redsemlac.com\/semmexico\/wp-json\/wp\/v2\/tags?post=66960"}],"curies":[{"name":"wp","href":"https:\/\/api.w.org\/{rel}","templated":true}]}}