{"id":6688,"date":"2019-01-03T04:07:59","date_gmt":"2019-01-03T04:07:59","guid":{"rendered":"https:\/\/redsemlac.com\/semmexico\/?p=6688"},"modified":"2023-07-21T14:44:17","modified_gmt":"2023-07-21T19:44:17","slug":"rafaga-3","status":"publish","type":"post","link":"https:\/\/redsemlac.com\/semmexico\/rafaga-3\/","title":{"rendered":"R\u00e1faga"},"content":{"rendered":"\n<p class=\"wp-block-paragraph\">Bajo la voz popular.<\/p>\n\n\n\n<h5 class=\"wp-block-heading\"> El primer reto pol\u00edtico para el presidente L\u00f3pez Obrador<\/h5>\n\n\n\n<p class=\"wp-block-paragraph\"><a href=\"https:\/\/semmexico.com\/gallery-post.php?id=6748#\">LA OPINI\u00d3N<\/a><\/p>\n\n\n\n<p class=\"wp-block-paragraph\"><strong>Jorge Herrera Valenzuela<\/strong><\/p>\n\n\n\n<p class=\"wp-block-paragraph\">SemM\u00e9xico, 3 enero 2019.- &nbsp;Comienza el a\u00f1o 2019 y el Presidente de M\u00e9xico sigue demostrando que es incansable, decidido a convertir en realidad sus planes y a \u00e9stos aderezarlos convocando a consultas populares, en un juego f\u00e1cil de entender, \u00e9l proyecta e inicia sus obras y practica \u201cla democracia participativa\u201d a efecto de compartir futuras responsabilidades, bajo el argumento de que fue la voz popular la que \u201corden\u00f3\u201d. El ejemplo m\u00e1s contundente es el de la cancelaci\u00f3n de las obras del Nuevo Aeropuerto Internacional de la Ciudad de M\u00e9xico, que, por cierto, contin\u00faan.<\/p>\n\n\n\n<p class=\"wp-block-paragraph\">Pues bien, don Andr\u00e9s Manuel L\u00f3pez Obrador recibi\u00f3 como regalo navide\u00f1o, precisamente el lunes 24 del pasado diciembre, consistente en el primer reto pol\u00edtico, de su sexenio. La investigaci\u00f3n del accidente deber\u00e1 ser clara, precisa y concisa, inobjetable. La selecci\u00f3n del gobernador interino debe ser limpia en todo sentido, porque el Congreso poblano est\u00e1 dominando por Morena y la coalici\u00f3n PAN-PRD-MC quiere que sea uno de sus miembros el designado. Las elecciones extraordinarias tienen que ser responsabilidad en su organizaci\u00f3n y desarrollo por las autoridades electorales locales, no por el Instituto Nacional Electoral.<\/p>\n\n\n\n<p class=\"wp-block-paragraph\">Pues bien, lo anterior se deriva de la muerte violenta de dos prominentes pol\u00edticos poblanos, militantes del PAN: la gobernadora Martha Erika Alonso Hidalgo, quien apenas llevaba 10 d\u00edas en el cargo, y su esposo Rafael Moreno Valle Rosas, exgobernador y &nbsp;que se desempe\u00f1aba, desde noviembre pasado, como coordinador de la bancada blanquiazul en el Senado de la Rep\u00fablica. El matrimonio viajaba en un helic\u00f3ptero, de Puebla a la Ciudad de M\u00e9xico, que cay\u00f3 por tierra y al estrellarse se incendi\u00f3. En la aeronave iban dos pilotos y un asistente de Moreno Valle Rosas.<\/p>\n\n\n\n<p class=\"wp-block-paragraph\">Mientras el secretario de Seguridad y Participaci\u00f3n Ciudadana, Alfonso Durazo Monta\u00f1o, afirm\u00f3 que no hubo explosivos que provocar\u00e1n el desplome del aparato a\u00e9reo, el Presidente L\u00f3pez Obrador afirm\u00f3 que no se ocultar\u00e1 nada de la investigaci\u00f3n, a cargo de autoridades mexicanas que tendr\u00e1n la colaboraci\u00f3n de peritos internacionales. Las especulaciones, los comentarios y las expresiones negativas, surgieron de inmediato, especialmente en las redes sociales, donde, sin fundamento alguno se incriminaba al nuevo gobierno federal.<\/p>\n\n\n\n<p class=\"wp-block-paragraph\">Resulta no sospechoso, pero s\u00ed digno de comentario el silencio que guardan los medios e inclusive las notas period\u00edsticas est\u00e1n faltas de datos. Por su parte las autoridades se concretaron a referir que solicitaron el apoyo de expertos aeron\u00e1uticos de Canad\u00e1, de Estados Unidos y de algunos europeos. Otro aspecto que motiva dudas en la actuaci\u00f3n oficial, es que se haya permitido incinerar los cad\u00e1veres, que seguramente debieron ser autopsiados, para cumplir con un importante requisito al integrarse el expediente\u2014hoy llamado carpeta\u2014de investigaci\u00f3n, pues un m\u00e9dico legista debe precisar la o las causas de la muerte.<\/p>\n\n\n\n<p class=\"wp-block-paragraph\">De acuerdo con las informaciones, la inspecci\u00f3n en el lugar del accidente, Cerro de la Chimenea del Chacuaco, en Santa Mar\u00eda Coronago, Puebla, se realiz\u00f3 con celeridad y sabemos que ese trabajo requiere d\u00edas no horas, porque hay que recoger todos los restos de la aeronave y de los objetos que llevaban los pasajeros (cinco en este caso), as\u00ed como los indicios que sirvan para el peritaje. Es necesario conocer los informes de la Torre de Control, de los despachadores que autorizan el vuelo, incluyendo nombres de los ocupantes del helic\u00f3ptero, el destino final del viaje, as\u00ed como la ruta a seguir.<\/p>\n\n\n\n<p class=\"wp-block-paragraph\">Bueno, pero en el aspecto pol\u00edtico, retomando el punto, los integrantes de la C\u00e1mara de Diputados del Estado de Puebla, se han dilatado en nombrar al gobernador interino. Ello se debe a que el llamado Congreso Estatal es mayoritariamente de Morena, recordemos que la gobernadora Alonso Hidalgo no tom\u00f3 posesi\u00f3n en sesi\u00f3n solemne del Poder Legislativo de Puebla y que en Palacio Nacional se calific\u00f3 de \u201cantidemocr\u00e1tico\u201d el fallo del TRIFE a favor de la ahora desaparecida candidata del PAN-PRD-MC.<\/p>\n\n\n\n<p class=\"wp-block-paragraph\">Los partidos que apoyaron a Martha Erika desean que uno de los militantes de esa coalici\u00f3n sea el que ocupe interinamente la gubernatura y sea el encargado de convocar a elecciones extraordinarias. Aqu\u00ed es donde la decisi\u00f3n de los diputados morenistas debe sujetarse, aunque lo nieguen, a lo que disponga el Presidente L\u00f3pez Obrador. Por su parte la presidenta nacional de Morena anunci\u00f3 que en los futuros comicios, Luis Miguel Barbosa repetir\u00e1 como candidato \u201cy volver\u00e1 a triunfar \u2013dijo la dirigente de dobles y diferentes nombres y apellidos&#8211;, porque le robaron en las elecciones pasadas\u201d.<\/p>\n\n\n\n<p class=\"wp-block-paragraph\">PREGUNTA PARA MEDITAR:<\/p>\n\n\n\n<p class=\"wp-block-paragraph\">\u00bfPostular nuevamente a Miguel Barbosa no estar\u00e1 implicando tanto su falta de \u00e9tica personal como su ambici\u00f3n personal, despu\u00e9s de sus declaraciones contra Erika, en el sentido de que no la dejar\u00eda ser gobernadora?<\/p>\n\n\n\n<p class=\"wp-block-paragraph\">jherrerav@live.com.mx&nbsp;&nbsp;<\/p>\n","protected":false},"excerpt":{"rendered":"<p>Bajo la voz popular. El primer reto pol\u00edtico para el presidente L\u00f3pez Obrador LA OPINI\u00d3N Jorge Herrera Valenzuela SemM\u00e9xico, 3 enero 2019.- &nbsp;Comienza el a\u00f1o 2019 y el Presidente de M\u00e9xico sigue demostrando que es incansable, decidido a convertir en realidad sus planes y a \u00e9stos aderezarlos convocando a consultas populares, en un juego f\u00e1cil [&hellip;]<\/p>\n","protected":false},"author":3,"featured_media":6689,"comment_status":"open","ping_status":"open","sticky":false,"template":"","format":"standard","meta":{"_monsterinsights_skip_tracking":false,"footnotes":""},"categories":[690,82],"tags":[],"class_list":["post-6688","post","type-post","status-publish","format-standard","has-post-thumbnail","category-690","category-la-opinion"],"_links":{"self":[{"href":"https:\/\/redsemlac.com\/semmexico\/wp-json\/wp\/v2\/posts\/6688","targetHints":{"allow":["GET"]}}],"collection":[{"href":"https:\/\/redsemlac.com\/semmexico\/wp-json\/wp\/v2\/posts"}],"about":[{"href":"https:\/\/redsemlac.com\/semmexico\/wp-json\/wp\/v2\/types\/post"}],"author":[{"embeddable":true,"href":"https:\/\/redsemlac.com\/semmexico\/wp-json\/wp\/v2\/users\/3"}],"replies":[{"embeddable":true,"href":"https:\/\/redsemlac.com\/semmexico\/wp-json\/wp\/v2\/comments?post=6688"}],"version-history":[{"count":0,"href":"https:\/\/redsemlac.com\/semmexico\/wp-json\/wp\/v2\/posts\/6688\/revisions"}],"wp:featuredmedia":[{"embeddable":true,"href":"https:\/\/redsemlac.com\/semmexico\/wp-json\/wp\/v2\/media\/6689"}],"wp:attachment":[{"href":"https:\/\/redsemlac.com\/semmexico\/wp-json\/wp\/v2\/media?parent=6688"}],"wp:term":[{"taxonomy":"category","embeddable":true,"href":"https:\/\/redsemlac.com\/semmexico\/wp-json\/wp\/v2\/categories?post=6688"},{"taxonomy":"post_tag","embeddable":true,"href":"https:\/\/redsemlac.com\/semmexico\/wp-json\/wp\/v2\/tags?post=6688"}],"curies":[{"name":"wp","href":"https:\/\/api.w.org\/{rel}","templated":true}]}}