{"id":6680,"date":"2019-01-10T04:04:49","date_gmt":"2019-01-10T04:04:49","guid":{"rendered":"https:\/\/redsemlac.com\/semmexico\/?p=6680"},"modified":"2023-07-21T14:43:32","modified_gmt":"2023-07-21T19:43:32","slug":"rafaga-2","status":"publish","type":"post","link":"https:\/\/redsemlac.com\/semmexico\/rafaga-2\/","title":{"rendered":"R\u00e1faga"},"content":{"rendered":"\n<p class=\"wp-block-paragraph\">\u2022 \u201cMe Canso Ganso y V\u00e1yanse Acostumbrando\u201d, lema de la Cuarta Transformaci\u00f3n<\/p>\n\n\n\n<h5 class=\"wp-block-heading\"> La inseguridad no se acaba por decreto presidencial<\/h5>\n\n\n\n<p class=\"wp-block-paragraph\"><a href=\"https:\/\/semmexico.com\/gallery-post.php?id=6794#\">LA OPINI\u00d3N<\/a><\/p>\n\n\n\n<p class=\"wp-block-paragraph\"><strong>Jorge Herrera Valenzuela<\/strong><\/p>\n\n\n\n<p class=\"wp-block-paragraph\">SemM\u00e9xico, 10 enero 2019.- El estilo nada ortodoxo del Presidente Andr\u00e9s Manuel L\u00f3pez Obrador es aplaudido por sus seguidores, pero desconcertante para los hombres y mujeres de empresa, quienes escucharon, desde hace semanas que ahora el poder pol\u00edtico est\u00e1 sobre el poder econ\u00f3mico. Sin embargo, la incertidumbre no desaparece e inclusive hay opiniones en el sentido de que inversionistas, nacionales y extranjeros, act\u00faan con mucha reserva, al considerar riesgoso que nada se sepa sobre la elaboraci\u00f3n del Plan Nacional de Desarrollo que debe presentarse en un lapso de 120 d\u00edas, despu\u00e9s de la toma de posesi\u00f3n, por ser un mandato constitucional.<\/p>\n\n\n\n<p class=\"wp-block-paragraph\">L\u00f3pez Obrador claramente expresa reiteradamente la frase, atribuida al desaparecido Tin T\u00e1n, de \u201cme canso ganso\u201d para afirmar que nada detendr\u00e1 sus planes personales de gobierno; recordaremos que esas palabras, de \u201cv\u00e1yanse acostumbrando\u201d las pronunci\u00f3 al referirse al proyecto del Tren Maya, que ya ten\u00eda en marcha y que se le ocurri\u00f3 ponerlo a \u201cconsulta popular\u201d, para aplicar su principio de \u201cdemocracia participativa\u201d. Los \u00fanicos que se oponen, a la construcci\u00f3n del Tren, son los \u201czapatistas\u201d que ocultan su rostro, coloc\u00e1ndose paliacates rojos y pasamonta\u00f1as negros.<\/p>\n\n\n\n<p class=\"wp-block-paragraph\">Nadie est\u00e1 en contra de que se sancione a los corruptos del gobierno y de la iniciativa privada, pero tambi\u00e9n es importante trabajar para disminuir la inseguridad y \u00e9sta no se acaba por decreto presidencial ni tampoco minimiz\u00e1ndola, asegurando que las cifras son producto de una campa\u00f1a de \u201clos conservadores\u201d.<\/p>\n\n\n\n<p class=\"wp-block-paragraph\">A prop\u00f3sito de calificar y descalificar a quienes no est\u00e1n de acuerdo con el Presidente L\u00f3pez Obrador, \u00e9l se contradice porque en otros foros asegura que hay libertad de expresi\u00f3n, respeto a que cada quien diga lo que piensa. No habr\u00e1 represi\u00f3n f\u00edsica, pero si derecho de r\u00e9plica.&nbsp; A los que agredieron en forma oral a la secretaria de Gobernaci\u00f3n (L\u00f3pez Obrador la llam\u00f3 Secretaria de Gobierno) los tach\u00f3 de \u201cneofascistas\u201d y a los del EZLN que por voz del \u201csubcomandante Mois\u00e9s\u201d insultaron soezmente al Presidente de M\u00e9xico y se pronunciaron en contra de los planes y programas del gobierno, simplemente apunt\u00f3 que est\u00e1n en su derecho de disentir y de manifestarse.<\/p>\n\n\n\n<p class=\"wp-block-paragraph\">Estoy de acuerdo que durante los d\u00edas de la campa\u00f1a pol\u00edtico electoral, el pol\u00edtico tabasque\u00f1o se explayara en su vocabulario y repitiera frases populares, pero ya es el l\u00e9xico del hombre que dirige los destinos de uno de los pa\u00edses m\u00e1s importantes del orbe, aunque sigamos clasificados como \u201ctercemundistas\u201d. No es aceptable que la Cuarta Transformaci\u00f3n mantenga esa bandera, que no es postura ideol\u00f3gica y menos pol\u00edtica.<\/p>\n\n\n\n<p class=\"wp-block-paragraph\">Ahora bien el \u201cv\u00e1yanse acostumbrando\u201d implica que los mexicanos debemos entender que en proyectos no aceptados por L\u00f3pez Obrador, \u00e9l los someta a una supuesta consulta popular que se realiza sin metodolog\u00eda y se aplica con la misma gente que lo llev\u00f3 al poder. El ejemplo, es el caso de las obras del Nuevo Aeropuerto de la Ciudad de M\u00e9xico. Desde los d\u00edas de campa\u00f1a estaba anunciado que lo cancelar\u00eda y lo ratific\u00f3 como el titular del Poder Ejecutivo Federal. Ah, pero hubo una \u201cconsulta popular\u201d perfectamente dirigida para obtener un \u201cno del \u00b4pueblo\u201d.<\/p>\n\n\n\n<p class=\"wp-block-paragraph\">Sin embargo los trabajos de construcci\u00f3n siguen adelante. Oficialmente el jueves de la semana pasada, la Secretar\u00eda de Comunicaciones y Transportes, inform\u00f3 que ya se inici\u00f3 la cancelaci\u00f3n de obras; el anuncio lo hizo el director del Grupo Aeroportuario M\u00e9xico, Gerardo Ferrando Bravo. En Hacienda hacen todos los esfuerzos para lograr la recompra de los bonos por 1,600 millones de d\u00f3lares. El excandidato presidencial PRIista dijo que la cancelaci\u00f3n le costar\u00eda, a los mexicanos, la friolera de 145 mil millones de d\u00f3lares. El ingeniero Jim\u00e9nez, secretario de Comunicaciones, y el de Turismo, el se\u00f1or Torruco, lo vapulearon sin argumentos. Ninguno de los dos desminti\u00f3 el millonario costo que implicar\u00e1 la cancelaci\u00f3n y m\u00e1s adelante la demolici\u00f3n de las obras ejecutadas, desde los cimientos.&nbsp; &nbsp;<\/p>\n\n\n\n<p class=\"wp-block-paragraph\"><strong>Pregunta para meditar:<\/strong><\/p>\n\n\n\n<p class=\"wp-block-paragraph\">\u00bfPadeceremos otro sexenio sin acciones definidas, para devolvernos la confianza hacia quien dirige los destinos de este hermoso pa\u00eds?<\/p>\n\n\n\n<p class=\"wp-block-paragraph\">jherrerav@live.com.mx<\/p>\n","protected":false},"excerpt":{"rendered":"<p>\u2022 \u201cMe Canso Ganso y V\u00e1yanse Acostumbrando\u201d, lema de la Cuarta Transformaci\u00f3n La inseguridad no se acaba por decreto presidencial LA OPINI\u00d3N Jorge Herrera Valenzuela SemM\u00e9xico, 10 enero 2019.- El estilo nada ortodoxo del Presidente Andr\u00e9s Manuel L\u00f3pez Obrador es aplaudido por sus seguidores, pero desconcertante para los hombres y mujeres de empresa, quienes escucharon, [&hellip;]<\/p>\n","protected":false},"author":3,"featured_media":6681,"comment_status":"open","ping_status":"open","sticky":false,"template":"","format":"standard","meta":{"_monsterinsights_skip_tracking":false,"footnotes":""},"categories":[690,82],"tags":[],"class_list":["post-6680","post","type-post","status-publish","format-standard","has-post-thumbnail","category-690","category-la-opinion"],"_links":{"self":[{"href":"https:\/\/redsemlac.com\/semmexico\/wp-json\/wp\/v2\/posts\/6680","targetHints":{"allow":["GET"]}}],"collection":[{"href":"https:\/\/redsemlac.com\/semmexico\/wp-json\/wp\/v2\/posts"}],"about":[{"href":"https:\/\/redsemlac.com\/semmexico\/wp-json\/wp\/v2\/types\/post"}],"author":[{"embeddable":true,"href":"https:\/\/redsemlac.com\/semmexico\/wp-json\/wp\/v2\/users\/3"}],"replies":[{"embeddable":true,"href":"https:\/\/redsemlac.com\/semmexico\/wp-json\/wp\/v2\/comments?post=6680"}],"version-history":[{"count":0,"href":"https:\/\/redsemlac.com\/semmexico\/wp-json\/wp\/v2\/posts\/6680\/revisions"}],"wp:featuredmedia":[{"embeddable":true,"href":"https:\/\/redsemlac.com\/semmexico\/wp-json\/wp\/v2\/media\/6681"}],"wp:attachment":[{"href":"https:\/\/redsemlac.com\/semmexico\/wp-json\/wp\/v2\/media?parent=6680"}],"wp:term":[{"taxonomy":"category","embeddable":true,"href":"https:\/\/redsemlac.com\/semmexico\/wp-json\/wp\/v2\/categories?post=6680"},{"taxonomy":"post_tag","embeddable":true,"href":"https:\/\/redsemlac.com\/semmexico\/wp-json\/wp\/v2\/tags?post=6680"}],"curies":[{"name":"wp","href":"https:\/\/api.w.org\/{rel}","templated":true}]}}