{"id":66755,"date":"2023-05-15T09:53:16","date_gmt":"2023-05-15T14:53:16","guid":{"rendered":"https:\/\/redsemlac.com\/semmexico\/?p=66755"},"modified":"2023-05-15T09:53:17","modified_gmt":"2023-05-15T14:53:17","slug":"ganando-espacios-vamos-a-hacer-la-diferencia","status":"publish","type":"post","link":"https:\/\/redsemlac.com\/semmexico\/ganando-espacios-vamos-a-hacer-la-diferencia\/","title":{"rendered":"Ganando Espacios| Vamos a hacer la diferencia"},"content":{"rendered":"\n<p class=\"wp-block-paragraph\"><strong>Noem\u00ed Mu\u00f1oz<\/strong><\/p>\n\n\n\n<p class=\"wp-block-paragraph\">SemM\u00e9xico, Pachuca, Hidalgo, 15 de mayo del 2023.- Sin duda, votar parece ser lo m\u00e1s f\u00e1cil del mundo. Llega el d\u00eda, te diriges a tu casilla y marcas el nombre de la candidata de tu preferencia, pero implica un ejercicio democr\u00e1tico que ha costado vidas.<\/p>\n\n\n\n<p class=\"wp-block-paragraph\">Lograr que ese ejercicio lo haga el cien por ciento de la poblaci\u00f3n es muy dif\u00edcil. Seg\u00fan el An\u00e1lisis Estad\u00edstico de Resultados de la Elecci\u00f3n a Gobernador del Estado de M\u00e9xico, Proceso Electoral 2016-2017 la participaci\u00f3n de la ciudadan\u00eda subi\u00f3 un casi 8 por ciento, en comparaci\u00f3n con el 2011, donde 45.73 % de la poblaci\u00f3n vot\u00f3. En 2017 fue un 53.53 % del total de ciudadanos y ciudadanas de la lista nominal.<\/p>\n\n\n\n<p class=\"wp-block-paragraph\">Siendo la entidad m\u00e1s poblada de la nominaci\u00f3n con 16 millones 992 mil 418 personas, de los cuales, ocho millones 741 mil 123 son mujeres y ocho millones 251 mil 295 son hombres, esto evidenciado por el censo que realiz\u00f3 el INEGI.<\/p>\n\n\n\n<p class=\"wp-block-paragraph\">Obviamente, no todos pueden votar por no tener credencial, o no encontrarse en el pa\u00eds, de esos tendr\u00edamos doce millones y cinco m\u00e1s de mexicanas y mexicanos en el extranjero. Un n\u00famero muy importante para colorear de manera distinta el Estado. Los municipios que podr\u00edan hacer cambiar la balanza son Ecatepec, Nezahualc\u00f3yotl, Ixtapaluca, Naucalpan, Cuautitl\u00e1n Izcalli.<\/p>\n\n\n\n<p class=\"wp-block-paragraph\">Pero no debemos olvidar que m\u00e1s que un n\u00famero somos ciudadanas y ciudadanos y que nosotros conformamos la comunidad. Parece mentira, pero siempre desconfiamos en las elecciones sobre el poder que tiene nuestro sufragio. Es nuestra voz, con todas nuestras peticiones por delante.<\/p>\n\n\n\n<p class=\"wp-block-paragraph\">No debemos perder de vista que es una responsabilidad, que al salir a votar presionas a las y los gobernantes elegidos a cumplir con lo que prometieron.<\/p>\n\n\n\n<p class=\"wp-block-paragraph\">Necesitamos ser esa diferencia en las elecciones, pero no solo para que un municipio o estado se vista de colores, tambi\u00e9n para cambiar en cada una de nuestras acciones sociales.<\/p>\n\n\n\n<p class=\"wp-block-paragraph\">El verdadero valor del voto es cuando reflexionamos porqu\u00e9 y por qui\u00e9n vamos a votar. Si esas propuestas son viables y lo que lanza en su plataforma electoral es posible.<\/p>\n\n\n\n<p class=\"wp-block-paragraph\">Muchas veces nos dejamos deslumbrar por ideas que parecen beneficiarnos, pero al momento de llevarlas a cabo, simplemente no funcionan, as\u00ed que pongamos ojo en las acciones concretas.<\/p>\n\n\n\n<p class=\"wp-block-paragraph\">Jam\u00e1s un voto nulo ha hecho la diferencia, primero, porque para que lo fuera tendr\u00eda que ser un\u00e1nime y seamos sinceros, eso no va a ocurrir, as\u00ed que tendremos que aceptar lo que eligieron los que si cruzaron las boletas.<\/p>\n\n\n\n<p class=\"wp-block-paragraph\">La \u00fanica manera de fortalecer la democracia y lograr un verdadero cambio es exigir justicia desde nuestro voto, porque estamos eligiendo a quien va a dirigir nuestro estado acompa\u00f1ado de nosotras y nosotros. Pensemos que para que un pa\u00eds deje de ser indiferente es importante que nosotros no lo seamos. Burocratizar nuestra vida y darle largas a nuestras responsabilidades como ciudadanas y ciudadanos, lo \u00fanico que nos ha tra\u00eddo es una vida llena de quejas y de cero soluciones.<\/p>\n\n\n\n<p class=\"wp-block-paragraph\">As\u00ed que lee las propuestas, ve a un mitin, pregunta, indaga cu\u00e1les son las intenciones de cada candidata. Ir a un evento pol\u00edtico y escuchar las propuestas no te convertir\u00e1 en un militante sino en una ciudadana y ciudadano informado y listo para hacer la diferencia.<\/p>\n","protected":false},"excerpt":{"rendered":"<p>Jam\u00e1s un voto nulo ha hecho la diferencia, primero, porque para que lo fuera tendr\u00eda que ser un\u00e1nime y seamos sinceros, eso no va a ocurrir, as\u00ed que tendremos que aceptar lo que eligieron los que si cruzaron las boletas.<\/p>\n","protected":false},"author":3,"featured_media":45255,"comment_status":"open","ping_status":"open","sticky":false,"template":"","format":"standard","meta":{"_monsterinsights_skip_tracking":false,"footnotes":""},"categories":[640,35],"tags":[],"class_list":["post-66755","post","type-post","status-publish","format-standard","has-post-thumbnail","category-noemi-munoz-cantu","category-opinion"],"_links":{"self":[{"href":"https:\/\/redsemlac.com\/semmexico\/wp-json\/wp\/v2\/posts\/66755","targetHints":{"allow":["GET"]}}],"collection":[{"href":"https:\/\/redsemlac.com\/semmexico\/wp-json\/wp\/v2\/posts"}],"about":[{"href":"https:\/\/redsemlac.com\/semmexico\/wp-json\/wp\/v2\/types\/post"}],"author":[{"embeddable":true,"href":"https:\/\/redsemlac.com\/semmexico\/wp-json\/wp\/v2\/users\/3"}],"replies":[{"embeddable":true,"href":"https:\/\/redsemlac.com\/semmexico\/wp-json\/wp\/v2\/comments?post=66755"}],"version-history":[{"count":0,"href":"https:\/\/redsemlac.com\/semmexico\/wp-json\/wp\/v2\/posts\/66755\/revisions"}],"wp:featuredmedia":[{"embeddable":true,"href":"https:\/\/redsemlac.com\/semmexico\/wp-json\/wp\/v2\/media\/45255"}],"wp:attachment":[{"href":"https:\/\/redsemlac.com\/semmexico\/wp-json\/wp\/v2\/media?parent=66755"}],"wp:term":[{"taxonomy":"category","embeddable":true,"href":"https:\/\/redsemlac.com\/semmexico\/wp-json\/wp\/v2\/categories?post=66755"},{"taxonomy":"post_tag","embeddable":true,"href":"https:\/\/redsemlac.com\/semmexico\/wp-json\/wp\/v2\/tags?post=66755"}],"curies":[{"name":"wp","href":"https:\/\/api.w.org\/{rel}","templated":true}]}}