{"id":66711,"date":"2023-05-13T22:34:05","date_gmt":"2023-05-14T03:34:05","guid":{"rendered":"https:\/\/redsemlac.com\/semmexico\/?p=66711"},"modified":"2023-05-13T22:54:55","modified_gmt":"2023-05-14T03:54:55","slug":"la-jueza-gabriela-ordorica-encontro-culpables-a-tres-hombres-implicados-en-el-asesinato-de-la-periodista-maria-elena-ferral","status":"publish","type":"post","link":"https:\/\/redsemlac.com\/semmexico\/la-jueza-gabriela-ordorica-encontro-culpables-a-tres-hombres-implicados-en-el-asesinato-de-la-periodista-maria-elena-ferral\/","title":{"rendered":"La jueza Gabriela Ordorica\u00a0encontr\u00f3 culpables a tres hombres implicados en el asesinato de la periodista Mar\u00eda Elena Ferral"},"content":{"rendered":"\n<p class=\"wp-block-paragraph\"><a href=\"https:\/\/www.noroeste.com.mx\/nacional\/la-periodista-maria-elena-ferral-fallece-luego-de-sufrir-un-ataque-a-balazos-en-papantla-veracruz-ISNO1191678\"><\/a>El proceso a\u00fan sigue en contra de Jos\u00e9 \u00abN\u00bb, Luis \u00c1ngel \u00abN\u00bb, Efra\u00edn \u00abN\u00bb y Nicasio N\u00bb, involucrados en el homicidio perpetrado en marzo de 2020.<\/p>\n\n\n\n<p class=\"wp-block-paragraph\">La Fiscal\u00eda de Veracruz concluy\u00f3 que el homicidio de la periodista deriv\u00f3 de su actividad profesional<\/p>\n\n\n\n<p class=\"wp-block-paragraph\">Redacci\u00f3n<\/p>\n\n\n\n<p class=\"wp-block-paragraph\">SemM\u00e9xico, 13 de mayo, 2023.- La jueza de Enjuiciamiento Gabriela Ordorica&nbsp;encontr\u00f3 culpables a tres hombres implicados en el asesinato de la periodista Mar\u00eda Elena Ferral, ocurrido el 30 de marzo de 2020 en el municipio de Papantla, Veracruz.<\/p>\n\n\n\n<p class=\"wp-block-paragraph\">Se trata de&nbsp;Othoniel \u00abN\u00bb, Carlos \u00abN\u00bb y Alfredo \u00abN\u00bb,&nbsp;quienes escucharon la resoluci\u00f3n de la jueza en audiencia llevada a cabo en la Sala de Juicios Orales con sede en el distrito judicial de Poza Rica.<\/p>\n\n\n\n<p class=\"wp-block-paragraph\">La resoluci\u00f3n de la jueza fue dada a conocer por la organizaci\u00f3n Propuesta C\u00edvica, que fungi\u00f3 como asesora legal de la familia Ferral, y por la hija de la v\u00edctima, Mar\u00eda Fernanda Luna Ferral, tambi\u00e9n periodista.<\/p>\n\n\n\n<p class=\"wp-block-paragraph\">A poco m\u00e1s de tres a\u00f1os del asesinato de la periodista Mar\u00eda Elena Ferral, en Veracruz, la decisi\u00f3n de la jueza fue dada a conocer ayer viernes y los&nbsp; &nbsp;&nbsp;tres sentenciados fueron declarados los autores materiales del crimen ocurrido en Papantla, al norte del estado, donde ella se dedicaba a cubrir nota roja.<\/p>\n\n\n\n<p class=\"wp-block-paragraph\">El proceso a\u00fan sigue en contra de Jos\u00e9 \u00abN\u00bb, Luis \u00c1ngel \u00abN\u00bb, Efra\u00edn \u00abN\u00bb y Nicasio N\u00bb, presuntos involucrados en el homicidio en contra de la comunicadora.&nbsp;&nbsp; Ernesto \u201cN\u201d \u2018el Ingeniero\u2019 pr\u00f3fugo, est\u00e1 se\u00f1alado como el due\u00f1o del arma usada contra Ferral; trabaj\u00f3 en Obras P\u00fablicas del ayuntamiento de Papantla. Ernesto \u201cN\u201d es un empresario due\u00f1o de tortiller\u00edas y se le acusa de haber facilitado la moto relacionada en el crimen.<\/p>\n\n\n\n<p class=\"wp-block-paragraph\">La pena contra los tres sentenciados se dar\u00e1 a conocer el pr\u00f3ximo 17 de mayo.<\/p>\n\n\n\n<p class=\"wp-block-paragraph\">A pesar de la sentencia, todav\u00eda faltan varios pasos para que haya justicia. Este es el segundo asesinato de periodistas en Veracruz en lo que va del gobierno de Cuitl\u00e1huac Garc\u00eda y el n\u00famero 12 en el sexenio del Presidente Andr\u00e9s Manuel L\u00f3pez Obrador.<\/p>\n\n\n\n<p class=\"wp-block-paragraph\">La jueza Gabriela Ordorica \u00c1vila dict\u00f3 las tres sentencias tras la detenci\u00f3n del 27 de abril de 2020; sin embargo, todav\u00eda hay otras seis personas detenidas y tres pr\u00f3fugas. Destacan ex funcionarios p\u00fablicos de Papantla, civiles y un ex reportero compa\u00f1ero de Mar\u00eda Elena.<\/p>\n\n\n\n<p class=\"wp-block-paragraph\">A Mar\u00eda Elena Ferral la mataron Othoniel Hern\u00e1ndez Cano, Alfredo P\u00e9rez Jim\u00e9nez y Carlos P\u00e9rez Jim\u00e9nez. El primero ayud\u00f3 a trasladar a otro implicado a donde estaba la periodista el 30 de marzo de 2020, cuando sal\u00eda de una notar\u00eda. Los hermanos P\u00e9rez Jim\u00e9nez la acecharon y dieron el aviso para el ataque en pleno d\u00eda.<\/p>\n\n\n\n<p class=\"wp-block-paragraph\">La organizaci\u00f3n Propuesta C\u00edvica explic\u00f3 que fueron desahogadas diversas pruebas testimoniales, periciales y documentales que constituyen pruebas suficientes para acreditar que el homicidio de Mar\u00eda Elena Ferral deriv\u00f3 de su labor period\u00edstica.<\/p>\n\n\n\n<p class=\"wp-block-paragraph\">\u201cEn juicio oral se logr\u00f3 acreditar que Mar\u00eda Elena, previo a su homicidio fue v\u00edctima de diversas amenazas ejecutadas por Basilio N, quien ha sido identificado por la Fiscal\u00eda como probable autor intelectual del asesinato\u201d, se\u00f1ala la organizaci\u00f3n, que trabaj\u00f3 junto con Reporteros sin Fronteras en esta asesor\u00eda.<\/p>\n\n\n\n<p class=\"wp-block-paragraph\">Te puede interesar: <a href=\"https:\/\/redsemlac.com\/semmexico\/demandan-organizaciones-reforzar-autoria-intelectual-por-asesinato-de-maria-elena-ferral\/\">https:\/\/redsemlac.com\/semmexico\/demandan-organizaciones-reforzar-autoria-intelectual-por-asesinato-de-maria-elena-ferral\/<\/a><\/p>\n\n\n\n<figure class=\"wp-block-image size-full\"><a href=\"https:\/\/redsemlac.com\/semmexico\/wp-content\/uploads\/2023\/05\/asesinato-periodista-02.jpg\"><img loading=\"lazy\" decoding=\"async\" width=\"768\" height=\"479\" src=\"https:\/\/redsemlac.com\/semmexico\/wp-content\/uploads\/2023\/05\/asesinato-periodista-02.jpg\" alt=\"\" class=\"wp-image-66713\"\/><\/a><\/figure>\n\n\n\n<p class=\"wp-block-paragraph\">Propuesta C\u00edvica, lament\u00f3 que en el delito de homicidio el C\u00f3digo Penal de Veracruz no establezca una agravante cuando se comete contra periodistas.<\/p>\n\n\n\n<p class=\"wp-block-paragraph\">Para Propuesta C\u00edvica, el crimen contra Mar\u00eda Elena tambi\u00e9n se debi\u00f3 haber tomado con perspectiva de g\u00e9nero, pues, adem\u00e1s de su trabajo para el Diario de Xalapa, su papel como madre y mujer en la sociedad era importante para considerarse en el fallo.<\/p>\n\n\n\n<p class=\"wp-block-paragraph\">Las y los defensores jur\u00eddicos esperan una pronta detenci\u00f3n y sentencia de los autores intelectuales. El asesinato es uno de los cuatro casos de cr\u00edmenes de periodistas que est\u00e1n ligados a pol\u00edticos locales en la administraci\u00f3n de Cuitl\u00e1huac Garc\u00eda.<\/p>\n\n\n\n<figure class=\"wp-block-image size-full\"><a href=\"https:\/\/redsemlac.com\/semmexico\/wp-content\/uploads\/2023\/05\/asesinato-periodista-03.jpg\"><img loading=\"lazy\" decoding=\"async\" width=\"768\" height=\"432\" src=\"https:\/\/redsemlac.com\/semmexico\/wp-content\/uploads\/2023\/05\/asesinato-periodista-03.jpg\" alt=\"\" class=\"wp-image-66714\"\/><\/a><\/figure>\n\n\n\n<p class=\"has-small-font-size wp-block-paragraph\"><a href=\"https:\/\/www.noroeste.com.mx\/nacional\/sentencian-a-tres-hombres-por-el-asesinato-de-la-periodista-maria-elena-ferral-BM3853939\"><\/a>En diversas ocasiones se ha exigido justicia para el caso del asesinato de la periodista Mar\u00eda Elena Ferral en Veracruz. (Fotos: Fernanda Malpica)<\/p>\n\n\n\n<p class=\"wp-block-paragraph\">Te puede interesar: <a href=\"https:\/\/redsemlac.com\/semmexico\/protestas-de-periodistas-por-el-asesinado-de-maria-elena-ferral\/\">https:\/\/redsemlac.com\/semmexico\/protestas-de-periodistas-por-el-asesinado-de-maria-elena-ferral\/<\/a><\/p>\n\n\n\n<p class=\"wp-block-paragraph\">La periodista Mar\u00eda Elena Ferral, quien era directora del portal&nbsp;<em>El Quinto Poder<\/em>&nbsp;en Papantla y colaboradora del<em>&nbsp;Diario de Xalapa<\/em>, fue asesinada por cuestiones relacionadas con su profesi\u00f3n, de acuerdo con la Fiscal\u00eda General del Estado (FGE).<\/p>\n\n\n\n<p class=\"wp-block-paragraph\">La periodista fue asesinada el 30 de marzo del 2020 sobre la calle Mina, frente a las instalaciones de la ex notar\u00eda n\u00famero 6, en donde&nbsp;recibi\u00f3 varios impactos de bala y fue trasladada grave a un hospital de Papantla.<\/p>\n\n\n\n<p class=\"wp-block-paragraph\">Sin embargo, a causa de la magnitud de sus lesiones, posteriormente fue llevada a una cl\u00ednica especializada en esta ciudad, donde finalmente muri\u00f3.<\/p>\n\n\n\n<p class=\"wp-block-paragraph\">El proceso a\u00fan sigue en contra de Jos\u00e9 \u00abN\u00bb, Luis \u00c1ngel \u00abN\u00bb, Efra\u00edn \u00abN\u00bb y Nicasio N\u00bb, presuntos involucrados en el homicidio en contra de la comunicadora. En abril 2020 fueron detenidos Luis \u201cN\u201d, Alfredo \u201cN\u201d, Nicasio \u201cN\u201d, Antonio \u201cN\u201d, Efra\u00edn \u201cN\u201d (ex regidor s\u00e9ptimo de Papantla) y Jos\u00e9 \u201cN\u201d (ex reportero). Los pr\u00f3fugos son Jaime \u201cN\u201d, \u2018el Ingeniero\u2019, Ernesto \u201cN\u201d y Basilio Picazo P\u00e9rez, ex diputado de Papantla y ex alcalde de Coyutla.<\/p>\n\n\n\n<p class=\"wp-block-paragraph\">Te puede interesar: <a href=\"https:\/\/redsemlac.com\/semmexico\/recuerdan-con-ofrenda-floral-a-la-periodista-asesinada-maria-elena-ferral-xalapa\/\">https:\/\/redsemlac.com\/semmexico\/recuerdan-con-ofrenda-floral-a-la-periodista-asesinada-maria-elena-ferral-xalapa\/<\/a><\/p>\n\n\n\n<p class=\"wp-block-paragraph\"><strong>Veracruz el cuarto m\u00e1s peligroso<\/strong><\/p>\n\n\n\n<p class=\"wp-block-paragraph\">En el reciente informe Voces contra la indiferencia, de la organizaci\u00f3n Art\u00edculo 19, se posicion\u00f3 a Veracruz en el cuarto lugar nacional con m\u00e1s ataques contra la prensa en 2022. Los resultados fueron: Ciudad de M\u00e9xico (139), Yucat\u00e1n (50), Quintana Roo (45), Veracruz (40) y Tamaulipas (39).<\/p>\n\n\n\n<p class=\"wp-block-paragraph\">En 2022, agentes del Estado fueron los principales agresores contra la prensa, asegura Art\u00edculo 19. En su informe, se destaca que, de los 696 casos de todo M\u00e9xico, 296 fueron cometidos por autoridades, 42.53%.<\/p>\n\n\n\n<p class=\"wp-block-paragraph\">El clima de \u201chostilidad y latente impunidad\u201d descrito por Art\u00edculo 19 es el temor de la familia de Mar\u00eda Elena, que cree que se podr\u00eda liberar a los detenidos actuales o que algunos podr\u00edan no ser arrestados<\/p>\n\n\n\n<p class=\"wp-block-paragraph\"><a href=\"https:\/\/www.noroeste.com.mx\/nacional\/sentencian-a-tres-hombres-por-el-asesinato-de-la-periodista-maria-elena-ferral-BM3853939\"><\/a><\/p>\n\n\n\n<figure class=\"wp-block-image size-full\"><a href=\"https:\/\/redsemlac.com\/semmexico\/wp-content\/uploads\/2023\/05\/asesinato-periodista-04.jpg\"><img loading=\"lazy\" decoding=\"async\" width=\"600\" height=\"400\" src=\"https:\/\/redsemlac.com\/semmexico\/wp-content\/uploads\/2023\/05\/asesinato-periodista-04.jpg\" alt=\"\" class=\"wp-image-66715\"\/><\/a><\/figure>\n\n\n\n<p class=\"wp-block-paragraph\"><a href=\"https:\/\/www.noroeste.com.mx\/nacional\/sentencian-a-tres-hombres-por-el-asesinato-de-la-periodista-maria-elena-ferral-BM3853939\"><\/a><a href=\"https:\/\/www.noroeste.com.mx\/nacional\/la-periodista-maria-elena-ferral-fallece-luego-de-sufrir-un-ataque-a-balazos-en-papantla-veracruz-ISNO1191678\"><\/a><strong>Atentado contra la libertad de expresi\u00f3n y las mujeres<\/strong><\/p>\n\n\n\n<figure class=\"wp-block-image size-full\"><a href=\"https:\/\/redsemlac.com\/semmexico\/wp-content\/uploads\/2023\/05\/asesinato-periodista-05.jpg\"><img loading=\"lazy\" decoding=\"async\" width=\"984\" height=\"474\" src=\"https:\/\/redsemlac.com\/semmexico\/wp-content\/uploads\/2023\/05\/asesinato-periodista-05.jpg\" alt=\"\" class=\"wp-image-66716\"\/><\/a><\/figure>\n\n\n\n<p class=\"wp-block-paragraph\">El 30 de marzo de 2023 se cumplieron tres a\u00f1os de que la pluma de Mar\u00eda Elena fue silenciada. No m\u00e1s notas de investigaciones que se\u00f1alaban a pol\u00edticos, ni notas sobre la violencia al norte de Veracruz.<\/p>\n\n\n\n<p class=\"wp-block-paragraph\">Desde Xalapa, familiares, colegas y conocidos exigieron justicia frente al Palacio de Gobierno, en la plaza que lleva el nombre de otra mujer periodista veracruzana v\u00edctima de la violencia en Veracruz: Regina Mart\u00ednez.<\/p>\n\n\n\n<p class=\"wp-block-paragraph\">\u201cMar\u00eda Elena Ferral dej\u00f3 un antecedente de su trabajo, un reportaje que consideramos llev\u00f3 a sus autores intelectuales y materiales a perpetrar este homicidio reprobable. La recordamos por su trabajo, pero recordamos que con el silenciamiento perdi\u00f3 la sociedad y la ciudadan\u00eda porque hoy no tiene qui\u00e9n pueda seguir denunciando las atrocidades de corrupci\u00f3n, la corrupci\u00f3n pol\u00edtica y de impunidad en Papantla\u201d, dijo en su discurso Balbina Flores Mart\u00ednez, representante de Reporteros Sin Fronteras.<\/p>\n\n\n\n<p class=\"wp-block-paragraph\">Te puede interesar: <a href=\"https:\/\/redsemlac.com\/semmexico\/condena-la-ripvg-crimen-contra-periodista-maria-elena-ferral\/\">https:\/\/redsemlac.com\/semmexico\/condena-la-ripvg-crimen-contra-periodista-maria-elena-ferral\/<\/a><\/p>\n\n\n\n<p class=\"wp-block-paragraph\">Las periodistas recuerdan algunas de las mujeres que han perdido la vida, haciendo su trabajo. Regina Mart\u00ednez, Mar\u00eda del Rosario Fuentes Rubio, Indira Rasc\u00f3n Garc\u00eda, Anabel Flores Salazar, Lesli Pamela Montenegro del Real, Miroslava Breach Valducea, Norma Sarabia Garduza, Mar\u00eda Elena Ferral, Saheila Johana Garc\u00eda Olivera, Yessenia Aurora Mollinedo Falconi, Lourdes Maldonado L\u00f3pez y Mar\u00eda del Sol Cruz Jarqu\u00edn.<\/p>\n\n\n\n<figure class=\"wp-block-image size-full\"><a href=\"https:\/\/redsemlac.com\/semmexico\/wp-content\/uploads\/2023\/05\/asesinato-periodista-06.jpg\"><img loading=\"lazy\" decoding=\"async\" width=\"768\" height=\"576\" src=\"https:\/\/redsemlac.com\/semmexico\/wp-content\/uploads\/2023\/05\/asesinato-periodista-06.jpg\" alt=\"\" class=\"wp-image-66717\"\/><\/a><\/figure>\n","protected":false},"excerpt":{"rendered":"<p>El proceso a\u00fan sigue en contra de Jos\u00e9 \u00abN\u00bb, Luis \u00c1ngel \u00abN\u00bb, Efra\u00edn \u00abN\u00bb y Nicasio N\u00bb, involucrados en el homicidio perpetrado en marzo de 2020.<\/p>\n","protected":false},"author":3,"featured_media":66712,"comment_status":"open","ping_status":"open","sticky":false,"template":"","format":"standard","meta":{"_monsterinsights_skip_tracking":false,"footnotes":""},"categories":[55],"tags":[],"class_list":["post-66711","post","type-post","status-publish","format-standard","has-post-thumbnail","category-periodistas"],"_links":{"self":[{"href":"https:\/\/redsemlac.com\/semmexico\/wp-json\/wp\/v2\/posts\/66711","targetHints":{"allow":["GET"]}}],"collection":[{"href":"https:\/\/redsemlac.com\/semmexico\/wp-json\/wp\/v2\/posts"}],"about":[{"href":"https:\/\/redsemlac.com\/semmexico\/wp-json\/wp\/v2\/types\/post"}],"author":[{"embeddable":true,"href":"https:\/\/redsemlac.com\/semmexico\/wp-json\/wp\/v2\/users\/3"}],"replies":[{"embeddable":true,"href":"https:\/\/redsemlac.com\/semmexico\/wp-json\/wp\/v2\/comments?post=66711"}],"version-history":[{"count":0,"href":"https:\/\/redsemlac.com\/semmexico\/wp-json\/wp\/v2\/posts\/66711\/revisions"}],"wp:featuredmedia":[{"embeddable":true,"href":"https:\/\/redsemlac.com\/semmexico\/wp-json\/wp\/v2\/media\/66712"}],"wp:attachment":[{"href":"https:\/\/redsemlac.com\/semmexico\/wp-json\/wp\/v2\/media?parent=66711"}],"wp:term":[{"taxonomy":"category","embeddable":true,"href":"https:\/\/redsemlac.com\/semmexico\/wp-json\/wp\/v2\/categories?post=66711"},{"taxonomy":"post_tag","embeddable":true,"href":"https:\/\/redsemlac.com\/semmexico\/wp-json\/wp\/v2\/tags?post=66711"}],"curies":[{"name":"wp","href":"https:\/\/api.w.org\/{rel}","templated":true}]}}