{"id":66700,"date":"2023-05-13T16:22:52","date_gmt":"2023-05-13T21:22:52","guid":{"rendered":"https:\/\/redsemlac.com\/semmexico\/?p=66700"},"modified":"2023-05-13T16:22:53","modified_gmt":"2023-05-13T21:22:53","slug":"premio-consol-nogueras-i-seda-a-tejido-de-mujeres-de-mataro-por-su-lucha-por-la-igualdad-y-contra-la-violencia-machista","status":"publish","type":"post","link":"https:\/\/redsemlac.com\/semmexico\/premio-consol-nogueras-i-seda-a-tejido-de-mujeres-de-mataro-por-su-lucha-por-la-igualdad-y-contra-la-violencia-machista\/","title":{"rendered":"Premio Consol Nogueras i Seda a \u201cTEJIDO de MUJERES\u201d de Matar\u00f3 por su lucha por la igualdad y contra la violencia machista"},"content":{"rendered":"\n<p class=\"has-small-font-size wp-block-paragraph\"><em>Fotograf\u00eda destacada: @MASM.&nbsp;Visita del Presidente Francesc Maci\u00e0 al Centro Republicano Federal.&nbsp;De izquierda a derecha, entre otros: Joan Alavedra, Salvador Cruxent, Francisco Maci\u00e0, Joaqu\u00edm Bilbeny, Consol Nogueras, Carles Pi i Sunyer y Josep Abril.<\/em><\/p>\n\n\n\n<p class=\"wp-block-paragraph\">Teresa Carreras<\/p>\n\n\n\n<p class=\"wp-block-paragraph\">SemM\u00e9xico\/LaIndependent, Barcelona, Catalu\u00f1a, 13 de mayor, 2023.- \u00c9ste es un Premio de ciudad.&nbsp;Mucha emoci\u00f3n y un gran aplauso en la entidad \u201cTejido de Mujeres\u201d, a la hora de recibir el premio&nbsp;<strong>Consol Nogueras y Seda<\/strong>&nbsp;en su segunda edici\u00f3n.&nbsp;A la Consol le fue otorgado el t\u00edtulo p\u00f3stumo de Hija Adoptiva de Matar\u00f3 porque fue la primera concejala de la ciudad (1934-1939) por Esquerra Republicana de Catalunya (ERC) durante la Segunda Rep\u00fablica.<\/p>\n\n\n\n<p class=\"wp-block-paragraph\">Las personas que la conocieron explican que uno de sus mejores recuerdos fue una de las visitas que pudo compartir con el Presidente Francesc Maci\u00e0 en la ciudad, como podemos ver en una de las fotos del Archivo Municipal.&nbsp;La entrega de esta segunda edici\u00f3n del Premio&nbsp;<strong>Consol Nogueras y Seda<\/strong>&nbsp;ha significado para la ciudad un acto de Memoria hist\u00f3rica.&nbsp;Las numerosas muestras de alegr\u00eda del p\u00fablico iban dirigidas tambi\u00e9n a la memoria de una de las fundadoras de la entidad ganadora \u201cTejido de Mujeres\u201d,&nbsp;<strong>Lea Cornellana<\/strong>&nbsp;&nbsp;muy querida en la ciudad y que muri\u00f3 hace un a\u00f1o, y tambi\u00e9n por&nbsp;<strong>Marisa Merch\u00e1n<\/strong>&nbsp;, concejala de Igualdad, Feminismo y LGTBI, del ayuntamiento de la ciudad, que las ha acompa\u00f1ado durante estos \u00faltimos a\u00f1os de camino.<\/p>\n\n\n\n<figure class=\"wp-block-image size-large\"><a href=\"https:\/\/redsemlac.com\/semmexico\/wp-content\/uploads\/2023\/05\/premio-consol-02.jpg\"><img decoding=\"async\" src=\"https:\/\/redsemlac.com\/semmexico\/wp-content\/uploads\/2023\/05\/premio-consol-02-1024x576.jpg\" alt=\"\" class=\"wp-image-66702\"\/><\/a><\/figure>\n\n\n\n<p class=\"has-small-font-size wp-block-paragraph\"><em>Fotograf\u00eda: @Salvador Carbonell<\/em><\/p>\n\n\n\n<p class=\"wp-block-paragraph\">La Presidenta de ERC, en Matar\u00f3,&nbsp;<strong>Anna Salicr\u00fa<\/strong>&nbsp;ha destacado que este Premio ha sido creado para mantener viva la memoria de las pioneras feministas que luchaban por los ideales republicanos.&nbsp;El nombre de la entidad ganadora de esta II edici\u00f3n del&nbsp;<strong>Consuelo Nogueras y Seda<\/strong>&nbsp;que otorga de asamblea de mujeres de ERC, se hizo p\u00fablico el d\u00eda 18 de abril, fecha del nacimiento de la pol\u00edtica republicana, y se entregar el lunes 24 de abril por la tarde en Can Palauet.&nbsp;El premio va dedicado al feminismo ya las mejoras sociales as\u00ed como a la Memoria hist\u00f3rica de la ciudad porque \u00abConsol representa hoy estas vertientes por igual\u00bb, ha destacado la bi\u00f3grafa de Consol y ganadora de la primera edici\u00f3n del Premio, Margarida&nbsp;<strong>Colomer<\/strong>&nbsp;.<\/p>\n\n\n\n<figure class=\"wp-block-image size-large\"><a href=\"https:\/\/redsemlac.com\/semmexico\/wp-content\/uploads\/2023\/05\/premio-consol-03.jpg\"><img decoding=\"async\" src=\"https:\/\/redsemlac.com\/semmexico\/wp-content\/uploads\/2023\/05\/premio-consol-03-1024x576.jpg\" alt=\"\" class=\"wp-image-66703\"\/><\/a><\/figure>\n\n\n\n<p class=\"wp-block-paragraph\">El galard\u00f3n es un trabajo del dise\u00f1ador mataronense&nbsp;<strong>\u00c0lex Valls.<\/strong>Es una obra que simboliza la letra \u201cC\u201d de color lila \u2013que es la letra con la que Consol firmaba\u2013 adem\u00e1s lleva un cristal transparente detr\u00e1s, destacando la importancia de la gesti\u00f3n p\u00fablica bien hecha y un pie de madera que simboliza el mostrador de una tienda.&nbsp;Consuelo adem\u00e1s de ser la primera concejala de la ciudad, ten\u00eda una tienda en la Pla\u00e7a Gran, de Matar\u00f3.&nbsp;Fue elegida en las elecciones municipales fueron las primeras en que las mujeres pod\u00edan ser elegidas y votar aplicando el voto universal femenino.&nbsp;En aquellas elecciones fue la cuarta concejala elegida por voto popular en toda Catalu\u00f1a.&nbsp;S\u00f3lo hab\u00eda cuatro mujeres electas;&nbsp;una alcaldesa y tres concejalas, una de ellas Consol.&nbsp;En Matar\u00f3 estuvo dirigiendo la concejal\u00eda de Servicios Sociales porque ten\u00eda muy claro cu\u00e1l deb\u00eda ser la labor social de un ayuntamiento.&nbsp;<strong>Consuelo Nogueras y Seda<\/strong>&nbsp;ha estado muchos a\u00f1os olvidada.&nbsp;S\u00f3lo ten\u00eda una placa en una calle de la ciudad que dec\u00eda su nombre pero casi nadie sab\u00eda qui\u00e9n era.&nbsp;Consol form\u00f3 parte de estas pioneras feministas ya mucho antes de la proclamaci\u00f3n de la Segunda Rep\u00fablica luch\u00f3 por los derechos de las mujeres, la igualdad de g\u00e9nero y los derechos sociales.<\/p>\n\n\n\n<figure class=\"wp-block-image size-full\"><a href=\"https:\/\/redsemlac.com\/semmexico\/wp-content\/uploads\/2023\/05\/premio-consol-04.jpg\"><img loading=\"lazy\" decoding=\"async\" width=\"1000\" height=\"750\" src=\"https:\/\/redsemlac.com\/semmexico\/wp-content\/uploads\/2023\/05\/premio-consol-04.jpg\" alt=\"\" class=\"wp-image-66704\"\/><\/a><\/figure>\n\n\n\n<p class=\"wp-block-paragraph\">La Secretaria de Igualdad de ERC, en Matar\u00f3&nbsp;<strong>S\u00edlvia S\u00e0iz y S\u00e0iz<\/strong>&nbsp;explic\u00f3 c\u00f3mo en los \u00faltimos a\u00f1os las entidades feministas de Matar\u00f3 hab\u00edan construido este espacio interseccional de luchas y encuentros.&nbsp;El momento hist\u00f3rico de la fundaci\u00f3n de \u201cTejido de Mujeres\u201d fue en 2014 ya partir de 2016 el d\u00eda 25 de cada mes convocan a la ciudadan\u00eda ante el ayuntamiento para leer los nombres de las mujeres que han sido asesinadas y sus hijo o hijas.<\/p>\n\n\n\n<p class=\"wp-block-paragraph\">Recogi\u00f3 el premio en nombre de \u201cTejido de mujeres\u201d,&nbsp;<strong>Cristina Sarr\u00e0 y M\u00e1rquez<\/strong>&nbsp;, miembro de la entidad, que agradeci\u00f3 el galard\u00f3n e hizo un clamor \u201clo que queremos es que acabe la violencia machista, la violencia contra las mujeres y, en algunos casos, contra sus hijos e hijas.&nbsp;No queremos seguir llegando en diciembre y poner de nuevo el contador de feminicidios a cero.&nbsp;Hay que decir lo suficiente y debemos erradicar la violencia machista\u201d.&nbsp;Desde 2010 en el Estado ha habido 1394 feminicidios que las estad\u00edsticas oficiales los convierten en 714 mujeres asesinadas.&nbsp;Tejido de mujeres lee desde 2016 los nombres acumulados de los asesinatos, empezando cada enero con los de ese a\u00f1o.<\/p>\n\n\n\n<figure class=\"wp-block-image size-full\"><a href=\"https:\/\/redsemlac.com\/semmexico\/wp-content\/uploads\/2023\/05\/premio-consol-05.jpg\"><img loading=\"lazy\" decoding=\"async\" width=\"1000\" height=\"750\" src=\"https:\/\/redsemlac.com\/semmexico\/wp-content\/uploads\/2023\/05\/premio-consol-05.jpg\" alt=\"\" class=\"wp-image-66705\"\/><\/a><\/figure>\n\n\n\n<p class=\"wp-block-paragraph\">Cerr\u00f3 el acto la consejera de Igualdad y Feminismos de la Generalitat de Catalunya,&nbsp;<strong>T\u00e0nia Verge<\/strong>&nbsp;que dijo que \u201cel feminismo hoy es el principal movimiento pol\u00edtico con capacidad para transformar la realidad\u201d.&nbsp;Y puso en valor el trabajo transversal que se realiza desde las instituciones y desde las entidades civiles.&nbsp;<strong>T\u00e0nia Verge<\/strong>&nbsp;a\u00f1adi\u00f3 \u201cDebemos reconocer los avances que se ha hecho, el trabajo de las entidades que ponga el cuerpo y trabaje de forma altruista por la igualdad.&nbsp;Pero sobre todo no olvidar que todav\u00eda queda mucho camino por recorrer\u201d.<\/p>\n\n\n\n<ul class=\"wp-block-list\">\n<li><a href=\"https:\/\/laindependent.cat\/etiqueta\/anna-salicru\/\"><em>Anna Salicr\u00fa<\/em><\/a><em>&nbsp;,&nbsp;<\/em><a href=\"https:\/\/laindependent.cat\/etiqueta\/cristina-sarra-i-marquez\/\"><em>Cristina Sarr\u00e0 y M\u00e1rquez<\/em><\/a><em>&nbsp;,&nbsp;<\/em><a href=\"https:\/\/laindependent.cat\/etiqueta\/erc-2\/\"><em>ERC<\/em><\/a><em>&nbsp;,&nbsp;<\/em><a href=\"https:\/\/laindependent.cat\/etiqueta\/feminisme-6\/\"><em>feminismo<\/em><\/a><em>&nbsp;,&nbsp;<\/em><a href=\"https:\/\/laindependent.cat\/etiqueta\/lea-cornellana-2\/\"><em>Lea Cornellana<\/em><\/a><em>&nbsp;,&nbsp;<\/em><a href=\"https:\/\/laindependent.cat\/etiqueta\/margarida-colomer\/\"><em>Margarita Colomer<\/em><\/a><em>&nbsp;,&nbsp;<\/em><a href=\"https:\/\/laindependent.cat\/etiqueta\/marisa-merchan\/\"><em>Marisa Merch\u00e1n<\/em><\/a><em>&nbsp;,&nbsp;<\/em><a href=\"https:\/\/laindependent.cat\/etiqueta\/mataro-3\/\"><em>Matar\u00f3<\/em><\/a><em>&nbsp;,&nbsp;<\/em><a href=\"https:\/\/laindependent.cat\/etiqueta\/premi-consol-nogueras-i-seda\/\"><em>Premio Consol Nogueras y Seda<\/em><\/a><em>&nbsp;,&nbsp;<\/em><a href=\"https:\/\/laindependent.cat\/etiqueta\/silvia-saiz-i-saiz\/\"><em>Silvia S\u00e1iz y S\u00e1iz<\/em><\/a><em>&nbsp;,&nbsp;<\/em><a href=\"https:\/\/laindependent.cat\/etiqueta\/tania-verge-3\/\"><em>Tania Virgen<\/em><\/a><em>&nbsp;,&nbsp;<\/em><a href=\"https:\/\/laindependent.cat\/etiqueta\/teixit-de-dones-2\/\"><em>Tejido de Mujeres<\/em><\/a><em>&nbsp;,&nbsp;<\/em><a href=\"https:\/\/laindependent.cat\/etiqueta\/violencia-masclista-2\/\"><em>violencia machista<\/em><\/a><em><\/em><\/li>\n<\/ul>\n\n\n\n<p class=\"wp-block-paragraph\"><a href=\"https:\/\/laindependent.cat\/\">Inicio<\/a>&nbsp;\u00bb<a href=\"https:\/\/laindependent.cat\/tema\/memoria\/\">&nbsp;Memoria<\/a>&nbsp;\u00bb&nbsp;Premio Consol Nogueras y Seda a \u201cTEJIDO de MUJERES\u201d de Matar\u00f3 por su lucha por la igualdad y contra la violencia machista<\/p>\n","protected":false},"excerpt":{"rendered":"<p>\u00c9ste es un Premio de ciudad.\u00a0Mucha emoci\u00f3n y un gran aplauso en la entidad \u201cTejido de Mujeres\u201d, a la hora de recibir el premio\u00a0Consol Nogueras y Seda\u00a0en su segunda edici\u00f3n.<\/p>\n","protected":false},"author":3,"featured_media":66701,"comment_status":"open","ping_status":"open","sticky":false,"template":"","format":"standard","meta":{"_monsterinsights_skip_tracking":false,"footnotes":""},"categories":[53],"tags":[],"class_list":["post-66700","post","type-post","status-publish","format-standard","has-post-thumbnail","category-internacional"],"_links":{"self":[{"href":"https:\/\/redsemlac.com\/semmexico\/wp-json\/wp\/v2\/posts\/66700","targetHints":{"allow":["GET"]}}],"collection":[{"href":"https:\/\/redsemlac.com\/semmexico\/wp-json\/wp\/v2\/posts"}],"about":[{"href":"https:\/\/redsemlac.com\/semmexico\/wp-json\/wp\/v2\/types\/post"}],"author":[{"embeddable":true,"href":"https:\/\/redsemlac.com\/semmexico\/wp-json\/wp\/v2\/users\/3"}],"replies":[{"embeddable":true,"href":"https:\/\/redsemlac.com\/semmexico\/wp-json\/wp\/v2\/comments?post=66700"}],"version-history":[{"count":0,"href":"https:\/\/redsemlac.com\/semmexico\/wp-json\/wp\/v2\/posts\/66700\/revisions"}],"wp:featuredmedia":[{"embeddable":true,"href":"https:\/\/redsemlac.com\/semmexico\/wp-json\/wp\/v2\/media\/66701"}],"wp:attachment":[{"href":"https:\/\/redsemlac.com\/semmexico\/wp-json\/wp\/v2\/media?parent=66700"}],"wp:term":[{"taxonomy":"category","embeddable":true,"href":"https:\/\/redsemlac.com\/semmexico\/wp-json\/wp\/v2\/categories?post=66700"},{"taxonomy":"post_tag","embeddable":true,"href":"https:\/\/redsemlac.com\/semmexico\/wp-json\/wp\/v2\/tags?post=66700"}],"curies":[{"name":"wp","href":"https:\/\/api.w.org\/{rel}","templated":true}]}}