{"id":66697,"date":"2023-05-13T15:41:10","date_gmt":"2023-05-13T20:41:10","guid":{"rendered":"https:\/\/redsemlac.com\/semmexico\/?p=66697"},"modified":"2023-05-13T15:41:11","modified_gmt":"2023-05-13T20:41:11","slug":"la-policia-de-belgica-alemania-y-holanda-necesita-ayuda-para-la-identificacion-de-22-mujeres-y-ninas-halladas-muertas","status":"publish","type":"post","link":"https:\/\/redsemlac.com\/semmexico\/la-policia-de-belgica-alemania-y-holanda-necesita-ayuda-para-la-identificacion-de-22-mujeres-y-ninas-halladas-muertas\/","title":{"rendered":"La polic\u00eda de B\u00e9lgica, Alemania y Holanda necesita ayuda para la identificaci\u00f3n de 22 mujeres y ni\u00f1as halladas muertas."},"content":{"rendered":"\n<p class=\"has-small-font-size wp-block-paragraph\"><em>Diario Feminista.&nbsp;Foto: Interpol<\/em><\/p>\n\n\n\n<p class=\"wp-block-paragraph\"><em>Redacci\u00f3n<\/em><\/p>\n\n\n\n<p class=\"wp-block-paragraph\">SemM\u00e9xico\/La Independent, Barcelona, Catalu\u00f1a, 13 de mayo, 2023.- Las autoridades de B\u00e9lgica, Alemania y Pa\u00edses Bajos buscan ayuda p\u00fablica para identificar a 22 mujeres y ni\u00f1as que se cree que fueron asesinadas.<\/p>\n\n\n\n<p class=\"wp-block-paragraph\">Los cuerpos de estas v\u00edctimas fueron descubiertos en los tres pa\u00edses europeos entre octubre de 1976 y agosto de 2019. Las fuerzas policiales de estas naciones se han unido para lanzar la \u201cOperaci\u00f3n Identif\u00edcame\u201d a trav\u00e9s de &#8216;Interpol, en un esfuerzo por reunir informaci\u00f3n sobre las v\u00edctimas identificadas y determinar las circunstancias que rodearon a sus muertes.<\/p>\n\n\n\n<p class=\"wp-block-paragraph\">Las identidades de estas personas siguen siendo desconocidas, y se sospecha que pueden ser ciudadanas extranjeras de pa\u00edses distintos donde se encontraron sus cuerpos.&nbsp;Los casos se han hecho p\u00fablicos, incluyendo detalles como reconstrucciones faciales, caracter\u00edsticas f\u00edsicas y objetos hallados en las escenas del crimen, con la esperanza de que alguien pueda reconocer a las v\u00edctimas, como informa Sky News.<\/p>\n\n\n\n<p class=\"wp-block-paragraph\">Los equipos que investigan estos hechos esperan reunir pruebas suficientes con la ayuda ciudadana para poder encontrar pistas sobre los autores de estos cr\u00edmenes.&nbsp;Por eso, se insta a la ciudadan\u00eda a que pueda tener informaci\u00f3n, se pongan en contacto con sus respectivos organismos nacionales de polic\u00eda.<\/p>\n\n\n\n<p class=\"wp-block-paragraph\">Las difusiones de im\u00e1genes, que suelen circular internamente entre la red mundial de Interpol, se han hecho p\u00fablicas por primera vez, lo que permite una mayor participaci\u00f3n en la b\u00fasqueda de respuestas.&nbsp;Los avances en la tecnolog\u00eda forense de identificaci\u00f3n humana est\u00e1n desempe\u00f1ando un papel crucial en la resoluci\u00f3n de estos casos sin resolver de tan larga duraci\u00f3n, proporcionando un cierre emocional a las familias de las v\u00edctimas a la vez que se lleven a los delincuentes ante la justicia.<\/p>\n\n\n\n<ul class=\"wp-block-list\">\n<li class=\"has-small-font-size\"><a href=\"https:\/\/laindependent.cat\/etiqueta\/operacio-identificam\/\"><em>\u00abOperaci\u00f3n Identif\u00edcame\u00bb<\/em><\/a><em>&nbsp;,&nbsp;<\/em><a href=\"https:\/\/laindependent.cat\/etiqueta\/desaparegudes-2\/\"><em>Desaparecidas<\/em><\/a><em>&nbsp;,&nbsp;<\/em><a href=\"https:\/\/laindependent.cat\/etiqueta\/diario-feminista-2\/\"><em>Diario Feminista<\/em><\/a><em>&nbsp;,&nbsp;<\/em><a href=\"https:\/\/laindependent.cat\/etiqueta\/interpol\/\"><em>Interpol<\/em><\/a><em>&nbsp;,&nbsp;<\/em><a href=\"https:\/\/laindependent.cat\/etiqueta\/nenes-2\/\"><em>ni\u00f1as<\/em><\/a><em>&nbsp;,&nbsp;<\/em><a href=\"https:\/\/laindependent.cat\/etiqueta\/violencies-3\/\"><em>violencias<\/em><\/a><em><\/em><\/li>\n<\/ul>\n\n\n\n<p class=\"has-small-font-size wp-block-paragraph\"><a href=\"https:\/\/laindependent.cat\/\">Inicio<\/a>&nbsp;\u00bb<a href=\"https:\/\/laindependent.cat\/tema\/violencies\/\">&nbsp;Violencias<\/a>&nbsp;\u00bb&nbsp;La polic\u00eda de B\u00e9lgica, Alemania y Holanda necesita ayuda para la identificaci\u00f3n de 22 mujeres y ni\u00f1as encontradas muertas.<\/p>\n","protected":false},"excerpt":{"rendered":"<p>Las autoridades de B\u00e9lgica, Alemania y Pa\u00edses Bajos buscan ayuda p\u00fablica para identificar a 22 mujeres y ni\u00f1as que se cree que fueron asesinadas.<\/p>\n","protected":false},"author":3,"featured_media":66698,"comment_status":"open","ping_status":"open","sticky":false,"template":"","format":"standard","meta":{"_monsterinsights_skip_tracking":false,"footnotes":""},"categories":[53],"tags":[],"class_list":["post-66697","post","type-post","status-publish","format-standard","has-post-thumbnail","category-internacional"],"_links":{"self":[{"href":"https:\/\/redsemlac.com\/semmexico\/wp-json\/wp\/v2\/posts\/66697","targetHints":{"allow":["GET"]}}],"collection":[{"href":"https:\/\/redsemlac.com\/semmexico\/wp-json\/wp\/v2\/posts"}],"about":[{"href":"https:\/\/redsemlac.com\/semmexico\/wp-json\/wp\/v2\/types\/post"}],"author":[{"embeddable":true,"href":"https:\/\/redsemlac.com\/semmexico\/wp-json\/wp\/v2\/users\/3"}],"replies":[{"embeddable":true,"href":"https:\/\/redsemlac.com\/semmexico\/wp-json\/wp\/v2\/comments?post=66697"}],"version-history":[{"count":0,"href":"https:\/\/redsemlac.com\/semmexico\/wp-json\/wp\/v2\/posts\/66697\/revisions"}],"wp:featuredmedia":[{"embeddable":true,"href":"https:\/\/redsemlac.com\/semmexico\/wp-json\/wp\/v2\/media\/66698"}],"wp:attachment":[{"href":"https:\/\/redsemlac.com\/semmexico\/wp-json\/wp\/v2\/media?parent=66697"}],"wp:term":[{"taxonomy":"category","embeddable":true,"href":"https:\/\/redsemlac.com\/semmexico\/wp-json\/wp\/v2\/categories?post=66697"},{"taxonomy":"post_tag","embeddable":true,"href":"https:\/\/redsemlac.com\/semmexico\/wp-json\/wp\/v2\/tags?post=66697"}],"curies":[{"name":"wp","href":"https:\/\/api.w.org\/{rel}","templated":true}]}}