{"id":66694,"date":"2023-05-13T15:30:26","date_gmt":"2023-05-13T20:30:26","guid":{"rendered":"https:\/\/redsemlac.com\/semmexico\/?p=66694"},"modified":"2023-05-13T15:30:27","modified_gmt":"2023-05-13T20:30:27","slug":"feminicidio-en-villaflores-sujeto-dispara-a-su-pareja-delante-de-sus-hijos","status":"publish","type":"post","link":"https:\/\/redsemlac.com\/semmexico\/feminicidio-en-villaflores-sujeto-dispara-a-su-pareja-delante-de-sus-hijos\/","title":{"rendered":"Feminicidio en Villaflores; sujeto dispara a su pareja delante de sus hijos"},"content":{"rendered":"\n<p class=\"wp-block-paragraph\">Con el Feminicidio de Ana son 12 los casos que se han presentado en Chiapas en lo que va del a\u00f1o.<\/p>\n\n\n\n<p class=\"wp-block-paragraph\">Gabriela Couti\u00f1o<\/p>\n\n\n\n<p class=\"wp-block-paragraph\">SemM\u00e9xico, Tuxtla Guti\u00e9rrez, Chis., 13 de mayo, 2023.- Ana Isabel, una joven de 32 a\u00f1os de edad, fue asesinada por su pareja en el municipio de Villaflores. El feminicidio ocurri\u00f3 el pasado 4 de mayo; cuando en medio de una discusi\u00f3n en el domicilio conyugal, Natividad \u201cN\u201d le dispar\u00f3.<\/p>\n\n\n\n<p class=\"wp-block-paragraph\">Ana Isabel qued\u00f3 gravemente herida, pero su marido la arrastr\u00f3, y la dej\u00f3 abandonada en un callej\u00f3n de la colonia Santa Catarina.<\/p>\n\n\n\n<p class=\"wp-block-paragraph\">El feminicidio fue presenciado por los tres hijos menores de Ana Isabel que hab\u00eda procreado con una anterior pareja, denunciaron los familiares de la v\u00edctima.<\/p>\n\n\n\n<p class=\"wp-block-paragraph\">De acuerdo a los datos proporcionados por la madre de la v\u00edctima, Ana Isabel fue trasladada al hospital regional de la localidad; pero no resisti\u00f3, ten\u00eda un balazo en el cuello, perdiendo la vida cuatro d\u00edas despu\u00e9s, el pasado lunes 8 de Mayo.<\/p>\n\n\n\n<p class=\"wp-block-paragraph\">El feminicidio de Ana Isabel se conoci\u00f3 luego que el jueves 11 de Mayo la Fiscal\u00eda de Feminicidios inform\u00f3 que logr\u00f3 vincular a proceso por el delito de Feminicidio a Natividad \u201cN\u201d, quien fue detenido luego de la agresi\u00f3n.<\/p>\n\n\n\n<p class=\"wp-block-paragraph\">La dependencia se\u00f1al\u00f3 que el Juez de Control Regi\u00f3n Tres del Distrito Judicial de Villaflores, tras considerar que los datos de pruebas ofertados por la Fiscal\u00eda fueron suficientes, vincul\u00f3 a proceso al imputado por el delito de Feminicidio.<\/p>\n\n\n\n<p class=\"wp-block-paragraph\">El feminicidio de Ana Isabel es el n\u00famero 12 que se presenta en Chiapas en lo que va del a\u00f1o, inform\u00f3 la colectiva feminista 50 m\u00e1s 1 Chiapas que lleva un puntual seguimiento de los casos feminicidas.<\/p>\n\n\n\n<p class=\"wp-block-paragraph\">En un comunicado 50 m\u00e1s 1 exigi\u00f3 a las autoridades y al ayuntamiento de Villaflores desarrollen campa\u00f1as en contra de la violencia contra las mujeres, las ni\u00f1as y las adolescentes ya que Villaflores cuenta con Alerta de G\u00e9nero.<\/p>\n\n\n\n<p class=\"wp-block-paragraph\">A la Fiscal\u00eda de Feminicidios le exigi\u00f3 realizar una investigaci\u00f3n apegada al protocolo y con perspectiva de g\u00e9nero para que el presunto feminicida sea castigado con todo el peso de la ley.<\/p>\n","protected":false},"excerpt":{"rendered":"<p>Ana Isabel, una joven de 32 a\u00f1os de edad, fue asesinada por su pareja en el municipio de Villaflores. El feminicidio ocurri\u00f3 el pasado 4 de mayo; cuando en medio de una discusi\u00f3n en el domicilio conyugal, Natividad \u201cN\u201d le dispar\u00f3.<\/p>\n","protected":false},"author":3,"featured_media":66695,"comment_status":"open","ping_status":"open","sticky":false,"template":"","format":"standard","meta":{"_monsterinsights_skip_tracking":false,"footnotes":""},"categories":[47],"tags":[],"class_list":["post-66694","post","type-post","status-publish","format-standard","has-post-thumbnail","category-no-mas-impunidad"],"_links":{"self":[{"href":"https:\/\/redsemlac.com\/semmexico\/wp-json\/wp\/v2\/posts\/66694","targetHints":{"allow":["GET"]}}],"collection":[{"href":"https:\/\/redsemlac.com\/semmexico\/wp-json\/wp\/v2\/posts"}],"about":[{"href":"https:\/\/redsemlac.com\/semmexico\/wp-json\/wp\/v2\/types\/post"}],"author":[{"embeddable":true,"href":"https:\/\/redsemlac.com\/semmexico\/wp-json\/wp\/v2\/users\/3"}],"replies":[{"embeddable":true,"href":"https:\/\/redsemlac.com\/semmexico\/wp-json\/wp\/v2\/comments?post=66694"}],"version-history":[{"count":0,"href":"https:\/\/redsemlac.com\/semmexico\/wp-json\/wp\/v2\/posts\/66694\/revisions"}],"wp:featuredmedia":[{"embeddable":true,"href":"https:\/\/redsemlac.com\/semmexico\/wp-json\/wp\/v2\/media\/66695"}],"wp:attachment":[{"href":"https:\/\/redsemlac.com\/semmexico\/wp-json\/wp\/v2\/media?parent=66694"}],"wp:term":[{"taxonomy":"category","embeddable":true,"href":"https:\/\/redsemlac.com\/semmexico\/wp-json\/wp\/v2\/categories?post=66694"},{"taxonomy":"post_tag","embeddable":true,"href":"https:\/\/redsemlac.com\/semmexico\/wp-json\/wp\/v2\/tags?post=66694"}],"curies":[{"name":"wp","href":"https:\/\/api.w.org\/{rel}","templated":true}]}}