{"id":66691,"date":"2023-05-13T14:05:44","date_gmt":"2023-05-13T19:05:44","guid":{"rendered":"https:\/\/redsemlac.com\/semmexico\/?p=66691"},"modified":"2023-05-13T14:05:45","modified_gmt":"2023-05-13T19:05:45","slug":"siguen-migrantes-su-ruta-hacia-el-norte","status":"publish","type":"post","link":"https:\/\/redsemlac.com\/semmexico\/siguen-migrantes-su-ruta-hacia-el-norte\/","title":{"rendered":"Siguen migrantes su ruta hacia el norte"},"content":{"rendered":"\n<p class=\"wp-block-paragraph\">*Me voy a entregar y que sea lo que Dios quiera<\/p>\n\n\n\n<p class=\"wp-block-paragraph\">Patricia Brise\u00f1o<\/p>\n\n\n\n<p class=\"wp-block-paragraph\">SemM\u00e9xico, Oaxaca, 13 de mayo, 2023.- La estancia del Instituto Nacional de Migraci\u00f3n (INM) de San Pedro Tapanatepec, en la regi\u00f3n del Istmo de Tehuantepec, fue desocupada durante las \u00faltimas horas, por lo que la docena de migrantes de origen centroamericano y sudamericano, asegurados por los agentes, continuaron su ruta al norte del pa\u00eds.<\/p>\n\n\n\n<p class=\"wp-block-paragraph\">De igual manera las instalaciones de La Ventosa, en el municipio de Juchit\u00e1n de Zaragoza, tambi\u00e9n lucieron vac\u00edas. Ambas estancias est\u00e1n clasificadas como tipo \u201cB\u201d, que permiten la permanencia de hasta siete d\u00edas.<\/p>\n\n\n\n<p class=\"wp-block-paragraph\">Una mujer venezolana y su compa\u00f1era estuvieron entre el grupo de liberados, luego de haber sido detenidas por agentes del INM en la comunidad de \u201cLos Corazones\u201d, Tapanatepec, ubicada en los l\u00edmites entre Oaxaca y Chiapas.<\/p>\n\n\n\n<p class=\"wp-block-paragraph\">\u201cEn ese lugar nos tomaron las huellas (digitales), fotograf\u00edas y nos instalaron en una especie de celda, luego nos dieron comida, pan y agua nada m\u00e1s; en la madrugada nos liberaron a mi compa\u00f1era y a m\u00ed\u201d, coment\u00f3, mientras caminaba en medio de un calor sofocante y el ardiente asfalto del concreto de la carretera Panamericana.<\/p>\n\n\n\n<p class=\"wp-block-paragraph\">Dijo seguir\u00e1 su camino, aunque duerma en parques, jardines o la terminal de autob\u00fas.&nbsp;<\/p>\n\n\n\n<p class=\"wp-block-paragraph\">\u201cSabemos que termin\u00f3 el t\u00edtulo 42, pero con o sin aplicaci\u00f3n, yo me voy a entregar y que sea lo que Dios quiera\u201d, indic\u00f3.<\/p>\n\n\n\n<p class=\"wp-block-paragraph\">Esta semana, el INM suspendi\u00f3 temporalmente las estancias provisionales migratorias, hasta que la Comisi\u00f3n Nacional de los Derechos Humanos (CNDH) concluya la visita de supervisi\u00f3n a las 33 estancias clasificadas como tipo \u00abA\u00bb y \u00abB\u00bb, que tienen capacidad total de alojamiento para mil 306 migrantes.<\/p>\n\n\n\n<p class=\"wp-block-paragraph\">&nbsp;El instituto inform\u00f3 que existen 14 estancias provisionales tipo \u00abA\u00bb y 19 Estancias Provisionales tipo \u00abB\u00bb. Las primeras permiten una permanencia m\u00e1xima de 48 horas y las segundas de poco m\u00e1s de una semana.<\/p>\n","protected":false},"excerpt":{"rendered":"<p>La estancia del Instituto Nacional de Migraci\u00f3n (INM) de San Pedro Tapanatepec, en la regi\u00f3n del Istmo de Tehuantepec, fue desocupada durante las \u00faltimas horas, por lo que la docena de migrantes de origen centroamericano y sudamericano, asegurados por los agentes, continuaron su ruta al norte del pa\u00eds.<\/p>\n","protected":false},"author":3,"featured_media":66692,"comment_status":"open","ping_status":"open","sticky":false,"template":"","format":"standard","meta":{"_monsterinsights_skip_tracking":false,"footnotes":""},"categories":[54],"tags":[],"class_list":["post-66691","post","type-post","status-publish","format-standard","has-post-thumbnail","category-mujeres"],"_links":{"self":[{"href":"https:\/\/redsemlac.com\/semmexico\/wp-json\/wp\/v2\/posts\/66691","targetHints":{"allow":["GET"]}}],"collection":[{"href":"https:\/\/redsemlac.com\/semmexico\/wp-json\/wp\/v2\/posts"}],"about":[{"href":"https:\/\/redsemlac.com\/semmexico\/wp-json\/wp\/v2\/types\/post"}],"author":[{"embeddable":true,"href":"https:\/\/redsemlac.com\/semmexico\/wp-json\/wp\/v2\/users\/3"}],"replies":[{"embeddable":true,"href":"https:\/\/redsemlac.com\/semmexico\/wp-json\/wp\/v2\/comments?post=66691"}],"version-history":[{"count":0,"href":"https:\/\/redsemlac.com\/semmexico\/wp-json\/wp\/v2\/posts\/66691\/revisions"}],"wp:featuredmedia":[{"embeddable":true,"href":"https:\/\/redsemlac.com\/semmexico\/wp-json\/wp\/v2\/media\/66692"}],"wp:attachment":[{"href":"https:\/\/redsemlac.com\/semmexico\/wp-json\/wp\/v2\/media?parent=66691"}],"wp:term":[{"taxonomy":"category","embeddable":true,"href":"https:\/\/redsemlac.com\/semmexico\/wp-json\/wp\/v2\/categories?post=66691"},{"taxonomy":"post_tag","embeddable":true,"href":"https:\/\/redsemlac.com\/semmexico\/wp-json\/wp\/v2\/tags?post=66691"}],"curies":[{"name":"wp","href":"https:\/\/api.w.org\/{rel}","templated":true}]}}