{"id":6669,"date":"2019-01-21T03:59:19","date_gmt":"2019-01-21T03:59:19","guid":{"rendered":"https:\/\/redsemlac.com\/semmexico\/?p=6669"},"modified":"2023-07-21T14:40:55","modified_gmt":"2023-07-21T19:40:55","slug":"reconocimiento-al-trabajo-de-periodistas-de-hidalgo","status":"publish","type":"post","link":"https:\/\/redsemlac.com\/semmexico\/reconocimiento-al-trabajo-de-periodistas-de-hidalgo\/","title":{"rendered":"Reconocimiento al trabajo de periodistas de Hidalgo"},"content":{"rendered":"\n<p class=\"wp-block-paragraph\">\u2022 Informar con prudencia y cuidado.<\/p>\n\n\n\n<h5 class=\"wp-block-heading\"> \u2022 Ni hombres ni mujeres periodistas dudaron en estar en el lugar.<\/h5>\n\n\n\n<p class=\"wp-block-paragraph\"><a href=\"https:\/\/semmexico.com\/gallery-post.php?id=6885#\">LA OPINI\u00d3N<\/a><\/p>\n\n\n\n<p class=\"wp-block-paragraph\"><strong>Elvira Hern\u00e1ndez Carballido<\/strong><\/p>\n\n\n\n<p class=\"wp-block-paragraph\">SemM\u00e9xico, Pachuca, Hidalgo, 21 enero 2019.- Ante la gran tragedia que ha vivido nuestro estado debido a la explosi\u00f3n que se vivi\u00f3 en Tlalhuelipan, Hidalgo, es necesario reconocer la labor period\u00edstica que este d\u00eda fue realizada por quienes trabajan en alg\u00fan medio de comunicaci\u00f3n en nuestro territorio hidalguense.<\/p>\n\n\n\n<p class=\"wp-block-paragraph\">En efecto, ha sido este gremio quien desde los primeros segundos empez\u00f3 a informar de lo ocurrido. Se arriesgaron a estar en el lugar de los hechos, a empezar a circular los datos con suma prudencia y cuidado. Su voz quebrada por la impresi\u00f3n no dejaba de narrar lo sucedido. Al atestiguar lo ocurrido, pese a todo, tomaron aire para fotografiar las escenas que inevitablemente mostraban la magnitud de tan lamentable hecho.<\/p>\n\n\n\n<p class=\"wp-block-paragraph\">La informaci\u00f3n empez\u00f3 a correr por los grupos de WhatsApp, por las p\u00e1ginas de sus mismos medios, a trav\u00e9s de los espacios de Facebook o sus cuentas de Twitter. Fue un orgullo escuchar sus voces en los noticiarios de las empresas period\u00edsticas m\u00e1s grandes del pa\u00eds, que fueran generosos y compartieran su testimonio con otros colegas, que no dejaran de mandar informaci\u00f3n, confirmando, advirtiendo que los datos eran extra oficiales, indicando que las im\u00e1genes compartidas eran fuertes, dolorosas pero inevitables no solamente para informar sino para sensibilizar, que esto ya no vuelva a pasar, que esto le pas\u00f3 a otro ser humano cercano por geograf\u00edas o por simple mortalidad.&nbsp;<\/p>\n\n\n\n<p class=\"wp-block-paragraph\">Qu\u00e9 dif\u00edcil informar sobre un instante tan desgarrador, tan fatal, tan terrible pero ning\u00fan hombre y ninguna mujer periodista de nuestro estado dud\u00f3 en acercarse, en transmitir en vivo, en difundir la lista de personas heridas y los lugares donde se pod\u00edan encontrar, qui\u00e9nes estaban ya hospitalizados, qui\u00e9nes desgraciadamente hab\u00edan muerto.<\/p>\n\n\n\n<p class=\"wp-block-paragraph\">S\u00ed, las im\u00e1genes compartidas son muy dolorosas, sin embargo, yo puedo asegurarles que cada colega ha palpado el dolor, nadie ha querido ser protagonista, pero s\u00ed nos han permitido ser testigos desde la comodidad de nuestra casa. Quiz\u00e1 alg\u00fan medio tenga una l\u00ednea editorial sin \u00e9tica o delineada por el morbo o la falta de sensibilidad, existen, tal vez han abusado de ello en estos instantes, pero tambi\u00e9n es cierto que cada vez se forman m\u00e1s audiencias cr\u00edticas y por eso mucha gente en sus espacios virtuales ha exigido respeto al momento de informar.<\/p>\n\n\n\n<p class=\"wp-block-paragraph\">Quisiera poner los nombres de cada periodista que estuvo en el lugar de los hechos, que corri\u00f3 sin pensarlo para estar en ese sitio e informarnos, que a trav\u00e9s de sus celulares no dejaron de compartir informaci\u00f3n, pero estoy segura que cada uno y cada una nos representan en general y los m\u00e1s justo es hacer referencia al periodismo de Hidalgo, un periodismo que merece un reconocimiento por haber estado en el lugar de los hechos, por informar a tiempo, por cuidar lo m\u00e1s posible la forma de circular fotos o de narrar lo ocurrido. Les agradezco su fuerza y su valent\u00eda, bien dijo Elena Poniatowska que \u201cel periodismo es la gran emoci\u00f3n, la enorme compulsi\u00f3n al amanecer, es el juicio de los d\u00edas y ese temblor en la yema de los dedos, la noticia nos enamora y nos echamos atr\u00e1s de ella, la seguimos hasta la tumba porque nunca se deja de ser periodista\u2026\u201d<\/p>\n\n\n\n<p class=\"wp-block-paragraph\">Hoy seguimos recibiendo informaci\u00f3n de lo ocurrido, desde diferentes estilos y perspectivas, pero esas noticias que recibimos hoy la envi\u00f3 un periodista, una periodista desde el lugar de los hechos y esa osad\u00eda, ese atrevimiento, esa pasi\u00f3n, hoy cada periodista del estado de Hidalgo la demostr\u00f3 al informarnos oportunamente de una de las m\u00e1s grandes tragedias que ha vivido nuestro estado. Gracias a cada periodista hidalguense por su compromiso de informar.<\/p>\n\n\n\n<p class=\"wp-block-paragraph\">SEM\/ehc\/sj<\/p>\n","protected":false},"excerpt":{"rendered":"<p>\u2022 Informar con prudencia y cuidado. \u2022 Ni hombres ni mujeres periodistas dudaron en estar en el lugar. LA OPINI\u00d3N Elvira Hern\u00e1ndez Carballido SemM\u00e9xico, Pachuca, Hidalgo, 21 enero 2019.- Ante la gran tragedia que ha vivido nuestro estado debido a la explosi\u00f3n que se vivi\u00f3 en Tlalhuelipan, Hidalgo, es necesario reconocer la labor period\u00edstica que [&hellip;]<\/p>\n","protected":false},"author":3,"featured_media":6670,"comment_status":"open","ping_status":"open","sticky":false,"template":"","format":"standard","meta":{"_monsterinsights_skip_tracking":false,"footnotes":""},"categories":[690,82],"tags":[],"class_list":["post-6669","post","type-post","status-publish","format-standard","has-post-thumbnail","category-690","category-la-opinion"],"_links":{"self":[{"href":"https:\/\/redsemlac.com\/semmexico\/wp-json\/wp\/v2\/posts\/6669","targetHints":{"allow":["GET"]}}],"collection":[{"href":"https:\/\/redsemlac.com\/semmexico\/wp-json\/wp\/v2\/posts"}],"about":[{"href":"https:\/\/redsemlac.com\/semmexico\/wp-json\/wp\/v2\/types\/post"}],"author":[{"embeddable":true,"href":"https:\/\/redsemlac.com\/semmexico\/wp-json\/wp\/v2\/users\/3"}],"replies":[{"embeddable":true,"href":"https:\/\/redsemlac.com\/semmexico\/wp-json\/wp\/v2\/comments?post=6669"}],"version-history":[{"count":0,"href":"https:\/\/redsemlac.com\/semmexico\/wp-json\/wp\/v2\/posts\/6669\/revisions"}],"wp:featuredmedia":[{"embeddable":true,"href":"https:\/\/redsemlac.com\/semmexico\/wp-json\/wp\/v2\/media\/6670"}],"wp:attachment":[{"href":"https:\/\/redsemlac.com\/semmexico\/wp-json\/wp\/v2\/media?parent=6669"}],"wp:term":[{"taxonomy":"category","embeddable":true,"href":"https:\/\/redsemlac.com\/semmexico\/wp-json\/wp\/v2\/categories?post=6669"},{"taxonomy":"post_tag","embeddable":true,"href":"https:\/\/redsemlac.com\/semmexico\/wp-json\/wp\/v2\/tags?post=6669"}],"curies":[{"name":"wp","href":"https:\/\/api.w.org\/{rel}","templated":true}]}}