{"id":66677,"date":"2023-05-12T15:41:33","date_gmt":"2023-05-12T20:41:33","guid":{"rendered":"https:\/\/redsemlac.com\/semmexico\/?p=66677"},"modified":"2023-05-12T15:41:34","modified_gmt":"2023-05-12T20:41:34","slug":"respeto-laboral-a-las-y-los-docentes-exigen-a-la-uam-por-las-medidas-tomadas-por-el-paro-estudiantil-por-violencia-de-genero","status":"publish","type":"post","link":"https:\/\/redsemlac.com\/semmexico\/respeto-laboral-a-las-y-los-docentes-exigen-a-la-uam-por-las-medidas-tomadas-por-el-paro-estudiantil-por-violencia-de-genero\/","title":{"rendered":"Respeto laboral a las y los docentes exigen a la UAM por las medidas tomadas por el paro estudiantil por violencia de g\u00e9nero"},"content":{"rendered":"\n<ul class=\"wp-block-list\">\n<li><strong>Aprobaron reformas que violentan las condiciones laborales asociadas tanto al ingreso del personal acad\u00e9mico como su permanencia.<\/strong><\/li>\n\n\n\n<li><strong>Este viernes colectivas entregan instalaciones de las Unidades en Cuajimalpa, Xochimilco y Lerma con lo que dan por terminado el paro estudiantil.<\/strong><\/li>\n<\/ul>\n\n\n\n<p class=\"wp-block-paragraph\"><strong>Elda Montiel<\/strong><\/p>\n\n\n\n<p class=\"wp-block-paragraph\">SemM\u00e9xico, Ciudad de M\u00e9xico, 12 de mayo del 2023.- Personal acad\u00e9mico de la Universidad Aut\u00f3noma Metropolitana (UAM) denuncia, en carta p\u00fablica, el autoritarismo y discrecionalidad de las autoridades al mantener un doble discurso al reconocer el movimiento legitimo por violencia de g\u00e9nero de las colectivas feministas y por otro reiniciar las actividades acad\u00e9micas en l\u00ednea violentando el contrato colectivo de trabajo.<\/p>\n\n\n\n<p class=\"wp-block-paragraph\">Por lo que, en carta p\u00fablica le exigen al rector general, Jos\u00e9 Antonio de los Reyes Heredia, ponga al centro el modelo de universidad acr\u00edtica de la UAM y respete la bilateralidad y el Contrato Colectivo de Trabajo, as\u00ed como frene el deterioro de las condiciones de trabajo y procesos de aprendizaje afectados por la pandemia y las clases en l\u00ednea, y recupere la vida democr\u00e1tica de los \u00f3rganos colegiados.<\/p>\n\n\n\n<p class=\"wp-block-paragraph\">Precisan que la actual crisis de violencia institucional y en contra de las mujeres en la Universidad es responsabilidad de los \u00f3rganos unipersonales y colegiados que, por su ineficiencia, arbitrariedad y autoritarismo han generado problemas que hoy son incapaces de solucionar.<\/p>\n\n\n\n<p class=\"wp-block-paragraph\">Se refieren que el movimiento estudiantil que ha mantenido por m\u00e1s de dos meses en paro a la Universidad se deton\u00f3 al no ver sanciones a estudiante por violaci\u00f3n a otra alumna a pesar de haberlo denunciado a las autoridades universitarias en la Unidad Cuajimalpa.<\/p>\n\n\n\n<p class=\"wp-block-paragraph\">Las y los maestros se\u00f1alan que las decisiones precarizan el trabajo acad\u00e9mico y afectan gravemente la calidad de la docencia, la investigaci\u00f3n y la difusi\u00f3n de la cultura. Esto se refleja en los bajos salarios y la excesiva carga docente de los acad\u00e9micos temporales, parte sustantiva de la impartici\u00f3n de la docencia en la UAM.<\/p>\n\n\n\n<p class=\"wp-block-paragraph\">Acusan que el Colegio Acad\u00e9mico se ha convertido en un espacio de validaci\u00f3n acr\u00edtica de las decisiones universitarias, ya que a pesar de la oposici\u00f3n de las estudiantes en paro y personal acad\u00e9mico y administrativo recalendarizaron de forma unilateral las actividades del trimestre interrumpido, y la impusieron con el objetivo de romper la protesta, lo que afecta la calidad educativa y las condiciones de trabajo al interior de la Universidad.<\/p>\n\n\n\n<p class=\"wp-block-paragraph\">Con ese pretexto adem\u00e1s aprobaron reformas que violentan las condiciones laborales asociadas tanto al ingreso del personal acad\u00e9mico como su permanencia.<\/p>\n\n\n\n<p class=\"wp-block-paragraph\">Manifiestan que es inadmisible que las autoridades universitarias intenten utilizar a las y los profesores como instrumentos de opresi\u00f3n para que a trav\u00e9s de las clases en l\u00ednea obligar al levantamiento del paro. Adem\u00e1s que con la imposici\u00f3n de las clases en l\u00ednea de viola el art\u00edculo 38 del Reglamento de Estudios Superiores, ya que solos se autoriza en caso de fuerza mayor, y la situaci\u00f3n actual de la Universidad no lo ameritaba. Adem\u00e1s de que en todo momento la comunidad estudiantil se ha manifestado en contra de las clases en l\u00ednea.<\/p>\n\n\n\n<p class=\"wp-block-paragraph\">Esto es muestra clara que la gesti\u00f3n de las autoridades al frente de la UAM se caracteriza por la discrecionalidad, arbitrariedad y el autoritarismo en sus decisiones, lo que provoca una fractura interna con la confrontaci\u00f3n.<\/p>\n\n\n\n<p class=\"wp-block-paragraph\">Por otra parte, este viernes colectivas entregan instalaciones de las Unidades en Cuajimalpa, Xochimilco y Lerma con lo que dan por terminado el paro estudiantil, sin embargo contin\u00faan las mesas de di\u00e1logo en la UAM Iztapalapa.<\/p>\n\n\n\n<p class=\"wp-block-paragraph\">Esta semana se iniciaron actividades acad\u00e9micas en l\u00ednea bajo protesta del alumnado que puso como condici\u00f3n no hacer evaluaciones, no dejar tareas ni&nbsp; pasar lista. Que fuera considerado como una semana de reflexi\u00f3n y an\u00e1lisis.<\/p>\n\n\n\n<p class=\"wp-block-paragraph\">SEM\/MG<\/p>\n","protected":false},"excerpt":{"rendered":"<p>Aprobaron reformas que violentan las condiciones laborales asociadas tanto al ingreso del personal acad\u00e9mico como su permanencia.<\/p>\n","protected":false},"author":3,"featured_media":66678,"comment_status":"open","ping_status":"open","sticky":false,"template":"","format":"standard","meta":{"_monsterinsights_skip_tracking":false,"footnotes":""},"categories":[51],"tags":[],"class_list":["post-66677","post","type-post","status-publish","format-standard","has-post-thumbnail","category-ejecutivo"],"_links":{"self":[{"href":"https:\/\/redsemlac.com\/semmexico\/wp-json\/wp\/v2\/posts\/66677","targetHints":{"allow":["GET"]}}],"collection":[{"href":"https:\/\/redsemlac.com\/semmexico\/wp-json\/wp\/v2\/posts"}],"about":[{"href":"https:\/\/redsemlac.com\/semmexico\/wp-json\/wp\/v2\/types\/post"}],"author":[{"embeddable":true,"href":"https:\/\/redsemlac.com\/semmexico\/wp-json\/wp\/v2\/users\/3"}],"replies":[{"embeddable":true,"href":"https:\/\/redsemlac.com\/semmexico\/wp-json\/wp\/v2\/comments?post=66677"}],"version-history":[{"count":0,"href":"https:\/\/redsemlac.com\/semmexico\/wp-json\/wp\/v2\/posts\/66677\/revisions"}],"wp:featuredmedia":[{"embeddable":true,"href":"https:\/\/redsemlac.com\/semmexico\/wp-json\/wp\/v2\/media\/66678"}],"wp:attachment":[{"href":"https:\/\/redsemlac.com\/semmexico\/wp-json\/wp\/v2\/media?parent=66677"}],"wp:term":[{"taxonomy":"category","embeddable":true,"href":"https:\/\/redsemlac.com\/semmexico\/wp-json\/wp\/v2\/categories?post=66677"},{"taxonomy":"post_tag","embeddable":true,"href":"https:\/\/redsemlac.com\/semmexico\/wp-json\/wp\/v2\/tags?post=66677"}],"curies":[{"name":"wp","href":"https:\/\/api.w.org\/{rel}","templated":true}]}}