{"id":66400,"date":"2023-05-07T14:15:02","date_gmt":"2023-05-07T19:15:02","guid":{"rendered":"https:\/\/redsemlac.com\/semmexico\/?p=66400"},"modified":"2023-05-07T14:17:55","modified_gmt":"2023-05-07T19:17:55","slug":"una-mujer-comprometida-con-la-democracia-generica","status":"publish","type":"post","link":"https:\/\/redsemlac.com\/semmexico\/una-mujer-comprometida-con-la-democracia-generica\/","title":{"rendered":"Una mujer comprometida con la democracia gen\u00e9rica"},"content":{"rendered":"\n<p class=\"wp-block-paragraph\">Rita Bell cuenta c\u00f3mo lleg\u00f3 al INE<\/p>\n\n\n\n<p class=\"wp-block-paragraph\">SemM\u00e9xico, Ciudad de M\u00e9xico, 7 de mayo, 2023.- La Consejera Rita Bell L\u00f3pez, coment\u00f3 que es oaxaque\u00f1a, licenciada en Derecho y estuvo en el Instituto de las Mujeres en su estado, lo que fue la ventana que le hizo conocer el tema electoral y por eso concurs\u00f3 para una consejer\u00eda en el \u00f3rgano electoral nacional.&nbsp;<\/p>\n\n\n\n<p class=\"wp-block-paragraph\">Destac\u00f3 que su trabajo no ha sido estar detr\u00e1s de un escritorio, sino que ha visitado comunidades para impulsar la representaci\u00f3n pol\u00edtica de las mujeres, as\u00ed como de los pueblos ind\u00edgenas para acercar la democracia a toda la ciudadan\u00eda.&nbsp;Tambi\u00e9n celebr\u00f3 que al frente de la autoridad electoral est\u00e9 una mujer y agreg\u00f3 que est\u00e1 llegando al Consejo General en un momento muy distinto, con una gran posibilidad de cambios y justicia para las mujeres, pues estos lugares eran exclusivos para los hombres.<\/p>\n\n\n\n<figure class=\"wp-block-embed is-type-video is-provider-youtube wp-block-embed-youtube wp-embed-aspect-4-3 wp-has-aspect-ratio\"><div class=\"wp-block-embed__wrapper\">\n<div class=\"youtube-embed\" data-video_id=\"mH2mezbjt_E\"><iframe loading=\"lazy\" title=\"Llego al Consejo General en un momento con gran posibilidad de cambios y justicia para las mujeres\" width=\"696\" height=\"522\" src=\"https:\/\/www.youtube.com\/embed\/mH2mezbjt_E?start=1&#038;feature=oembed\" frameborder=\"0\" allow=\"accelerometer; autoplay; clipboard-write; encrypted-media; gyroscope; picture-in-picture; web-share\" referrerpolicy=\"strict-origin-when-cross-origin\" allowfullscreen><\/iframe><\/div>\n<\/div><\/figure>\n","protected":false},"excerpt":{"rendered":"<p>La Consejera Rita Bell L\u00f3pez, coment\u00f3 que es oaxaque\u00f1a, licenciada en Derecho y estuvo en el Instituto de las Mujeres en su estado, lo que fue la ventana que le hizo conocer el tema electoral y por eso concurs\u00f3 para una consejer\u00eda en el \u00f3rgano electoral nacional.\u00a0<\/p>\n","protected":false},"author":3,"featured_media":66401,"comment_status":"open","ping_status":"open","sticky":false,"template":"","format":"standard","meta":{"_monsterinsights_skip_tracking":false,"footnotes":""},"categories":[54],"tags":[],"class_list":["post-66400","post","type-post","status-publish","format-standard","has-post-thumbnail","category-mujeres"],"_links":{"self":[{"href":"https:\/\/redsemlac.com\/semmexico\/wp-json\/wp\/v2\/posts\/66400","targetHints":{"allow":["GET"]}}],"collection":[{"href":"https:\/\/redsemlac.com\/semmexico\/wp-json\/wp\/v2\/posts"}],"about":[{"href":"https:\/\/redsemlac.com\/semmexico\/wp-json\/wp\/v2\/types\/post"}],"author":[{"embeddable":true,"href":"https:\/\/redsemlac.com\/semmexico\/wp-json\/wp\/v2\/users\/3"}],"replies":[{"embeddable":true,"href":"https:\/\/redsemlac.com\/semmexico\/wp-json\/wp\/v2\/comments?post=66400"}],"version-history":[{"count":0,"href":"https:\/\/redsemlac.com\/semmexico\/wp-json\/wp\/v2\/posts\/66400\/revisions"}],"wp:featuredmedia":[{"embeddable":true,"href":"https:\/\/redsemlac.com\/semmexico\/wp-json\/wp\/v2\/media\/66401"}],"wp:attachment":[{"href":"https:\/\/redsemlac.com\/semmexico\/wp-json\/wp\/v2\/media?parent=66400"}],"wp:term":[{"taxonomy":"category","embeddable":true,"href":"https:\/\/redsemlac.com\/semmexico\/wp-json\/wp\/v2\/categories?post=66400"},{"taxonomy":"post_tag","embeddable":true,"href":"https:\/\/redsemlac.com\/semmexico\/wp-json\/wp\/v2\/tags?post=66400"}],"curies":[{"name":"wp","href":"https:\/\/api.w.org\/{rel}","templated":true}]}}