{"id":66385,"date":"2023-05-06T12:48:04","date_gmt":"2023-05-06T17:48:04","guid":{"rendered":"https:\/\/redsemlac.com\/semmexico\/?p=66385"},"modified":"2023-05-06T12:48:05","modified_gmt":"2023-05-06T17:48:05","slug":"discriminacion-racial-bajo-la-lupa","status":"publish","type":"post","link":"https:\/\/redsemlac.com\/semmexico\/discriminacion-racial-bajo-la-lupa\/","title":{"rendered":"Discriminaci\u00f3n racial bajo la lupa"},"content":{"rendered":"\n<p class=\"wp-block-paragraph\">Dixie Edith<\/p>\n\n\n\n<p class=\"wp-block-paragraph\">SemM\u00e9xico\/SemCuba, La Habana, 6 de mayo, 2023.- En Cuba, las brechas en el acceso al empleo, los ingresos, las condiciones de vida, salud y bienestar, entre otras, son m\u00e1s evidentes en la poblaci\u00f3n negra y mulata, se\u00f1al\u00f3 Geidys Fundora Nevot, profesora de la Facultad Latinoamericana de Ciencias Sociales (Flacso), durante la Escuela Itinerante: Voces afrofeministas, realizada del 15 al 20 de abril en La Habana.<\/p>\n\n\n\n<p class=\"wp-block-paragraph\">La poblaci\u00f3n negra y mulata constituye alrededor del 35 por ciento de los habitantes del pa\u00eds, seg\u00fan el \u00faltimo Censo Nacional de Poblaci\u00f3n y Vivienda de 2012, uno de los pocos levantamientos estad\u00edsticos oficiales que brinda informaci\u00f3n por color de la piel.<\/p>\n\n\n\n<p class=\"wp-block-paragraph\">Seg\u00fan Fundora Nevot, existe en el pa\u00eds vulnerabilidad social expresada en un \u00ablimitado aprovechamiento de la estructura de oportunidades existente\u00bb; pero tambi\u00e9n pueden observarse desigualdades m\u00faltiples a partir del&nbsp;entrelazamiento del color de la piel con otros atributos como el g\u00e9nero y el territorio.<\/p>\n\n\n\n<p class=\"wp-block-paragraph\">La especialista de Flacso fue una de las docentes de la iniciativa de capacitaci\u00f3n que sesion\u00f3 en modalidad presencial y virtual, desde el Ministerio de Cultura, en la capital cubana.<\/p>\n\n\n\n<p class=\"wp-block-paragraph\">Falta de integraci\u00f3n entre las acciones contra la discriminaci\u00f3n racial que se implementan en Cuba y la urgencia de educar a toda la poblaci\u00f3n en una conciencia antirracista real estuvieron entre los se\u00f1alamientos m\u00e1s repetidos por una treintena de asistentes de todas las regiones del pa\u00eds.<\/p>\n\n\n\n<figure class=\"wp-block-image size-large\"><a href=\"https:\/\/redsemlac.com\/semmexico\/wp-content\/uploads\/2023\/05\/bajo-la-lupa-02.jpg\"><img decoding=\"async\" src=\"https:\/\/redsemlac.com\/semmexico\/wp-content\/uploads\/2023\/05\/bajo-la-lupa-02-1024x716.jpg\" alt=\"\" class=\"wp-image-66388\"\/><\/a><\/figure>\n\n\n\n<p class=\"wp-block-paragraph\"><a href=\"http:\/\/www.redsemlac-cuba.net\/wp-content\/uploads\/2023\/04\/5.jpg\"><\/a><\/p>\n\n\n\n<p class=\"has-small-font-size wp-block-paragraph\">Durante los debates, se identificaron como \u201cpuntos ciegos\u201d del Programa Nacional contra el Racismo y la Discriminaci\u00f3n Racial la necesidad de un diagn\u00f3stico m\u00e1s ajustado a la realidad, su articulaci\u00f3n en los territorios y las comunidades y el tr\u00e1nsito de las declaraciones pol\u00edticas a las pr\u00e1cticas concretas. Foto: SEMlac Cuba<\/p>\n\n\n\n<p class=\"wp-block-paragraph\">Coordinado por la soci\u00f3loga Rosa Campoalegre Septien, investigadora del Centro de Investigaciones Psicol\u00f3gicas y Sociol\u00f3gicas (CIPS) e integrante de la C\u00e1tedra Mandela y de la Red Internacional de Voces Afrofeministas (Rivas), la iniciativa se propuso ahondar en la lucha contra el racismo, su significaci\u00f3n, los enfoques para abordarla y los desaf\u00edos pendientes.<\/p>\n\n\n\n<p class=\"wp-block-paragraph\">En las sesiones de trabajo se analiz\u00f3 tambi\u00e9n el&nbsp;Programa Nacional contra el Racismo y la Discriminaci\u00f3n Racial, aprobado por el Consejo de Ministros, el 20 de noviembre de 2019 y ejecutado por una comisi\u00f3n que encabeza el Presidente de la Rep\u00fablica Miguel D\u00edaz-Canel Berm\u00fadez.<\/p>\n\n\n\n<p class=\"wp-block-paragraph\">Concebido \u00abpara combatir y eliminar definitivamente manifestaciones de racismo, prejuicios raciales y discriminaci\u00f3n racial que subsisten en Cuba\u00bb, el Programa brinda especial atenci\u00f3n a los factores hist\u00f3ricos, econ\u00f3micos, est\u00e9ticos, pol\u00edticos, sociales, psicol\u00f3gicos y culturales que propician la presencia en la sociedad cubana actual de pr\u00e1cticas de discriminaci\u00f3n racial.<\/p>\n\n\n\n<figure class=\"wp-block-image size-large\"><a href=\"https:\/\/redsemlac.com\/semmexico\/wp-content\/uploads\/2023\/05\/bajo-la-lupa-03.jpg\"><img decoding=\"async\" src=\"https:\/\/redsemlac.com\/semmexico\/wp-content\/uploads\/2023\/05\/bajo-la-lupa-03-1024x631.jpg\" alt=\"\" class=\"wp-image-66389\"\/><\/a><\/figure>\n\n\n\n<p class=\"has-small-font-size wp-block-paragraph\"><a href=\"http:\/\/www.redsemlac-cuba.net\/wp-content\/uploads\/2023\/04\/Foto-2-2.jpg\"><\/a>Con sede en el Ministerio de Cultura, en La Habana, el curso de posgrado funcion\u00f3 en modalidad h\u00edbrida presencial y virtual; cont\u00f3 con asistentes de diversas regiones del pa\u00eds. Foto: SEMlac Cuba<\/p>\n\n\n\n<p class=\"wp-block-paragraph\">Tambi\u00e9n busca identificar fortalezas y oportunidades para la definitiva eliminaci\u00f3n de esta forma de discriminaci\u00f3n.<\/p>\n\n\n\n<p class=\"wp-block-paragraph\">Participantes en el curso reconocieron que la aprobaci\u00f3n de esta plataforma signific\u00f3 un cambio en la forma tradicional de abordar, desde las pol\u00edticas p\u00fablicas, la problem\u00e1tica de la equidad racial en Cuba.<\/p>\n\n\n\n<p class=\"wp-block-paragraph\">El Programa Nacional contra el Racismo y la Discriminaci\u00f3n Racial \u00abconstituye un referente para el tratamiento del tema en la actualidad\u00bb, opin\u00f3 Libia Janei Thaureaux Vives, de la Universidad de Oriente en Santiago de Cuba, a unos 765 kil\u00f3metros de La Habana.<\/p>\n\n\n\n<p class=\"wp-block-paragraph\">Cada persona, \u00abdesde su radio de acci\u00f3n inmediato, ya sea el \u00e1mbito familiar, comunitario, social o eclesial, puede enfrentar todo tipo de violencia y de conductas discriminatorias, de modo que debemos enarbolar acciones desde lo m\u00e1s sencillo, hasta lo m\u00e1s complejo. Eso ser\u00eda un paso de avance\u00bb, agreg\u00f3.<\/p>\n\n\n\n<figure class=\"wp-block-image size-full\"><a href=\"https:\/\/redsemlac.com\/semmexico\/wp-content\/uploads\/2023\/05\/bajo-la-lupa-04.jpg\"><img loading=\"lazy\" decoding=\"async\" width=\"547\" height=\"567\" src=\"https:\/\/redsemlac.com\/semmexico\/wp-content\/uploads\/2023\/05\/bajo-la-lupa-04.jpg\" alt=\"\" class=\"wp-image-66390\"\/><\/a><\/figure>\n\n\n\n<p class=\"has-small-font-size wp-block-paragraph\"><a href=\"http:\/\/www.redsemlac-cuba.net\/wp-content\/uploads\/2023\/04\/Foto-3-3.jpg\"><\/a>\u201cEl curso toma de referencia la metodolog\u00eda de la Educaci\u00f3n Popular y marcos de acci\u00f3n desarrollados por especialistas de<br>diferentes regiones del mundo, para construir una cultura antirracista en la sociedad\u201d, explic\u00f3 Campoalegre Septien a SEMlac. Foto: SEMlac Cuba<\/p>\n\n\n\n<p class=\"wp-block-paragraph\">Sin embargo, durante los debates se identificaron como \u00abpuntos ciegos\u00bb la necesidad de un diagn\u00f3stico m\u00e1s ajustado a la realidad de la problem\u00e1tica en el pa\u00eds, su articulaci\u00f3n en los territorios y las comunidades y el tr\u00e1nsito de las declaraciones pol\u00edticas a las pr\u00e1cticas concretas.<\/p>\n\n\n\n<p class=\"wp-block-paragraph\">Otra debilidad se\u00f1alada fue la falta de integraci\u00f3n con el Programa para el Adelanto de las Mujeres o la Pol\u00edtica de Atenci\u00f3n a la Din\u00e1mica Demogr\u00e1fica.<\/p>\n\n\n\n<p class=\"wp-block-paragraph\">\u00abNo hemos logrado construir una plataforma com\u00fan; ah\u00ed est\u00e1 la huella colonial, los imaginarios sociales sobre el tema, la persistencia del racismo y la complejidad del contexto cubano\u00bb, valor\u00f3 Campoalegre Septien.<\/p>\n\n\n\n<p class=\"wp-block-paragraph\">Otra preocupaci\u00f3n compartida apunta a que muchas personas desconocen el Programa y el trabajo de las comisiones creadas para implementarlo puede \u00abquedar en las oficinas\u00bb.<\/p>\n\n\n\n<p class=\"wp-block-paragraph\">\u00abPara dar pasos positivos, se necesita la gesti\u00f3n del conocimiento, influir en la formaci\u00f3n y sacudir lo que muchos hab\u00edan escrito y aportado; cosas a las que en alg\u00fan momento no se les dio la mirada adecuada porque&nbsp;exist\u00eda el miedo al reconocimiento de que en Cuaba exist\u00eda el racismo, valoro Ketia Serrano Nu\u00f1ez, profesora de la Universidad de Guant\u00e1namo, a m\u00e1s de 830 kil\u00f3metros de la capital cubana.<\/p>\n\n\n\n<p class=\"wp-block-paragraph\">Por su parte, Sucel Abad Fis, profesora de la Universidad de Holgu\u00edn, a unos 685 kil\u00f3metros de La Habana, llam\u00f3 la atenci\u00f3n sobre la necesidad de articular todos los aportes..<\/p>\n\n\n\n<p class=\"wp-block-paragraph\">\u00abPara m\u00ed el Programa es una l\u00ednea, pero para su implementaci\u00f3n adecuada y ajustada a las caracter\u00edsticas de cada territorio tiene que nutrirse de todas las contribuciones que aparezcan en este camino de construcci\u00f3n de una sociedad justa y equitativa\u00bb, valor\u00f3.<\/p>\n","protected":false},"excerpt":{"rendered":"<p>En Cuba, las brechas en el acceso al empleo, los ingresos, las condiciones de vida, salud y bienestar, entre otras, son m\u00e1s evidentes en la poblaci\u00f3n negra y mulata, se\u00f1al\u00f3 Geidys Fundora Nevot<\/p>\n","protected":false},"author":3,"featured_media":66387,"comment_status":"open","ping_status":"open","sticky":false,"template":"","format":"standard","meta":{"_monsterinsights_skip_tracking":false,"footnotes":""},"categories":[53],"tags":[],"class_list":["post-66385","post","type-post","status-publish","format-standard","has-post-thumbnail","category-internacional"],"_links":{"self":[{"href":"https:\/\/redsemlac.com\/semmexico\/wp-json\/wp\/v2\/posts\/66385","targetHints":{"allow":["GET"]}}],"collection":[{"href":"https:\/\/redsemlac.com\/semmexico\/wp-json\/wp\/v2\/posts"}],"about":[{"href":"https:\/\/redsemlac.com\/semmexico\/wp-json\/wp\/v2\/types\/post"}],"author":[{"embeddable":true,"href":"https:\/\/redsemlac.com\/semmexico\/wp-json\/wp\/v2\/users\/3"}],"replies":[{"embeddable":true,"href":"https:\/\/redsemlac.com\/semmexico\/wp-json\/wp\/v2\/comments?post=66385"}],"version-history":[{"count":0,"href":"https:\/\/redsemlac.com\/semmexico\/wp-json\/wp\/v2\/posts\/66385\/revisions"}],"wp:featuredmedia":[{"embeddable":true,"href":"https:\/\/redsemlac.com\/semmexico\/wp-json\/wp\/v2\/media\/66387"}],"wp:attachment":[{"href":"https:\/\/redsemlac.com\/semmexico\/wp-json\/wp\/v2\/media?parent=66385"}],"wp:term":[{"taxonomy":"category","embeddable":true,"href":"https:\/\/redsemlac.com\/semmexico\/wp-json\/wp\/v2\/categories?post=66385"},{"taxonomy":"post_tag","embeddable":true,"href":"https:\/\/redsemlac.com\/semmexico\/wp-json\/wp\/v2\/tags?post=66385"}],"curies":[{"name":"wp","href":"https:\/\/api.w.org\/{rel}","templated":true}]}}