{"id":66314,"date":"2023-05-04T15:41:19","date_gmt":"2023-05-04T20:41:19","guid":{"rendered":"https:\/\/redsemlac.com\/semmexico\/?p=66314"},"modified":"2023-05-04T15:41:19","modified_gmt":"2023-05-04T20:41:19","slug":"comprometerse-a-erradicar-el-feminicidio-pide-amnistia-internacional-a-candidatas-a-gobernar-estado-de-mexico","status":"publish","type":"post","link":"https:\/\/redsemlac.com\/semmexico\/comprometerse-a-erradicar-el-feminicidio-pide-amnistia-internacional-a-candidatas-a-gobernar-estado-de-mexico\/","title":{"rendered":"Comprometerse a erradicar el feminicidio pide Amnist\u00eda Internacional a candidatas a gobernar Estado de M\u00e9xico"},"content":{"rendered":"\n<ul class=\"wp-block-list\">\n<li><strong>\u00a1Hasta ser escuchadas! cuatro madres de v\u00edctimas de feminicidio.<\/strong><\/li>\n<\/ul>\n\n\n\n<p class=\"wp-block-paragraph\"><strong>Elda Montiel<\/strong><\/p>\n\n\n\n<p class=\"wp-block-paragraph\">SemM\u00e9xico, Ciudad de M\u00e9xico, 4 de mayo del 2023.- Amnist\u00eda Internacional pide firmas para que &nbsp;&nbsp;sean escuchadas las madres e hijas de v\u00edctimas de feminicidio en el Estado de M\u00e9xico por las candidatas a gobernar EdoMx, actualmente en campa\u00f1a. Pide que se comprometan a trabajar para erradicar el feminicidio y otras formas de violencia contra las mujeres.<\/p>\n\n\n\n<p class=\"wp-block-paragraph\">En un estado que ocupa el cuarto lugar a nivel nacional en violencia contra las mas de 8 millones de mujeres mexiquenses, de las cuales 22 de cada 100 han experimentado un episodio de violencia. El feminicidio pas\u00f3 de 60 cr\u00edmenes a 147 entre 2015 y 2021, y en los a\u00f1os 2020 y 2021 los asesinatos de mujeres y ni\u00f1as fueron 152 y 157, en un contexto de crisis por la pandemia del Covid 19.<\/p>\n\n\n\n<p class=\"wp-block-paragraph\">En las demandas de justicia por los feminicidios de Diana Vel\u00e1zquez en 2017, Julia Sosa Conde en 2018, Daniela Mabel S\u00e1nchez en 2015 y Nadia Muci\u00f1o M\u00e1rquez en 2004, todas en municipios mexiquenses, las madres y la hija evidenciaron poco inter\u00e9s de las autoridades del Ministerio P\u00fablico, revictimizaci\u00f3n, nulo profesionalismo en los peritos al grado de se\u00f1alar un cuerpo de mujer como uno de hombre e irregularidades para dejar en libertad a los presuntos responsables.<\/p>\n\n\n\n<p class=\"wp-block-paragraph\">Las madres tuvieron que aprender como integrar una carpeta de investigaci\u00f3n, ellas son las que realizan las investigaciones y presionan a las autoridades, se tienen que ocultar ante amenazas para continuar en su b\u00fasqueda de justicia y verdad, la situaci\u00f3n&nbsp; -relatan- es la misma, antes o despu\u00e9s de la declaratoria de Alerta de G\u00e9nero.<\/p>\n\n\n\n<p class=\"wp-block-paragraph\"><strong>\u00a1Hasta ser escuchadas!<\/strong><strong><\/strong><\/p>\n\n\n\n<p class=\"wp-block-paragraph\">\u00a1Hasta ser escuchadas! el t\u00edtulo de la campa\u00f1a de Amnist\u00eda Internacional en el que Lidia Florencia Guerrero demanda justicia para el feminicidio de su hija Diana Vel\u00e1zquez Florencio, de 24 a\u00f1os de edad, ocurrido el 2 de julio del 2017 en Chimalhuac\u00e1n. El cad\u00e1ver lo ten\u00eda el SEMEFO desde el mismo d\u00eda de la denuncia pero identificado como cuerpo de un hombre por la denuncia de un vecino que report\u00f3 un cuerpo abandonado, tres horas despu\u00e9s de la desaparici\u00f3n de Diana. &nbsp;<\/p>\n\n\n\n<p class=\"wp-block-paragraph\">Un familiar encontr\u00f3 el cuerpo en el SEMEFO el 6 de julio y confirm\u00f3 que \u00e9ste fue hallado el mismo d\u00eda que desapareci\u00f3, ella sali\u00f3 a las 2 de la madrugada y el cuerpo se localiz\u00f3 a las 5:30 horas.<\/p>\n\n\n\n<p class=\"wp-block-paragraph\">Florencia al igual que las otras madres vieron que las autoridades no hacen nada ante la denuncia, los peritos expertos no se dan cuenta que era un cuerpo de mujer, \u201cnos dimos cuenta de la incapacidad de las autoridades en el levantamiento del cuerpo, aunque son peritos expertos. Queremos castigo para quienes abusaron de ella, la asesinaron\u201d.<\/p>\n\n\n\n<p class=\"wp-block-paragraph\"><strong>Julia Sosa Conde<\/strong><\/p>\n\n\n\n<p class=\"wp-block-paragraph\">A Julia Sosa Conde de 43 a\u00f1os su hija mayor Ana Sosa Conde busca justicia, refiere que en la primera semana de la desaparici\u00f3n de su mam\u00e1 el 16 de octubre del 2018 recib\u00edan mensajes de ella en el celular que dec\u00eda que estaba bien, pero ped\u00edan el nip de sus tarjetas bancarias. Lo cual se les notific\u00f3 a las autoridades, las cuales no hicieron nada. Tambi\u00e9n mataron a la expareja de su mam\u00e1, despu\u00e9s, y quer\u00edan hacer aparecer que \u00e9l hab\u00eda sido el agresor para cerrar la carpeta de investigaci\u00f3n.<\/p>\n\n\n\n<p class=\"wp-block-paragraph\">Como las autoridades no mostraron inter\u00e9s fue la propia familia quien realiza la b\u00fasqueda en un rancho en Nepantla donde habitaba y en una bodeguita hab\u00edan sepultado a su mam\u00e1.<\/p>\n\n\n\n<p class=\"wp-block-paragraph\"><strong>Daniela Mabel S\u00e1nchez<\/strong><\/p>\n\n\n\n<p class=\"wp-block-paragraph\">Laura Curiel madre de Daniela Mabel S\u00e1nchez Curiel report\u00f3 la desaparici\u00f3n de su hija en el 2015 en Tlalnepantla, despu\u00e9s de tener una discusi\u00f3n con el pap\u00e1 de su hijo al que le dijo que ya se iban a separar. La madre refiere que al d\u00eda siguiente se quiere comunicar con su hija y al no lograrlo fueron al Ministerio Publico. El funcionario le dijo que no se preocupara que le diera tiempo a su hija que iba a regresar, que de seguro se hab\u00eda ido con alguien. &nbsp;<\/p>\n\n\n\n<p class=\"wp-block-paragraph\">\u201cYo le dije no, a mi hija le paso algo, fuimos a pegar volantes a preguntar si la hab\u00edan visto, en su trabajo, lo que ten\u00edan que haber hecho las autoridades. Me paraba a las 4 de la ma\u00f1ana para llegar al MP de Barrientos, hacia como cuatro horas porque era muy lejos, de ah\u00ed me iba m\u00e1s lejos por el Ajusco para ser la primera persona en ser atendida. Siempre vi irregularidades, omisiones, me encontr\u00e9 con tres ministerios p\u00fablicos que no hac\u00edan nada. He pasado tres fiscales empec\u00e9 a aprender c\u00f3mo se integra la carpeta, aprend\u00ed que era un protocolo. Desde el inicio no la buscaron. Nos tuvimos que esconder, escapar para que nadie nos amenace y nos dejen buscar. Queremos resultados, queremos respuestas\u201d.<\/p>\n\n\n\n<p class=\"wp-block-paragraph\"><strong>Nadia Muci\u00f1o M\u00e1rquez<\/strong><\/p>\n\n\n\n<p class=\"wp-block-paragraph\">Mar\u00eda Antonia M\u00e1rquez Hern\u00e1ndez es la mam\u00e1 de Nadia Muci\u00f1o M\u00e1rquez v\u00edctima de feminicidio en el 2004 en Cuautitl\u00e1n Izcalli donde viv\u00eda violencia familiar desde el inicio de su concubinato. Ella llama a su mam\u00e1 avisa que ven\u00eda para la casa y no llego.<\/p>\n\n\n\n<p class=\"wp-block-paragraph\">Cuenta que estuvo desaparecida dos semanas, cuando viv\u00eda con su agresor, la reten\u00eda su pareja Bernardo porque estaba teniendo relaciones sexuales con una sobrina de \u00e9l, ese fue el motivo porque el la volvi\u00f3 a golpear. \u201cInterponemos la denuncia en Nicol\u00e1s Romero y luego ella regresa a la casa. En septiembre va por ella y en febrero la mata, trataron de simular un suicidio, no hubo una investigaci\u00f3n ella tenia golpes. Mis nietos declararon a su padre y a su t\u00edo ser responsables de la muerte de su madre\u201d.<\/p>\n\n\n\n<p class=\"wp-block-paragraph\">En el 2007 es detenido el cu\u00f1ado conocido como \u201cEl Matute\u201d Isidro L\u00f3pez Guti\u00e9rrez, lo sentencian a 42 a\u00f1os con 6 meses, apela la sentencia y recay\u00f3 con los mismos magistrados y en la misma sala colegiada. No sabemos qu\u00e9 pas\u00f3, argumentan que no encuentran el cuerpo del delito. El perito dictamin\u00f3 que ella se suicid\u00f3 y desestiman el testimonio de los hijos porque argumentan que son incapaces de distinguir entre una fantas\u00eda y la realidad. Sale libre.<\/p>\n\n\n\n<p class=\"wp-block-paragraph\">El 14 de junio del 2012 es detenido la pareja sentimental, Bernardo, &nbsp;porque tenia secuestrada a una menor de 13 a\u00f1os del Estado de Hidalgo. No hab\u00eda comisi\u00f3n ejecutiva, Alerta de g\u00e9nero, se cometieron errores garrafales se siguen cometiendo los mismos errores a pesar de la Alerta de Violencia de G\u00e9nero contra las Mujeres.<\/p>\n\n\n\n<p class=\"wp-block-paragraph\">Concluyen las madres e hija, que es obligaci\u00f3n del Estado proporcionar justicia y verdad, pronta y expedita, y no es as\u00ed. Todas las diligencias son por las y los familiares. \u201cSolo cuando hacemos presi\u00f3n hay avances\u201d. Se necesita de un personal capaz y sensible que se ponga en los zapatos de las y los familiares de las v\u00edctimas. Se tiene que tomar conciencia que es un pa\u00eds feminicida. Un sue\u00f1o es subsanar el camino para las que vienen atr\u00e1s.<\/p>\n\n\n\n<p class=\"wp-block-paragraph\">Cabe destacar que el Estado de M\u00e9xico se prepara para cambio de gobierno, dos mujeres son las candidatas, lo que se va definir el pr\u00f3ximo 4 de junio. Una de ellas podr\u00eda convertirse en la gobernadora n\u00famero 16, luego de 69 a\u00f1os desde que las mexicanas consiguieron votar y ser votadas en toda la Rep\u00fablica.<\/p>\n\n\n\n<p class=\"wp-block-paragraph\">Por la coalici\u00f3n&nbsp;Va por M\u00e9xico -conformada por el PRI, PAN, PRD y Nueva Alianza- va Alejandra del Moral, el pasado 16 de abril present\u00f3 la agenda violeta en la que se comprometi\u00f3 a \u201cno voltear la cara para otro lado, cuando de lo que se trata es de erradicar el feminicidio, que en el Estado de M\u00e9xico es un dato permanente desde hace m\u00e1s de 30 a\u00f1os; donde ha crecido la trata de mujeres y ni\u00f1as y que fue el primero, con la legislaci\u00f3n de violencia de 2007, al que se le declar\u00f3 la Alerta de Violencia de G\u00e9nero contra las Mujeres AVGM\u201d.<\/p>\n\n\n\n<p class=\"wp-block-paragraph\">Mientras que Delfina G\u00f3mez \u00c1lvarez candidata por la coalici\u00f3n Juntos Haremos Historia, conformada por PT y PVEM afirm\u00f3 que se formara un ejercito de madres buscadoras en la entidad y una polic\u00eda de g\u00e9nero, el pasado 23 de abril.<\/p>\n\n\n\n<p class=\"wp-block-paragraph\">SEM\/MG<\/p>\n","protected":false},"excerpt":{"rendered":"<p>Amnist\u00eda Internacional pide firmas para que \u00a0\u00a0sean escuchadas las madres e hijas de v\u00edctimas de feminicidio en el Estado de M\u00e9xico por las candidatas a gobernar EdoMx, actualmente en campa\u00f1a.<\/p>\n","protected":false},"author":3,"featured_media":66315,"comment_status":"open","ping_status":"open","sticky":false,"template":"","format":"standard","meta":{"_monsterinsights_skip_tracking":false,"footnotes":""},"categories":[54],"tags":[],"class_list":["post-66314","post","type-post","status-publish","format-standard","has-post-thumbnail","category-mujeres"],"_links":{"self":[{"href":"https:\/\/redsemlac.com\/semmexico\/wp-json\/wp\/v2\/posts\/66314","targetHints":{"allow":["GET"]}}],"collection":[{"href":"https:\/\/redsemlac.com\/semmexico\/wp-json\/wp\/v2\/posts"}],"about":[{"href":"https:\/\/redsemlac.com\/semmexico\/wp-json\/wp\/v2\/types\/post"}],"author":[{"embeddable":true,"href":"https:\/\/redsemlac.com\/semmexico\/wp-json\/wp\/v2\/users\/3"}],"replies":[{"embeddable":true,"href":"https:\/\/redsemlac.com\/semmexico\/wp-json\/wp\/v2\/comments?post=66314"}],"version-history":[{"count":0,"href":"https:\/\/redsemlac.com\/semmexico\/wp-json\/wp\/v2\/posts\/66314\/revisions"}],"wp:featuredmedia":[{"embeddable":true,"href":"https:\/\/redsemlac.com\/semmexico\/wp-json\/wp\/v2\/media\/66315"}],"wp:attachment":[{"href":"https:\/\/redsemlac.com\/semmexico\/wp-json\/wp\/v2\/media?parent=66314"}],"wp:term":[{"taxonomy":"category","embeddable":true,"href":"https:\/\/redsemlac.com\/semmexico\/wp-json\/wp\/v2\/categories?post=66314"},{"taxonomy":"post_tag","embeddable":true,"href":"https:\/\/redsemlac.com\/semmexico\/wp-json\/wp\/v2\/tags?post=66314"}],"curies":[{"name":"wp","href":"https:\/\/api.w.org\/{rel}","templated":true}]}}