{"id":66231,"date":"2023-05-02T10:46:45","date_gmt":"2023-05-02T15:46:45","guid":{"rendered":"https:\/\/redsemlac.com\/semmexico\/?p=66231"},"modified":"2023-05-02T10:46:46","modified_gmt":"2023-05-02T15:46:46","slug":"promueven-oportunidades-equitativas-para-mujeres-y-hombres-en-el-deporte-mexicano","status":"publish","type":"post","link":"https:\/\/redsemlac.com\/semmexico\/promueven-oportunidades-equitativas-para-mujeres-y-hombres-en-el-deporte-mexicano\/","title":{"rendered":"Promueven oportunidades equitativas para mujeres y hombres en el deporte mexicano"},"content":{"rendered":"\n<ul class=\"wp-block-list\">\n<li><strong>Desarrolla territorio mexiquense actividades f\u00edsicas, deportivas y culturales para la inclusi\u00f3n de las mujeres en el deporte a trav\u00e9s de la gira naranja.<\/strong><\/li>\n\n\n\n<li><strong>Se espera participaci\u00f3n de mujeres y de deportistas mexiquenses.<\/strong><\/li>\n<\/ul>\n\n\n\n<p class=\"wp-block-paragraph\"><strong>Redacci\u00f3n<\/strong><\/p>\n\n\n\n<p class=\"wp-block-paragraph\">SemM\u00e9xico, Texcoco, Estado de M\u00e9xico, 2 de mayo del 2023.- Con el objetivo de fomentar la inclusi\u00f3n de las mujeres en el \u00e1mbito deportivo y cultural, ha sido organizada la Gira Naranja, con un conjunto de actividades a desarrollarse en el Centro Cultural Mexiquense Bicentenario (CCMB), el 4 de mayo a las 10:00 horas.<\/p>\n\n\n\n<p class=\"wp-block-paragraph\">Este evento se realiza a trav\u00e9s de la Red Naranja, una iniciativa de la Secretar\u00eda de las Mujeres (Semujeres), que busca incorporar a la ciudadan\u00eda en la difusi\u00f3n, prevenci\u00f3n y atenci\u00f3n de la violencia contra la mujer a fin de brindar oportunidades m\u00e1s equitativas.<\/p>\n\n\n\n<figure class=\"wp-block-gallery has-nested-images columns-default is-cropped wp-block-gallery-1 is-layout-flex wp-block-gallery-is-layout-flex\">\n<figure class=\"wp-block-image size-large\"><a href=\"https:\/\/redsemlac.com\/semmexico\/wp-content\/uploads\/2023\/05\/imagen-2-1.jpg\"><img loading=\"lazy\" decoding=\"async\" width=\"1024\" height=\"766\" data-id=\"66233\" src=\"https:\/\/redsemlac.com\/semmexico\/wp-content\/uploads\/2023\/05\/imagen-2-1.jpg\" alt=\"\" class=\"wp-image-66233\"\/><\/a><\/figure>\n\n\n\n<figure class=\"wp-block-image size-large\"><a href=\"https:\/\/redsemlac.com\/semmexico\/wp-content\/uploads\/2023\/05\/imagen-3.jpg\"><img loading=\"lazy\" decoding=\"async\" width=\"1024\" height=\"682\" data-id=\"66234\" src=\"https:\/\/redsemlac.com\/semmexico\/wp-content\/uploads\/2023\/05\/imagen-3.jpg\" alt=\"\" class=\"wp-image-66234\"\/><\/a><\/figure>\n<\/figure>\n\n\n\n<p class=\"wp-block-paragraph\">Dentro de la programaci\u00f3n se contar\u00e1 con un conversatorio de futbolistas destacadas y la visita guiada al Museo del Deporte; asimismo, a las y los asistentes se les brindar\u00e1 la oportunidad de conocer la historia del futbol femenil con la exposici\u00f3n \u201cLa otra fuerza del balompi\u00e9\u201d, que da a conocer la evoluci\u00f3n de este deporte y la importancia de la incursi\u00f3n de las mujeres y los retos que a\u00fan enfrentan.<\/p>\n\n\n\n<p class=\"wp-block-paragraph\">El Museo del Deporte es un recinto que hace un reconocimiento a los grandes atletas y paratletas que han marcado la historia del deporte mexiquense, al destacar a nivel internacional.<\/p>\n\n\n\n<p class=\"wp-block-paragraph\">Este evento se realiza en la b\u00fasqueda del fomento deportivo y oportunidades m\u00e1s equitativas para ellas y es una ocasi\u00f3n una para reconocer el papel que tienen en cada uno de los sectores de la sociedad.<\/p>\n\n\n\n<p class=\"wp-block-paragraph\">El Centro Cultural Mexiquense Bicentenario se encuentra en Km 14.3 de la Carretera Federal Los Reyes-Texcoco, esq. Manuel Gonz\u00e1lez, Coatlinch\u00e1n, Texcoco, Estado de M\u00e9xico.<\/p>\n\n\n\n<p class=\"wp-block-paragraph\">SEM\/MG<\/p>\n","protected":false},"excerpt":{"rendered":"<p>Desarrolla territorio mexiquense actividades f\u00edsicas, deportivas y culturales para la inclusi\u00f3n de las mujeres en el deporte a trav\u00e9s de la gira naranja.<\/p>\n","protected":false},"author":3,"featured_media":66232,"comment_status":"open","ping_status":"open","sticky":false,"template":"","format":"standard","meta":{"_monsterinsights_skip_tracking":false,"footnotes":""},"categories":[51],"tags":[],"class_list":["post-66231","post","type-post","status-publish","format-standard","has-post-thumbnail","category-ejecutivo"],"_links":{"self":[{"href":"https:\/\/redsemlac.com\/semmexico\/wp-json\/wp\/v2\/posts\/66231","targetHints":{"allow":["GET"]}}],"collection":[{"href":"https:\/\/redsemlac.com\/semmexico\/wp-json\/wp\/v2\/posts"}],"about":[{"href":"https:\/\/redsemlac.com\/semmexico\/wp-json\/wp\/v2\/types\/post"}],"author":[{"embeddable":true,"href":"https:\/\/redsemlac.com\/semmexico\/wp-json\/wp\/v2\/users\/3"}],"replies":[{"embeddable":true,"href":"https:\/\/redsemlac.com\/semmexico\/wp-json\/wp\/v2\/comments?post=66231"}],"version-history":[{"count":0,"href":"https:\/\/redsemlac.com\/semmexico\/wp-json\/wp\/v2\/posts\/66231\/revisions"}],"wp:featuredmedia":[{"embeddable":true,"href":"https:\/\/redsemlac.com\/semmexico\/wp-json\/wp\/v2\/media\/66232"}],"wp:attachment":[{"href":"https:\/\/redsemlac.com\/semmexico\/wp-json\/wp\/v2\/media?parent=66231"}],"wp:term":[{"taxonomy":"category","embeddable":true,"href":"https:\/\/redsemlac.com\/semmexico\/wp-json\/wp\/v2\/categories?post=66231"},{"taxonomy":"post_tag","embeddable":true,"href":"https:\/\/redsemlac.com\/semmexico\/wp-json\/wp\/v2\/tags?post=66231"}],"curies":[{"name":"wp","href":"https:\/\/api.w.org\/{rel}","templated":true}]}}