{"id":66220,"date":"2023-05-01T17:04:14","date_gmt":"2023-05-01T22:04:14","guid":{"rendered":"https:\/\/redsemlac.com\/semmexico\/?p=66220"},"modified":"2023-05-01T17:04:15","modified_gmt":"2023-05-01T22:04:15","slug":"las-mujeres-registraron-menor-desocupacion-que-en-2019-inegi","status":"publish","type":"post","link":"https:\/\/redsemlac.com\/semmexico\/las-mujeres-registraron-menor-desocupacion-que-en-2019-inegi\/","title":{"rendered":"Las mujeres registraron menor desocupaci\u00f3n que en 2019, INEGI"},"content":{"rendered":"\n<ul class=\"wp-block-list\">\n<li><strong>En servicios, comercio y manufacturas mayor participaci\u00f3n de mujeres.<\/strong><\/li>\n<\/ul>\n\n\n\n<p class=\"wp-block-paragraph\"><strong>Elda Montiel<\/strong><\/p>\n\n\n\n<p class=\"wp-block-paragraph\">SemM\u00e9xico, Ciudad de M\u00e9xico, 1 de mayo del 2023.- Este 2022 debido al regreso gradual a las actividades econ\u00f3micas despu\u00e9s de la pandemia la tasa de desocupaci\u00f3n disminuy\u00f3 incluso a niveles registrados antes de la pandemia y en el caso de las mujeres fue de 6.0 por cada 100 personas econ\u00f3micamente activas, cuando en 2021 fue de 7.5 y en el 2019 fue del 6.9.<\/p>\n\n\n\n<p class=\"wp-block-paragraph\">Al considerar el rango de edad seleccionado seg\u00fan sexo, la tasa de informalidad laboral disminuy\u00f3, tanto para hombres como para mujeres, durante el primer a\u00f1o de la pandemia por la COVID-19.<\/p>\n\n\n\n<p class=\"wp-block-paragraph\">Al desagregar la informaci\u00f3n, por cada 100 hombres ocupados, la tasa pas\u00f3 de 60.8 en 2019 a 51.7 en 2020. En el caso de las mujeres, pas\u00f3 de 57.2 a 50.5 por cada 100. En 2021, ante la reactivaci\u00f3n de las actividades econ\u00f3micas, las tasas aumentaron: 62.2 por cada 100 hombres y 58.9 por cada 100 mujeres. En 2022 la tasa fue similar a la de 2019, con 60.8 y 57.4 por cada 100, respectivamente.<\/p>\n\n\n\n<p class=\"wp-block-paragraph\">En 2022, la tasa de subocupaci\u00f3n laboral en la poblaci\u00f3n ocupada de 15 a 29 a\u00f1os fue de 7.6 por cada 100: 7.3 correspondi\u00f3 a mujeres y 7.8, a hombres.<\/p>\n\n\n\n<p class=\"wp-block-paragraph\">La subocupaci\u00f3n laboral se refiere a las personas que tienen un empleo, pero trabajan menos horas de las que quieren o necesitan. En este sentido, en el caso de la poblaci\u00f3n ocupada de 15 a 29 a\u00f1os, la tasa de subocupaci\u00f3n en 2020 fue de 21.8 por cada 100: 15 puntos m\u00e1s que en 2019 (6.8).<\/p>\n\n\n\n<p class=\"wp-block-paragraph\">Al desagregar la informaci\u00f3n seg\u00fan sexo, se observa lo siguiente: en 2020, esta tasa en hombres fue de 23.3; en mujeres, de 19.2 por cada 100. Lo anterior significa que qued\u00f3 por encima del 7.2 en hombres y del 6.1 en mujeres, en 2019. Cabe destacar que, en a\u00f1os posteriores, la tasa disminuy\u00f3: en 2021 fue de 11.7 por cada 100: 11.6 en hombres y 11.9 en mujeres.<\/p>\n\n\n\n<p class=\"wp-block-paragraph\">De 2019 a 2022, los sectores de actividad en los que se ocupa la poblaci\u00f3n del rango de edad analizado no presentaron cambios. En 2022, el sector Servicios ocup\u00f3 39.6 % de la poblaci\u00f3n de 15 a 29 a\u00f1os. Siguieron los sectores Comercio, con 21.1 % e Industrias manufactureras, con 18.8 %.<\/p>\n\n\n\n<p class=\"wp-block-paragraph\">En Servicios, comercio y manufacturas las mujeres ocuparon el 47.9 %, 27.1 y 19.1 %, respectivamente, mientras los hombres registraron 34.5 % en servicios, 17.4 % en comercio y 18.1 en manufacturas.<\/p>\n\n\n\n<p class=\"wp-block-paragraph\">Con motivo del Primero de Mayo, D\u00eda Internacional del Trabajo, el INEGI dio a conocer las cifras de desocupaci\u00f3n y subocupaci\u00f3n laboral. La Organizaci\u00f3n Internacional del Trabajo (OIT) estim\u00f3 que los j\u00f3venes de 15 a 24 a\u00f1os experimentaron la mayor p\u00e9rdida porcentual de empleo en este periodo y advirti\u00f3 que sus niveles de desempleo siguen por arriba de lo observado antes de la pandemia.<\/p>\n\n\n\n<p class=\"wp-block-paragraph\">Por otra parte, el empleo de mujeres en 2022 alcanz\u00f3 un 45.9 %, sobrepasando ligeramente el nivel previo a la pandemia por la recuperaci\u00f3n del sector servicios. De ellas, el 95 por ciento realiz\u00f3 paralelamente tareas dom\u00e9sticas y de cuidados sin remuneraci\u00f3n.<\/p>\n\n\n\n<p class=\"wp-block-paragraph\">En contraste, el 76.4 % de los hombres trabajaron de forma remunerada y s\u00f3lo 68.87 % realiz\u00f3 tareas dom\u00e9sticas, de acuerdo de acuerdo al an\u00e1lisis \u201cMujeres en el Mercado Laboral\u201d elaborado por Consultoras en G\u00e9nero y Gobierno.<\/p>\n\n\n\n<p class=\"wp-block-paragraph\">Las mujeres, desde que inician su etapa laboral, tienen desventajas por la carga inequitativa de trabajo dom\u00e9stico, la maternidad y el techo de cristal, que son aquellas barreras \u201cinvisibles\u201d que les impiden ascender en la escala corporativa, a pesar de sus talentos y habilidades. Estos obst\u00e1culos van desde el acoso sexual y laboral, la exclusi\u00f3n sistem\u00e1tica y las brechas salariales, entre otras.<\/p>\n\n\n\n<p class=\"wp-block-paragraph\">En M\u00e9xico, casi el 70 por ciento de las mujeres trabajan como asalariadas, 23 por ciento trabajan por cuenta propia y solo el 2.7 % son empleadoras<strong>.<\/strong><\/p>\n\n\n\n<p class=\"wp-block-paragraph\">SEM\/MG<\/p>\n","protected":false},"excerpt":{"rendered":"<p>En servicios, comercio y manufacturas mayor participaci\u00f3n de mujeres.<\/p>\n","protected":false},"author":3,"featured_media":66221,"comment_status":"open","ping_status":"open","sticky":false,"template":"","format":"standard","meta":{"_monsterinsights_skip_tracking":false,"footnotes":""},"categories":[51],"tags":[],"class_list":["post-66220","post","type-post","status-publish","format-standard","has-post-thumbnail","category-ejecutivo"],"_links":{"self":[{"href":"https:\/\/redsemlac.com\/semmexico\/wp-json\/wp\/v2\/posts\/66220","targetHints":{"allow":["GET"]}}],"collection":[{"href":"https:\/\/redsemlac.com\/semmexico\/wp-json\/wp\/v2\/posts"}],"about":[{"href":"https:\/\/redsemlac.com\/semmexico\/wp-json\/wp\/v2\/types\/post"}],"author":[{"embeddable":true,"href":"https:\/\/redsemlac.com\/semmexico\/wp-json\/wp\/v2\/users\/3"}],"replies":[{"embeddable":true,"href":"https:\/\/redsemlac.com\/semmexico\/wp-json\/wp\/v2\/comments?post=66220"}],"version-history":[{"count":0,"href":"https:\/\/redsemlac.com\/semmexico\/wp-json\/wp\/v2\/posts\/66220\/revisions"}],"wp:featuredmedia":[{"embeddable":true,"href":"https:\/\/redsemlac.com\/semmexico\/wp-json\/wp\/v2\/media\/66221"}],"wp:attachment":[{"href":"https:\/\/redsemlac.com\/semmexico\/wp-json\/wp\/v2\/media?parent=66220"}],"wp:term":[{"taxonomy":"category","embeddable":true,"href":"https:\/\/redsemlac.com\/semmexico\/wp-json\/wp\/v2\/categories?post=66220"},{"taxonomy":"post_tag","embeddable":true,"href":"https:\/\/redsemlac.com\/semmexico\/wp-json\/wp\/v2\/tags?post=66220"}],"curies":[{"name":"wp","href":"https:\/\/api.w.org\/{rel}","templated":true}]}}