{"id":66215,"date":"2023-05-01T16:59:47","date_gmt":"2023-05-01T21:59:47","guid":{"rendered":"https:\/\/redsemlac.com\/semmexico\/?p=66215"},"modified":"2023-05-01T16:59:47","modified_gmt":"2023-05-01T21:59:47","slug":"onu-dh-y-unicef-alientan-a-mexico-ratificar-el-protocolo-facultativo-sobre-los-derechos-de-la-ninez","status":"publish","type":"post","link":"https:\/\/redsemlac.com\/semmexico\/onu-dh-y-unicef-alientan-a-mexico-ratificar-el-protocolo-facultativo-sobre-los-derechos-de-la-ninez\/","title":{"rendered":"ONU DH y UNICEF alientan a M\u00e9xico ratificar el Protocolo facultativo sobre los Derechos de la Ni\u00f1ez"},"content":{"rendered":"\n<ul class=\"wp-block-list\">\n<li><strong>Carrera, consider\u00f3 que M\u00e9xico tiene la oportunidad hist\u00f3rica de ratificar este protocolo facultativo y completar para beneficio de la ni\u00f1ez.<\/strong><\/li>\n<\/ul>\n\n\n\n<p class=\"wp-block-paragraph\"><strong>Micaela M\u00e1rquez<\/strong><\/p>\n\n\n\n<p class=\"wp-block-paragraph\">SemM\u00e9xico, Ciudad de M\u00e9xico, 1 de mayo del 2023.- La Organizaci\u00f3n de Naciones Unidas pide a M\u00e9xico ratificar el Protocolo Facultativo sobre los derechos de las ni\u00f1as, ni\u00f1os y adolescentes para reforzar la protecci\u00f3n de este grupo de poblaci\u00f3n por lo que el Comit\u00e9 de los Derechos del Ni\u00f1o\/a de Naciones Unidas podr\u00eda recibir denuncias individuales o colectivas, y realizar visitas a nuestro pa\u00eds y formular recomendaciones para el cumplimiento de los tratados internacionales en la materia.<\/p>\n\n\n\n<p class=\"wp-block-paragraph\">El llamado de ONU-DH y la UNICEF se da en medio de un intento por parte del gobierno actual de fusionar 18 \u00f3rganos desconcentrados, entre ellos el Sistema Nacional de Protecci\u00f3n Integral de Ni\u00f1as, Ni\u00f1os y Adolescentes (SIPINNA), que ha sido considerado por expertos y expertas del Comit\u00e9 de Derechos del Ni\u00f1o\/a un dise\u00f1o institucional de avanzada en la regi\u00f3n.<\/p>\n\n\n\n<p class=\"wp-block-paragraph\">En el marco del D\u00eda del Ni\u00f1o y de la Ni\u00f1a, el representante de M\u00e9xico en ONU-DH, Guillermo Fern\u00e1ndez-Maldonado, aludi\u00f3 al respeto al inter\u00e9s superior de la ni\u00f1ez para que se les garantice la protecci\u00f3n y el cuidado necesarios para su bienestar. Se dijo convencido de que una sociedad que los coloca al frente, tiene un mejor presente y construye un luminoso futuro.<\/p>\n\n\n\n<p class=\"wp-block-paragraph\">Por parte del representante de UNICEF en M\u00e9xico, Fernando Carrera, consider\u00f3 que M\u00e9xico tiene la oportunidad hist\u00f3rica de ratificar este protocolo facultativo y completar para beneficio de la ni\u00f1ez y adolescencia en el pa\u00eds un paquete de instrumentos legales establecidos por la comunidad internacional para garantizar los derechos de este sector de la poblaci\u00f3n, para que puedan en una situaci\u00f3n personal tener acceso directo al Comit\u00e9 de los Derechos del Ni\u00f1o\/a. &nbsp;<\/p>\n\n\n\n<p class=\"wp-block-paragraph\">Ambos funcionarios animaron vivamente al Estado Mexicano a ratificar el Protocolo Facultativo de la Convenci\u00f3n sobre los Derechos del Ni\u00f1o\/a en el que aludieron que la presente administraci\u00f3n ha dado un impulso notorio a ratificar los tratados internacionales en materia de derechos humanos.<\/p>\n\n\n\n<p class=\"wp-block-paragraph\"><br>En un a\u00f1o en el que la humanidad en su conjunto aspira a solidificar el consenso alrededor de los derechos, principios y valores contemplados en la&nbsp;<a href=\"https:\/\/hchr.us14.list-manage.com\/track\/click?u=54ff874b5ab8ff86ab68f4f15&amp;id=6738c39367&amp;e=0820a58aca\" target=\"_blank\" rel=\"noreferrer noopener\">Declaraci\u00f3n Universal de los Derechos Humanos que cumplir\u00e1 75 a\u00f1os en el 2023<\/a>, M\u00e9xico puede dar un paso significativo y fecundo tendiente a reforzar la protecci\u00f3n de los derechos de ni\u00f1as, ni\u00f1os y adolescentes. &nbsp;<\/p>\n\n\n\n<p class=\"wp-block-paragraph\">El&nbsp;<a href=\"https:\/\/hchr.us14.list-manage.com\/track\/click?u=54ff874b5ab8ff86ab68f4f15&amp;id=625ee1a2b4&amp;e=0820a58aca\" target=\"_blank\" rel=\"noreferrer noopener\">Comit\u00e9 de Derechos del Ni\u00f1o\/a de la ONU<\/a>&nbsp;podr\u00eda recibir y considerar comunicaciones individuales, tambi\u00e9n conocidas como denuncias, de individuos o grupo de individuos que afirmen ser v\u00edctimas de una violaci\u00f3n de cualquiera de los derechos establecidos en la&nbsp;<a href=\"https:\/\/hchr.us14.list-manage.com\/track\/click?u=54ff874b5ab8ff86ab68f4f15&amp;id=e21cbe3749&amp;e=0820a58aca\" target=\"_blank\" rel=\"noreferrer noopener\">Convenci\u00f3n de los Derechos del Ni\u00f1o<\/a>\/a, el&nbsp;<a href=\"https:\/\/hchr.us14.list-manage.com\/track\/click?u=54ff874b5ab8ff86ab68f4f15&amp;id=8c2ea6573f&amp;e=0820a58aca\" target=\"_blank\" rel=\"noreferrer noopener\">Protocolo Facultativo de la Convenci\u00f3n sobre la venta de ni\u00f1as\/ni\u00f1os, la prostituci\u00f3n infantil y la utilizaci\u00f3n de ni\u00f1as, ni\u00f1os en la pornograf\u00eda<\/a>, y el&nbsp;<a href=\"https:\/\/hchr.us14.list-manage.com\/track\/click?u=54ff874b5ab8ff86ab68f4f15&amp;id=0f43b5e06e&amp;e=0820a58aca\" target=\"_blank\" rel=\"noreferrer noopener\">Protocolo Facultativo de la Convenci\u00f3n sobre la participaci\u00f3n de las y los ni\u00f1os en los conflictos armados<\/a>.<\/p>\n\n\n\n<p class=\"wp-block-paragraph\">Adem\u00e1s, con la ratificaci\u00f3n del Protocolo facultativo, el \u00f3rgano de tratado especializado en los derechos de ni\u00f1as, ni\u00f1os y adolescentes podr\u00eda visitar al pa\u00eds y formular recomendaciones para el cumplimiento efectivo de sus obligaciones internacionales. Dichas funciones se har\u00edan guiadas por el principio del inter\u00e9s superior del ni\u00f1o y la ni\u00f1a, teniendo en cuenta sus derechos y opiniones, en consonancia con su edad y madurez. &nbsp;<\/p>\n\n\n\n<p class=\"wp-block-paragraph\">Tanto la ONU-DH y UNICEF ofrecen su asistencia y cooperaci\u00f3n t\u00e9cnicas a efecto de que el Estado mexicano materialice los pasos que se requieren para la ratificaci\u00f3n del Protocolo facultativo.<br>&nbsp;<\/p>\n\n\n\n<h2 class=\"wp-block-heading\"><strong>Cifras de violencia infantil<\/strong><\/h2>\n\n\n\n<p class=\"wp-block-paragraph\">Datos oficiales revelan que en lo que va del 2023 aumentaron las incidencias de lesiones a menores de 0 a 17 a\u00f1os en un 36.2 %, es decir pasaron de 3,815 a 5,195.<\/p>\n\n\n\n<p class=\"wp-block-paragraph\">Mientas que datos de la UNICEF refieren que en M\u00e9xico 6 de cada 10 ni\u00f1os\/ni\u00f1as de 1 a 14 a\u00f1os han experimentado alg\u00fan tipo de disciplina violenta o maltrato en el hogar, lo que causa una afectaci\u00f3n profunda en sus vidas.<\/p>\n\n\n\n<p class=\"wp-block-paragraph\">El organismo advierte que a nivel mundial el 40 por ciento de ni\u00f1as, ni\u00f1os o adolescentes justifica que las personas que les cuidan, usen la violencia como m\u00e9todo de correcci\u00f3n disciplinaria. Los castigos f\u00edsicos o humillantes para criarles, se han convertido en una pr\u00e1ctica normalizada.<\/p>\n\n\n\n<p class=\"wp-block-paragraph\">En 2022 entre delitos de trata, homicidio doloso, feminicidio, lesiones, secuestro y extorsi\u00f3n, entre otros contra menores sumaron 33 mil 242 casos reportados por el Observatorio Nacional de Prevenci\u00f3n del Reclutamiento de Ni\u00f1as, Ni\u00f1os y Adolescentes&nbsp;por parte de la Delincuencia Organizada (ONPRENNA).<\/p>\n\n\n\n<p class=\"wp-block-paragraph\">La corrupci\u00f3n de menores registro 2,417 casos, que se traducen a un promedio de seis diarios, 25 por ciento m\u00e1s respecto a 2021, cuando se reportaron oficialmente mil 992 casos de este il\u00edcito que consiste en obligar a ni\u00f1os, ni\u00f1as y adolescentes (NNA) a cometer cr\u00edmenes o a participar en actos de exhibicionismo corporal, lascivos, de prostituci\u00f3n, ebriedad, consumo de narc\u00f3ticos y\/o pr\u00e1cticas sexuales.<\/p>\n\n\n\n<p class=\"wp-block-paragraph\">El segundo delito fue&nbsp;homicidio doloso, que tambi\u00e9n tuvo un alza de 3.6 % entre 2021 y 2022, pues pas\u00f3 de mil 80 a mil 119, respectivamente, indic\u00f3 el&nbsp;ONPRENNA.<\/p>\n\n\n\n<p class=\"wp-block-paragraph\">SEM\/MG<\/p>\n","protected":false},"excerpt":{"rendered":"<p>Carrera, consider\u00f3 que M\u00e9xico tiene la oportunidad hist\u00f3rica de ratificar este protocolo facultativo y completar para beneficio de la ni\u00f1ez.<\/p>\n","protected":false},"author":3,"featured_media":66216,"comment_status":"open","ping_status":"open","sticky":false,"template":"","format":"standard","meta":{"_monsterinsights_skip_tracking":false,"footnotes":""},"categories":[51],"tags":[],"class_list":["post-66215","post","type-post","status-publish","format-standard","has-post-thumbnail","category-ejecutivo"],"_links":{"self":[{"href":"https:\/\/redsemlac.com\/semmexico\/wp-json\/wp\/v2\/posts\/66215","targetHints":{"allow":["GET"]}}],"collection":[{"href":"https:\/\/redsemlac.com\/semmexico\/wp-json\/wp\/v2\/posts"}],"about":[{"href":"https:\/\/redsemlac.com\/semmexico\/wp-json\/wp\/v2\/types\/post"}],"author":[{"embeddable":true,"href":"https:\/\/redsemlac.com\/semmexico\/wp-json\/wp\/v2\/users\/3"}],"replies":[{"embeddable":true,"href":"https:\/\/redsemlac.com\/semmexico\/wp-json\/wp\/v2\/comments?post=66215"}],"version-history":[{"count":0,"href":"https:\/\/redsemlac.com\/semmexico\/wp-json\/wp\/v2\/posts\/66215\/revisions"}],"wp:featuredmedia":[{"embeddable":true,"href":"https:\/\/redsemlac.com\/semmexico\/wp-json\/wp\/v2\/media\/66216"}],"wp:attachment":[{"href":"https:\/\/redsemlac.com\/semmexico\/wp-json\/wp\/v2\/media?parent=66215"}],"wp:term":[{"taxonomy":"category","embeddable":true,"href":"https:\/\/redsemlac.com\/semmexico\/wp-json\/wp\/v2\/categories?post=66215"},{"taxonomy":"post_tag","embeddable":true,"href":"https:\/\/redsemlac.com\/semmexico\/wp-json\/wp\/v2\/tags?post=66215"}],"curies":[{"name":"wp","href":"https:\/\/api.w.org\/{rel}","templated":true}]}}