{"id":66213,"date":"2023-05-01T16:57:40","date_gmt":"2023-05-01T21:57:40","guid":{"rendered":"https:\/\/redsemlac.com\/semmexico\/?p=66213"},"modified":"2023-05-01T16:57:40","modified_gmt":"2023-05-01T21:57:40","slug":"liberan-a-personas-detenidas-en-operativo-de-desalojo","status":"publish","type":"post","link":"https:\/\/redsemlac.com\/semmexico\/liberan-a-personas-detenidas-en-operativo-de-desalojo\/","title":{"rendered":"Liberan a personas detenidas en operativo de desalojo"},"content":{"rendered":"\n<ul class=\"wp-block-list\">\n<li><strong>Reclaman da\u00f1os en propiedad ajena y afluentes de agua, por parte de constructora privada y supervisi\u00f3n de Marina.<\/strong><\/li>\n<\/ul>\n\n\n\n<p class=\"wp-block-paragraph\"><strong>Patricia Brise\u00f1o<\/strong><\/p>\n\n\n\n<p class=\"wp-block-paragraph\">SemM\u00e9xico, Oaxaca, 1 de mayo del 2023.- Por acuerdo del Ministerio P\u00fablico Federal con fundamento en el Art\u00edculo 140 del C\u00f3digo Nacional de Procedimientos Penales, cuatro mujeres y dos varones fueron liberados ayer domingo mientras se realiza la investigaci\u00f3n respecto a su presunta participaci\u00f3n en la obstrucci\u00f3n de los trabajos de modernizaci\u00f3n del ferrocarril del Istmo de Tehuantepec.<\/p>\n\n\n\n<p class=\"wp-block-paragraph\">Las personas fueron detenidas en el operativo realizado el 28 de abril por fuerzas federales y estatales para desalojar el bloqueo en el tramo de Ejido Mogo\u00f1\u00e9 Viejo-Vixid\u00fa, municipio de San Juan Guichicovi, donde se realiza la obra civil que integra el Corredor Interoce\u00e1nico del Istmo de Tehuantepec.<\/p>\n\n\n\n<p class=\"wp-block-paragraph\">Las personas manifestantes reclaman da\u00f1os en propiedad ajena y afluentes de agua, durante la ejecuci\u00f3n de la obra por parte de una constructora privada, con la supervisi\u00f3n de la Secretar\u00eda de Marina.<\/p>\n\n\n\n<p class=\"wp-block-paragraph\">La Uni\u00f3n de Comunidades Ind\u00edgenas de la Zona Norte del Istmo (Ucizoni) reconoci\u00f3 a organizaciones sociales, colectivas y abogadas del Comit\u00e9 de Defensa Integral de Derechos Humanos Gobixha (C\u00f3digoDH), as\u00ed como a un robusto equipo de litigantes, quienes participaron de diferente manera en la liberaci\u00f3n de sus militantes.<\/p>\n\n\n\n<p class=\"wp-block-paragraph\">SEM\/MG<\/p>\n","protected":false},"excerpt":{"rendered":"<p>Reclaman da\u00f1os en propiedad ajena y afluentes de agua, por parte de constructora privada y supervisi\u00f3n de Marina.<\/p>\n","protected":false},"author":3,"featured_media":33935,"comment_status":"open","ping_status":"open","sticky":false,"template":"","format":"standard","meta":{"_monsterinsights_skip_tracking":false,"footnotes":""},"categories":[47,48],"tags":[],"class_list":["post-66213","post","type-post","status-publish","format-standard","has-post-thumbnail","category-no-mas-impunidad","category-no-mas-impunidad-no-mas-impunidad"],"_links":{"self":[{"href":"https:\/\/redsemlac.com\/semmexico\/wp-json\/wp\/v2\/posts\/66213","targetHints":{"allow":["GET"]}}],"collection":[{"href":"https:\/\/redsemlac.com\/semmexico\/wp-json\/wp\/v2\/posts"}],"about":[{"href":"https:\/\/redsemlac.com\/semmexico\/wp-json\/wp\/v2\/types\/post"}],"author":[{"embeddable":true,"href":"https:\/\/redsemlac.com\/semmexico\/wp-json\/wp\/v2\/users\/3"}],"replies":[{"embeddable":true,"href":"https:\/\/redsemlac.com\/semmexico\/wp-json\/wp\/v2\/comments?post=66213"}],"version-history":[{"count":0,"href":"https:\/\/redsemlac.com\/semmexico\/wp-json\/wp\/v2\/posts\/66213\/revisions"}],"wp:featuredmedia":[{"embeddable":true,"href":"https:\/\/redsemlac.com\/semmexico\/wp-json\/wp\/v2\/media\/33935"}],"wp:attachment":[{"href":"https:\/\/redsemlac.com\/semmexico\/wp-json\/wp\/v2\/media?parent=66213"}],"wp:term":[{"taxonomy":"category","embeddable":true,"href":"https:\/\/redsemlac.com\/semmexico\/wp-json\/wp\/v2\/categories?post=66213"},{"taxonomy":"post_tag","embeddable":true,"href":"https:\/\/redsemlac.com\/semmexico\/wp-json\/wp\/v2\/tags?post=66213"}],"curies":[{"name":"wp","href":"https:\/\/api.w.org\/{rel}","templated":true}]}}