{"id":66207,"date":"2023-05-01T14:03:06","date_gmt":"2023-05-01T19:03:06","guid":{"rendered":"https:\/\/redsemlac.com\/semmexico\/?p=66207"},"modified":"2023-05-01T14:03:07","modified_gmt":"2023-05-01T19:03:07","slug":"salud-reconoce-unicef-efectividad-de-vacunacion-infantil-cubana","status":"publish","type":"post","link":"https:\/\/redsemlac.com\/semmexico\/salud-reconoce-unicef-efectividad-de-vacunacion-infantil-cubana\/","title":{"rendered":"Salud: Reconoce UNICEF efectividad de vacunaci\u00f3n infantil cubana"},"content":{"rendered":"\n<p class=\"wp-block-paragraph\"><strong>Sara M\u00e1s<\/strong><\/p>\n\n\n\n<p class=\"wp-block-paragraph\">SemM\u00e9xico\/SEMlac, La Habana, Cuba, 1 de mayo del 2023.- Alejandra Trossero, representante en Cuba del Fondo de las Naciones Unidas para la Infancia (Unicef), destac\u00f3 en La Habana la permanencia y eficacia del programa cubano de vacunaci\u00f3n infantil, cuando los \u00edndices de inmunizaci\u00f3n decaen en el mundo tras el impacto de la pandemia de Covid-19.<\/p>\n\n\n\n<p class=\"wp-block-paragraph\">Hoy d\u00eda 67 millones de ni\u00f1as y ni\u00f1os en el mundo carecen de vacunaci\u00f3n, agreg\u00f3 Trossero en conferencia de prensa, el 26 de abril, al citar datos del Estado Mundial de la Infancia 2023: para cada infancia, vacunaci\u00f3n, dedicado este a\u00f1o por UNICEF a este tema.<\/p>\n\n\n\n<p class=\"wp-block-paragraph\">La falta de vacunaci\u00f3n significa la reemergencia de enfermedades que hab\u00edan sido erradicadas, como el sarampi\u00f3n, la rubeola y la poliomelitis, por lo que UNICEF hace un llamado a asegurar los programas de inmunizaci\u00f3n y tomar consideraci\u00f3n que la vacunaci\u00f3n mejora la vida de las ni\u00f1as, los ni\u00f1os y tambi\u00e9n de sus familias.<\/p>\n\n\n\n<p class=\"wp-block-paragraph\">El retroceso ha sido notable en Latinoam\u00e9rica, donde hay 1,7 millones de ni\u00f1as y ni\u00f1os son 0 dosis, nunca han sido vacunados, y se estima que uno de cada cuatro no han recibido la vacunaci\u00f3n que necesitan, se\u00f1al\u00f3 Trossero. De ser la regi\u00f3n de mayor cobertura, ha pasado a ser la segunda peor, sostuvo.<\/p>\n\n\n\n<p class=\"wp-block-paragraph\">El informe de Unicef precisa que, en la \u00faltima d\u00e9cada, la tasa de cobertura de vacunaci\u00f3n rutinaria en Am\u00e9rica Latina y el Caribe ha retrocedido casi 30 a\u00f1os.<\/p>\n\n\n\n<p class=\"wp-block-paragraph\">En contraste, la funcionaria remarc\u00f3 la permanencia y resultados del programa cubano de vacunaci\u00f3n, que es universal, gratuito, previene 13 enfermedades y tiene una cobertura superior al 95 por ciento.<\/p>\n\n\n\n<p class=\"wp-block-paragraph\">Resalt\u00f3 las buenas pr\u00e1cticas de Cuba, que le han permitido mantener alta inmunizaci\u00f3n infantil, a pesar de la pandemia, y celebr\u00f3 la posibilidad de contar con vacunas nacionales y la decisi\u00f3n de aplicar ese esquema a partir de los 2 a\u00f1os de edad, lo que permite el regreso r\u00e1pido de ni\u00f1as y ni\u00f1os a las escuelas, sin interrumpir el ciclo lectivo de ense\u00f1anza.<\/p>\n\n\n\n<p class=\"wp-block-paragraph\">Lena L\u00f3pez Ambr\u00f3n, jefa del Programa Ampliado de Inmunizaci\u00f3n del Ministerio de Salud P\u00fablica, refiri\u00f3 que entre los impactos de esa estrategia est\u00e1n la eliminaci\u00f3n de seis enfermedades (poliomelitis, difteria, sarampi\u00f3n, tosferina, rubeola, y parotiditis), de dos formas cl\u00ednicas severas (t\u00e9tanos neonatal y meningitis tuberculosa) en menores de un a\u00f1o de edad y de dos complicaciones graves: la rubeola cong\u00e9nita y la meningitis posparotiditis. Otras cinco enfermedades se mantienen controladas.<\/p>\n\n\n\n<p class=\"wp-block-paragraph\">Inform\u00f3, adem\u00e1s, que se trabaja en la introducci\u00f3n de nuevas vacunas de producci\u00f3n nacional contra el estreptococo pneumoniaie y el papiloma virus.<\/p>\n\n\n\n<p class=\"wp-block-paragraph\">L\u00f3pez Ambr\u00f3n identific\u00f3, entre las principales amenazas, el incremento de la circulaci\u00f3n de enfermedades preventivas a nivel regional y mundial, debido al descenso de las coberturas de vacunaci\u00f3n en otros pa\u00edses, ante lo cual se impone mantener un s\u00f3lido sistema de vigilancia y altas coberturas de protecci\u00f3n.<\/p>\n\n\n\n<p class=\"wp-block-paragraph\">Se refiri\u00f3, igualmente, a las dificultades que encuentra Cuba en la demora para adquirir vacunas e insumos destinados al programa de inmunizaci\u00f3n, debido a obst\u00e1culos bancarios y financieros como efecto de las medidas econ\u00f3micas restrictivas del bloqueo que pesan sobre el pa\u00eds.<\/p>\n\n\n\n<p class=\"wp-block-paragraph\">Trossero reiter\u00f3 el apoyo de Unicef, que ha acompa\u00f1ado a Cuba en este programa desde sus inicios en la d\u00e9cada del sesenta, en la adquisici\u00f3n de vacunas b\u00e1sicas que no se producen en el pa\u00eds, con equipamiento para mantener las cadenas de fr\u00edo para los inyectables, insumos m\u00e9dicos y el fortalecimiento de capacidades t\u00e9cnicas, entre otras \u00e1reas.<\/p>\n\n\n\n<p class=\"wp-block-paragraph\"><a href=\"mailto:masfarias5@gmail.com\">masfarias5@gmail.com<\/a><\/p>\n","protected":false},"excerpt":{"rendered":"<p>Alejandra Trossero, representante en Cuba del Fondo de las Naciones Unidas para la Infancia (Unicef), destac\u00f3 en La Habana la permanencia y eficacia del programa cubano de vacunaci\u00f3n infantil<\/p>\n","protected":false},"author":3,"featured_media":66208,"comment_status":"open","ping_status":"open","sticky":false,"template":"","format":"standard","meta":{"_monsterinsights_skip_tracking":false,"footnotes":""},"categories":[53],"tags":[],"class_list":["post-66207","post","type-post","status-publish","format-standard","has-post-thumbnail","category-internacional"],"_links":{"self":[{"href":"https:\/\/redsemlac.com\/semmexico\/wp-json\/wp\/v2\/posts\/66207","targetHints":{"allow":["GET"]}}],"collection":[{"href":"https:\/\/redsemlac.com\/semmexico\/wp-json\/wp\/v2\/posts"}],"about":[{"href":"https:\/\/redsemlac.com\/semmexico\/wp-json\/wp\/v2\/types\/post"}],"author":[{"embeddable":true,"href":"https:\/\/redsemlac.com\/semmexico\/wp-json\/wp\/v2\/users\/3"}],"replies":[{"embeddable":true,"href":"https:\/\/redsemlac.com\/semmexico\/wp-json\/wp\/v2\/comments?post=66207"}],"version-history":[{"count":0,"href":"https:\/\/redsemlac.com\/semmexico\/wp-json\/wp\/v2\/posts\/66207\/revisions"}],"wp:featuredmedia":[{"embeddable":true,"href":"https:\/\/redsemlac.com\/semmexico\/wp-json\/wp\/v2\/media\/66208"}],"wp:attachment":[{"href":"https:\/\/redsemlac.com\/semmexico\/wp-json\/wp\/v2\/media?parent=66207"}],"wp:term":[{"taxonomy":"category","embeddable":true,"href":"https:\/\/redsemlac.com\/semmexico\/wp-json\/wp\/v2\/categories?post=66207"},{"taxonomy":"post_tag","embeddable":true,"href":"https:\/\/redsemlac.com\/semmexico\/wp-json\/wp\/v2\/tags?post=66207"}],"curies":[{"name":"wp","href":"https:\/\/api.w.org\/{rel}","templated":true}]}}