{"id":66200,"date":"2023-05-01T13:29:34","date_gmt":"2023-05-01T18:29:34","guid":{"rendered":"https:\/\/redsemlac.com\/semmexico\/?p=66200"},"modified":"2023-05-01T13:29:34","modified_gmt":"2023-05-01T18:29:34","slug":"miradas-de-reportero-la-cndh-documento-35-anos-de-terrorismo-de-estado-del-pri-con-el-uso-del-ejercito","status":"publish","type":"post","link":"https:\/\/redsemlac.com\/semmexico\/miradas-de-reportero-la-cndh-documento-35-anos-de-terrorismo-de-estado-del-pri-con-el-uso-del-ejercito\/","title":{"rendered":"Miradas de Reportero| La CNDH document\u00f3 35 a\u00f1os de terrorismo de Estado del PRI con el uso del ej\u00e9rcito"},"content":{"rendered":"\n<ul class=\"wp-block-list\">\n<li><strong>Hace recomendaciones para reparar el da\u00f1o al menos a 814 v\u00edctimas, la mayor\u00eda sobrevivientes.<\/strong><\/li>\n\n\n\n<li><strong>Pide a la FGR iniciar o proseguir investigaciones; solo del caso V633 se\u00f1ala a 7 victimarios.<\/strong><\/li>\n\n\n\n<li><strong>Reivindica el derecho a la rebeli\u00f3n que tuvieron las guerrillas recientes: m\u00e1s de 30 en 23 entidades.<\/strong><\/li>\n<\/ul>\n\n\n\n<p class=\"wp-block-paragraph\"><strong>Rogelio Hern\u00e1ndez L\u00f3pez<\/strong><\/p>\n\n\n\n<p class=\"wp-block-paragraph\">SemM\u00e9xico, Ciudad de M\u00e9xico, 1 de mayo del 2023.- \u201cTu como periodista podr\u00edas ayudar a divulgar la recomendaci\u00f3n 98VG\/2023 que desde el 18 de abril est\u00e1 difundiendo la Comisi\u00f3n Nacional de los Derechos Humanos\u2026 Es sobre violaciones graves a los derechos humanos de 1965 a 1990. Yo soy uno de los afectados con el n\u00famero V663,\u201d le escribi\u00f3 a este reportero Arturo Mart\u00ednez Nateras, perseguido desde que era l\u00edder estudiantil, torturado y encarcelado por comunista.<\/p>\n\n\n\n<p class=\"wp-block-paragraph\">Atender tal sugerencia, como reportero implicaba primero averiguar cu\u00e1ntos medios atendieron la conferencia de prensa donde la presidenta de la CNDH, Rosario Piedra Ibarra present\u00f3 ese documento, pero al saberlo fue inevitable entristecer por el periodismo que hoy prevalece.<\/p>\n\n\n\n<p class=\"wp-block-paragraph\">Seg\u00fan dos motores de b\u00fasqueda en internet solo fueron entre 8 y 10 los medios impresos y digitales (entre los centenares que coexisten en M\u00e9xico) los que difundieron la noticia de ese informe-recomendaci\u00f3n a pesar de sus novedades, contenidos importantes y sobre todo trascendencia hist\u00f3rica y pol\u00edtica.<\/p>\n\n\n\n<h2 class=\"wp-block-heading\"><strong>Novedades<\/strong><\/h2>\n\n\n\n<p class=\"wp-block-paragraph\">A muchas personas veteranas que naveguen en las 868 p\u00e1ginas del documento les regurgitar\u00e1, ineludiblemente, la atm\u00f3sfera pol\u00edtica de horrores que miles de mujeres y hombres de M\u00e9xico padecieron durante d\u00e9cadas por ser disidentes a los gobiernos del Partido Revolucionario Institucional (PRI); a las m\u00e1s j\u00f3venes les parecer\u00e1n historias inveros\u00edmiles y de mucho sufrimiento humano.<\/p>\n\n\n\n<p class=\"wp-block-paragraph\">A otra gente tambi\u00e9n podr\u00edan sorprenderle varios aspectos, como le ocurri\u00f3 al veterano reportero de pol\u00edtica. Ejemplos:<\/p>\n\n\n\n<p class=\"wp-block-paragraph\">&#8211; Que en 2020 la Comisi\u00f3n Nacional de los Derechos Humanos (CNDH) cre\u00f3 internamente la Oficina Especial para Investigar la Represi\u00f3n y Desapariciones Forzadas por Violencia Pol\u00edtica del Estado durante el pasado reciente. Con ello se adelant\u00f3 un a\u00f1o al surgimiento de la Comisi\u00f3n por el Acceso a la Verdad y el Esclarecimiento Hist\u00f3rico, creada por decreto el 6 de octubre de 2021 bajo la responsabilidad de Alejandro Encinas, subsecretario de Derechos Humanos de la Segob.<\/p>\n\n\n\n<p class=\"wp-block-paragraph\">&#8211; Que, aunque la CNDH no forma parte de la Comisi\u00f3n de la Verdad, con este documento se anticip\u00f3 a sus investigaciones.<\/p>\n\n\n\n<p class=\"wp-block-paragraph\">&#8211; Que ampli\u00f3 el periodo de represi\u00f3n pol\u00edtica y violencia estatal contra disidentes hasta 1990 y por eso agreg\u00f3 158 nuevos casos de v\u00edctimas de la llamada \u201cguerra sucia y que el total aproximado es de al menos 814, buena parte sobrevivientes. Aclara que podr\u00edan ser m\u00e1s. La CNDH en su Recomendaci\u00f3n de 2001 solo reconoc\u00eda a 275 v\u00edctimas.<\/p>\n\n\n\n<p class=\"wp-block-paragraph\">&#8211; Que la CNDH actual acusa all\u00ed de omisiones graves a quienes presidieron antes a la misma CNDH porque en su Recomendaci\u00f3n 26\/2001 no integr\u00f3, ni document\u00f3, o bien desech\u00f3 expedientes.<\/p>\n\n\n\n<p class=\"wp-block-paragraph\">&#8211; Que el Informe Hist\u00f3rico a la Sociedad Mexicana de 2005 de la Fiscal\u00eda Especial para Movimientos Sociales y Pol\u00edticos del Pasado (FEMOSPP), fue \u201cablandado\u201d antes de difundirlo y elimin\u00f3 conceptos y calificaciones para sustituirlos por otros que encubr\u00edan lo m\u00e1s grave de los a\u00f1os cruentos: en lugar de cr\u00edmenes de lesa humanidad que culminaron en masacres, desapariciones forzadas, torturas sistem\u00e1ticas, cr\u00edmenes de guerra y genocidio pusieron \u201cactos contrarios al honor militar, la \u00e9tica y el derecho\u201d, lleg\u00e1ndose al grado hasta de negar que en los archivos de SEDENA se encontraran pruebas, vestigios o evidencias de los cr\u00edmenes cometidos\u201d.<\/p>\n\n\n\n<p class=\"wp-block-paragraph\">&#8211; Que ahora s\u00ed difunde muchos testimonios de la participaci\u00f3n de elementos y mandos de la Secretar\u00eda de la Defensa Nacional (SEDENA) en la violencia pol\u00edtica extrema que incluso califica de terrorismo de Estado en esos a\u00f1os porque los grupos del Estado desplegaron \u201cuna serie de pr\u00e1cticas que rebasaron los l\u00edmites de la legalidad. Pueblos arrasados en comunidades alejadas, all\u00e1 en las monta\u00f1as, detenciones masivas, detenciones ilegales, enclaustramiento en c\u00e1rceles clandestinas, destierro, persecuci\u00f3n, tortura y desapariciones\u201d.<\/p>\n\n\n\n<p class=\"wp-block-paragraph\">&#8211; Y para quienes se interesan en la sociolog\u00eda pol\u00edtica tambi\u00e9n tendr\u00e1n muchos elementos para rehacer o completar la historia de las rebeliones armadas contempor\u00e1neas porque refleja decenas de casos de las organizaciones m\u00e1s activas entonces. En ese marco reivindica el derecho a la rebeli\u00f3n que tuvieron las guerrillas recientes. Asegura que fueron m\u00e1s de 30 en 23 entidades en los 35 a\u00f1os estudiados.<\/p>\n\n\n\n<h2 class=\"wp-block-heading\"><strong>La relator\u00eda<\/strong><\/h2>\n\n\n\n<p class=\"wp-block-paragraph\">Para tener ese documento la CNDH informa que su Comisi\u00f3n Especial interna realiz\u00f3 en 20 meses 412 diligencias, recab\u00f3 130 testimonios, consult\u00f3 627 legajos de 10 archivos generales de la Secretar\u00eda de Defensa Nacional, de la antigua Direcci\u00f3n Federal de Seguridad (DFS), de la Direcci\u00f3n de Investigaciones, Pol\u00edticas y Sociales; de las hemerotecas nacional y de la CDMX; del Archivo Hist\u00f3rico del Comit\u00e9 Eureka y otros.<\/p>\n\n\n\n<p class=\"wp-block-paragraph\">De las v\u00edctimas de represi\u00f3n omite los nombres deliberadamente y los enumera como V1 al V814. S\u00ed se relata que en los momentos de la violaci\u00f3n de sus derechos b\u00e1sicos eran estudiantes, maestros, campesinos, periodistas, acusados de comunistas bajo una estrategia planeada.<\/p>\n\n\n\n<p class=\"wp-block-paragraph\">Aparte de las decenas de testimonios que reproduce uno por uno, tambi\u00e9n refleja a otras personas insurrectas o civiles inocentes que sufrieron la represi\u00f3n en muchas formas. De cada caso se\u00f1ala cuales fueron los derechos violados por agentes del Estado.<\/p>\n\n\n\n<h2 class=\"wp-block-heading\"><strong>Las recomendaciones<\/strong><\/h2>\n\n\n\n<p class=\"wp-block-paragraph\">La recomendaci\u00f3n est\u00e1 dirigida, entre otras autoridades, a la Secretar\u00eda de Gobernaci\u00f3n, a la Secretar\u00eda de Hacienda y Cr\u00e9dito P\u00fablico, a la Secretar\u00eda de la Defensa Nacional, a la Fiscal\u00eda General de la Rep\u00fablica y a la Comisi\u00f3n para el Acceso a la Verdad, el Esclarecimiento Hist\u00f3rico y el Impulso a la Justicia de las violaciones graves a los derechos humanos cometidas de 1965 a 1990.<\/p>\n\n\n\n<p class=\"wp-block-paragraph\">Este trabajo, se precisa en un comunicado posterior \u201cno es una mera narrativa ni relator\u00eda de hechos, se trata de una investigaci\u00f3n seria, una compilaci\u00f3n de evidencias y pruebas que permitieron hacer la asignaci\u00f3n de responsabilidades de todas las autoridades que violaron derechos humanos en ese per\u00edodo, ya que, adem\u00e1s de los hechos mismos, se hizo la revisi\u00f3n de la Recomendaci\u00f3n 26\/2001, de los casos de las personas excluidas de la misma, as\u00ed como del trabajo de la FEMOSPP, abord\u00e1ndose en total los casos de 814 v\u00edctimas de quienes durante a\u00f1os se ocult\u00f3 su situaci\u00f3n.\u201d<\/p>\n\n\n\n<p class=\"wp-block-paragraph\">La recomendaci\u00f3n incluye un listado, \u201clo m\u00e1s completo que se pudo, de todos los perpetradores, violadores de derechos humanos entre 1965 y 1990. Y en esta ocasi\u00f3n, a diferencia de lo que pas\u00f3 con la recomendaci\u00f3n de 2001, es p\u00fablico, y se pone a disposici\u00f3n de la sociedad y de las autoridades para que realicen las acciones que correspondan\u201d.<\/p>\n\n\n\n<p class=\"wp-block-paragraph\">\u201cPor la ausencia de libertades y democracia, que caracterizaron al Estado mexicano durante una gran parte del siglo pasado, se reconoce a las guerrillas como grupo beligerante y no como delincuentes comunes, que fue como pretendieron eludir los gobiernos de la \u00e9poca su estrategia genocida, que tambi\u00e9n fue posible por muchas complicidades, de actores pol\u00edticos, econ\u00f3micos, religiosos y, sobre todo, de medios de comunicaci\u00f3n, que convirtieron la lucha pol\u00edtica en actos de bandoleros, actos de nota roja\u201d.<\/p>\n\n\n\n<p class=\"wp-block-paragraph\">En las recomendaciones se emplaza a todas las autoridades referidas para que en dos meses respondan la aceptaci\u00f3n o no de las recomendaciones. El plazo se cumplir\u00e1 el 18 de junio de 2023.<\/p>\n\n\n\n<h2 class=\"wp-block-heading\"><strong>El Caso V663<\/strong><\/h2>\n\n\n\n<p class=\"wp-block-paragraph\">En las recomendaciones solo se ubica a las v\u00edctimas con la consonante V de v\u00edctimas y el n\u00famero correspondiente a su aceptaci\u00f3n. Arturo Mart\u00ednez Nateras autoriz\u00f3 referir su caso y para ello \u00e9l se identific\u00f3 como el V633. Su caso es una sola muestra de tratos y da\u00f1os causados al total de las v\u00edctimas.<\/p>\n\n\n\n<p class=\"wp-block-paragraph\">De \u00e9l dice la recomendaci\u00f3n que, a pesar de que se han negado respuestas a oficios, se pudo confirmar que \u201csufri\u00f3 persecuci\u00f3n pol\u00edtica, espionaje, vigilancia y tratos crueles e inhumanos en diversas ocasiones entre la d\u00e9cada de los cincuenta y setenta del siglo pasado.<\/p>\n\n\n\n<figure class=\"wp-block-gallery has-nested-images columns-default is-cropped wp-block-gallery-1 is-layout-flex wp-block-gallery-is-layout-flex\">\n<figure class=\"wp-block-image size-large\"><a href=\"https:\/\/redsemlac.com\/semmexico\/wp-content\/uploads\/2023\/05\/IMAGEN-2.jpg\"><img loading=\"lazy\" decoding=\"async\" width=\"900\" height=\"400\" data-id=\"66201\" src=\"https:\/\/redsemlac.com\/semmexico\/wp-content\/uploads\/2023\/05\/IMAGEN-2.jpg\" alt=\"\" class=\"wp-image-66201\"\/><\/a><\/figure>\n\n\n\n<figure class=\"wp-block-image size-large\"><a href=\"https:\/\/redsemlac.com\/semmexico\/wp-content\/uploads\/2023\/05\/IMAGEN.jpg\"><img loading=\"lazy\" decoding=\"async\" width=\"720\" height=\"540\" data-id=\"66202\" src=\"https:\/\/redsemlac.com\/semmexico\/wp-content\/uploads\/2023\/05\/IMAGEN.jpg\" alt=\"\" class=\"wp-image-66202\"\/><\/a><\/figure>\n<\/figure>\n\n\n\n<p class=\"wp-block-paragraph\">\u201cEl 20 de julio de 1965 (cuando era l\u00edder estudiantil) comenz\u00f3 su persecuci\u00f3n pol\u00edtica, derivada de acciones de acoso por parte de los cuerpos de seguridad del Estado mexicano en la ciudad de Monterrey en Nuevo Le\u00f3n.<\/p>\n\n\n\n<p class=\"wp-block-paragraph\">\u201cOtro momento se dio el 6 de febrero de 1968 cuando nuevamente fue v\u00edctima de agresiones, amenazas e intimidaciones. Mientras se encontraba en La Marcha estudiantil por la ruta de la libertad, en Valle de Santiago, Guanajuato rumbo a Morelia, Michoac\u00e1n, en el tercer d\u00eda de la marcha, V663 y sus compa\u00f1eros fueron arribados por una brigada de militares al mando del Coronel Carlos Ferrer Villavicencio, quien los amenaz\u00f3 de la siguiente forma: \u201cO se suben a los autobuses o se los lleva su chingada madre\u201d.<\/p>\n\n\n\n<p class=\"wp-block-paragraph\">\u201cMeses m\u00e1s tarde, del 26 de mayo al 10 de noviembre de 1968 vivi\u00f3 persecuci\u00f3n pol\u00edtica debido a su participaci\u00f3n pol\u00edtica durante el movimiento estudiantil de ese m\u00edtico a\u00f1o. Los agentes de la DFS reportaron el 31 de julio de 1968 que, tres d\u00edas antes el 28 de julio 1968, el Procurador General de Justicia del entonces Distrito Federal ejerci\u00f3 acci\u00f3n penal contra V663 por su presunta responsabilidad en los delitos de da\u00f1o en propiedad ajena, robo, secuestro, resistencia de particulares, lesiones e injurias contra agentes de la autoridad y pandillerismo por los recientes motines estudiantiles. D\u00edas despu\u00e9s la Procuradur\u00eda General del D.F. lo consign\u00f3 por los delitos antes mencionados ante el Juez 8o. de la 3a. Corte Penal. El hostigamiento en su contra dur\u00f3 hasta que fue detenido y trasladado a la prisi\u00f3n de Lecumberri, donde estuvo detenido e incomunicado durante dos meses en la cruj\u00eda I.<\/p>\n\n\n\n<p class=\"wp-block-paragraph\">\u201cEl seguimiento y espionaje hacia V663 se debi\u00f3 a que fue dirigente de la Central Nacional de Estudiantes Democr\u00e1ticos y de la Juventud Comunista Mexicana, condici\u00f3n que provoc\u00f3 el acoso y vigilancia hacia su persona. El primero de enero de 1970, durante su reclusi\u00f3n en Lecumberri fue objeto de brutales agresiones por parte de los presos comunes. Estas acciones fueron realizadas bajo la aquiescencia y organizaci\u00f3n del General Andr\u00e9s Puentes Vargas y el Mayor Bernardo Palacio, principales responsables del penal como director y subdirector de \u00e9ste.<\/p>\n\n\n\n<p class=\"wp-block-paragraph\">\u201cA\u00f1o y medio despu\u00e9s, el 2 de octubre de 1971 fue enca\u00f1onado por polic\u00edas y soldados guardias del penal, despu\u00e9s de una manifestaci\u00f3n a favor del 2 de octubre de 1968 en el interior del centro de reclusi\u00f3n\u201d.<\/p>\n\n\n\n<p class=\"wp-block-paragraph\">\u201cAunque sali\u00f3 de la c\u00e1rcel, entre 1972 y 1979 nuevamente fue objeto de vigilancia, persecuci\u00f3n pol\u00edtica y tuvo varios intentos de detenci\u00f3n arbitraria. Este registro y seguimiento qued\u00f3 asentado en las m\u00faltiples fichas creadas por la DFS en su contra.\u201d<\/p>\n\n\n\n<p class=\"wp-block-paragraph\">Y como en todos los dem\u00e1s casos en este, en su expediente (CNDH\/PRE\/2021\/1857\/Q\/VG) se indican los nombres de los responsables de todo ello: Gustavo D\u00edaz Ordaz, presidente de la rep\u00fablica; Luis Echeverr\u00eda \u00c1lvarez, secretario de gobernaci\u00f3n: Gilberto Su\u00e1rez Torres; procurador de Justicia del DF y agente y exdirector de la DFS; Fernando Guti\u00e9rrez Barrios, director de la DFS; coronel Carlos Ferrer Villavicencio; general Andr\u00e9s Puentes Vargas y Mayor Bernardo Palacio director y subdirector de la Penitenciar\u00eda del DF, Lecumberri.<\/p>\n\n\n\n<p class=\"wp-block-paragraph\">La recomendaci\u00f3n m\u00e1s general de la CNDH sobre este y todos los casos es que se reconozca su calidad de v\u00edctimas, se agreguen como tal a los bancos de datos de la CEAV para que proceda la reparaci\u00f3n del da\u00f1o. Habremos de seguir las secuelas de estas recomendaciones, con especial inter\u00e9s a lo que responda la Secretar\u00eda de la Defensa Nacional. Mirada de reportero Nota.- La recomendaci\u00f3n se puede encontrar en <a href=\"https:\/\/www.cndh.org.mx\/documento\/recomendacion-por-violaciones-graves-98vg2023#:~:text=Sobre%20casos%20de%20Violaciones%20Graves,inter%C3%A9s%20superior%20de%20la%20ni%C3%B1ez\">https:\/\/www.cndh.org.mx\/documento\/recomendacion-por-violaciones-graves-98vg2023#:~:text=Sobre%20casos%20de%20Violaciones%20Graves,inter%C3%A9s%20superior%20de%20la%20ni%C3%B1ez<\/a><\/p>\n","protected":false},"excerpt":{"rendered":"<p>Hace recomendaciones para reparar el da\u00f1o al menos a 814 v\u00edctimas, la mayor\u00eda sobrevivientes.<\/p>\n","protected":false},"author":3,"featured_media":38348,"comment_status":"open","ping_status":"open","sticky":false,"template":"","format":"standard","meta":{"_monsterinsights_skip_tracking":false,"footnotes":""},"categories":[106,35,85],"tags":[],"class_list":["post-66200","post","type-post","status-publish","format-standard","has-post-thumbnail","category-mirada-de-reportero","category-opinion","category-rogelio-hernandez-lopez"],"_links":{"self":[{"href":"https:\/\/redsemlac.com\/semmexico\/wp-json\/wp\/v2\/posts\/66200","targetHints":{"allow":["GET"]}}],"collection":[{"href":"https:\/\/redsemlac.com\/semmexico\/wp-json\/wp\/v2\/posts"}],"about":[{"href":"https:\/\/redsemlac.com\/semmexico\/wp-json\/wp\/v2\/types\/post"}],"author":[{"embeddable":true,"href":"https:\/\/redsemlac.com\/semmexico\/wp-json\/wp\/v2\/users\/3"}],"replies":[{"embeddable":true,"href":"https:\/\/redsemlac.com\/semmexico\/wp-json\/wp\/v2\/comments?post=66200"}],"version-history":[{"count":0,"href":"https:\/\/redsemlac.com\/semmexico\/wp-json\/wp\/v2\/posts\/66200\/revisions"}],"wp:featuredmedia":[{"embeddable":true,"href":"https:\/\/redsemlac.com\/semmexico\/wp-json\/wp\/v2\/media\/38348"}],"wp:attachment":[{"href":"https:\/\/redsemlac.com\/semmexico\/wp-json\/wp\/v2\/media?parent=66200"}],"wp:term":[{"taxonomy":"category","embeddable":true,"href":"https:\/\/redsemlac.com\/semmexico\/wp-json\/wp\/v2\/categories?post=66200"},{"taxonomy":"post_tag","embeddable":true,"href":"https:\/\/redsemlac.com\/semmexico\/wp-json\/wp\/v2\/tags?post=66200"}],"curies":[{"name":"wp","href":"https:\/\/api.w.org\/{rel}","templated":true}]}}