{"id":6617,"date":"2019-02-18T03:13:52","date_gmt":"2019-02-18T03:13:52","guid":{"rendered":"https:\/\/redsemlac.com\/semmexico\/?p=6617"},"modified":"2023-07-21T14:47:09","modified_gmt":"2023-07-21T19:47:09","slug":"las-10-chuladas-del-napito","status":"publish","type":"post","link":"https:\/\/redsemlac.com\/semmexico\/las-10-chuladas-del-napito\/","title":{"rendered":"Las 10 chuladas del \u201cNapito\u201d"},"content":{"rendered":"\n<p class=\"wp-block-paragraph\">\u2022 Morena tiene a su \u00abNapito\u00bb en la flamante CSID (Confederaci\u00f3n Sindical Internacional Democr\u00e1tica)<\/p>\n\n\n\n<h5 class=\"wp-block-heading\"> \u2022 Uno de los l\u00edderes sindicales m\u00e1s cuestionados de la historia, Napole\u00f3n \u201cEl Napito\u201d G\u00f3mez Urrutia, ha anunciado la creaci\u00f3n de una central obrera alineada con el presidente AMLO.<\/h5>\n\n\n\n<p class=\"wp-block-paragraph\"><a href=\"https:\/\/semmexico.com\/gallery-post.php?id=7251#\">LA OPINI\u00d3N<\/a><\/p>\n\n\n\n<p class=\"wp-block-paragraph\"><strong>Carlos Loret de Mola<\/strong><\/p>\n\n\n\n<p class=\"wp-block-paragraph\">SemM\u00e9xico. 18 de febrero 2019.- Es bien sabido que hered\u00f3 el sindicato minero de su padre, Napol\u00e9on G\u00f3mez Sada. Lo que no se conoce tanto es la manera en c\u00f3mo ha ido usando y adaptando el Estatuto que rige esta organizaci\u00f3n para ejercer una franca dictadura.<\/p>\n\n\n\n<p class=\"wp-block-paragraph\">Empoderado por el nuevo gobierno, uno de los l\u00edderes sindicales m\u00e1s cuestionados de la historia, Napole\u00f3n \u201cEl Napito\u201d G\u00f3mez Urrutia, ha anunciado la creaci\u00f3n de una central obrera alineada con el presidente AMLO. Si el PRI tuvo a su Fidel Vel\u00e1zquez en la CTM, Morena tiene a su Napito en la flamante CSID (Confederaci\u00f3n Sindical Internacional Democr\u00e1tica). Lo que ha logrado es tan asombroso como fascinante:<\/p>\n\n\n\n<p class=\"wp-block-paragraph\">1.- Cre\u00f3 la figura de \u201cPresidente del sindicato\u201d. Naturalmente, \u00e9l fue nombrado.<\/p>\n\n\n\n<p class=\"wp-block-paragraph\">2.- Los estatutos del sindicato, cuya versi\u00f3n p\u00fablica puede consultarse en la p\u00e1gina web de la Secretar\u00eda del Trabajo, marcan en su art\u00edculo 23 que el Presidente tiene facultades de veto sobre cualquier decisi\u00f3n de cualquier otro \u00f3rgano, sea el Comit\u00e9 Ejecutivo Nacional (CEN) o el Consejo General de Vigilancia y Justicia (CGVJ).<\/p>\n\n\n\n<p class=\"wp-block-paragraph\">3.- Uno de los requisitos para ser candidato a Presidente es ser actualmente o haber sido Secretario General del CEN. Cuando la dirigencia de Napito aprob\u00f3 esta disposici\u00f3n, el \u00fanico que durante los \u00faltimos 40 a\u00f1os hab\u00eda tenido ese cargo era su padre\u2026 y ya hab\u00eda muerto.<\/p>\n\n\n\n<p class=\"wp-block-paragraph\">En s\u00edntesis, s\u00f3lo Napito puede ser Presidente. Amarr\u00f3 ser el n\u00famero uno\u2026 y ser el n\u00famero dos.<\/p>\n\n\n\n<p class=\"wp-block-paragraph\">4.- Reform\u00f3 el Estatuto para que (art\u00edculo 23) la destituci\u00f3n del Presidente, \u00fanica y exclusivamente pueda darse por decisi\u00f3n un\u00e1nime del CEN en conjunto con el CGVJ. Resulta que el Napito, adem\u00e1s de Presidente del sindicato, es Secretario General del CEN. As\u00ed que salvo que \u00e9l vote a favor de su propia destituci\u00f3n, nadie lo mueve de ah\u00ed.<\/p>\n\n\n\n<p class=\"wp-block-paragraph\">5.- Permanencia eterna. Art\u00edculo 43: \u201cel Presidente podr\u00e1 ser nombrado nuevamente hasta por tiempo indeterminado\u201d. O sea, ser\u00e1 el n\u00famero uno para siempre.<\/p>\n\n\n\n<p class=\"wp-block-paragraph\">6.- Tambi\u00e9n ser\u00e1 el n\u00famero dos para siempre: el mismo art\u00edculo 43 se lo permite. Y por si hiciera falta dejarlo claro, el art\u00edculo 220 dice que ning\u00fan integrante del CEN puede estar en el cargo m\u00e1s de seis a\u00f1os, excepto el Presidente \u201cel cual durar\u00e1 hasta por tiempo indeterminado\u201d.<\/p>\n\n\n\n<p class=\"wp-block-paragraph\">7.- \u00bfTransparencia? \u00bfRendici\u00f3n de cuentas? El art\u00edculo 40 expresa que s\u00f3lo puede auditarse la gesti\u00f3n \u201cen la inteligencia de que al concluir el t\u00e9rmino de su ejercicio sindical sin haberse denunciado falta alguna, dicha documentaci\u00f3n deber\u00e1 archivarse como caso terminado\u201d.<\/p>\n\n\n\n<p class=\"wp-block-paragraph\">Es la legalizaci\u00f3n del borr\u00f3n y cuenta nueva. Esto debe encantarle a ya saben qui\u00e9n.<\/p>\n\n\n\n<p class=\"wp-block-paragraph\">8.- Napito tiene control de los bienes del sindicato. Por ley, deben ser de los agremiados, pero el art\u00edculo 47 le da facultad para extender poderes y el art\u00edculo 353 dice que es \u201ca efecto de que el Presidente y\/o Secretario General pueda disponer de los bienes que regula esta disposici\u00f3n\u201d.<\/p>\n\n\n\n<p class=\"wp-block-paragraph\">9.- El art\u00edculo 146 dice que es obligaci\u00f3n de los sindicalizados asistir a las manifestaciones. Si no van, precisa la facci\u00f3n XXII, \u201cautom\u00e1ticamente dejar\u00e1 de ser socio o miembro del sindicato\u201d.<\/p>\n\n\n\n<p class=\"wp-block-paragraph\">10.- Y si el trabajador minero deja de pagar su mensualidad al sindicato, presenta una queja contra un funcionario sindical o incluso cambia de equipo deportivo sin autorizaci\u00f3n, le pueden suspender el empleo sin goce de sueldo hasta por 5 a\u00f1os.<\/p>\n\n\n\n<p class=\"wp-block-paragraph\">El presidente L\u00f3pez Obrador resucit\u00f3 pol\u00edticamente al Napito, le paviment\u00f3 el regreso a M\u00e9xico y le brind\u00f3 la protecci\u00f3n del Senado. Al mismo tiempo dice que en su sexenio habr\u00e1 democracia sindical.<\/p>\n\n\n\n<p class=\"wp-block-paragraph\"><em>historiasreportero@gmail.com<\/em><\/p>\n","protected":false},"excerpt":{"rendered":"<p>\u2022 Morena tiene a su \u00abNapito\u00bb en la flamante CSID (Confederaci\u00f3n Sindical Internacional Democr\u00e1tica) \u2022 Uno de los l\u00edderes sindicales m\u00e1s cuestionados de la historia, Napole\u00f3n \u201cEl Napito\u201d G\u00f3mez Urrutia, ha anunciado la creaci\u00f3n de una central obrera alineada con el presidente AMLO. LA OPINI\u00d3N Carlos Loret de Mola SemM\u00e9xico. 18 de febrero 2019.- Es [&hellip;]<\/p>\n","protected":false},"author":3,"featured_media":6618,"comment_status":"open","ping_status":"open","sticky":false,"template":"","format":"standard","meta":{"_monsterinsights_skip_tracking":false,"footnotes":""},"categories":[690,82],"tags":[],"class_list":["post-6617","post","type-post","status-publish","format-standard","has-post-thumbnail","category-690","category-la-opinion"],"_links":{"self":[{"href":"https:\/\/redsemlac.com\/semmexico\/wp-json\/wp\/v2\/posts\/6617","targetHints":{"allow":["GET"]}}],"collection":[{"href":"https:\/\/redsemlac.com\/semmexico\/wp-json\/wp\/v2\/posts"}],"about":[{"href":"https:\/\/redsemlac.com\/semmexico\/wp-json\/wp\/v2\/types\/post"}],"author":[{"embeddable":true,"href":"https:\/\/redsemlac.com\/semmexico\/wp-json\/wp\/v2\/users\/3"}],"replies":[{"embeddable":true,"href":"https:\/\/redsemlac.com\/semmexico\/wp-json\/wp\/v2\/comments?post=6617"}],"version-history":[{"count":0,"href":"https:\/\/redsemlac.com\/semmexico\/wp-json\/wp\/v2\/posts\/6617\/revisions"}],"wp:featuredmedia":[{"embeddable":true,"href":"https:\/\/redsemlac.com\/semmexico\/wp-json\/wp\/v2\/media\/6618"}],"wp:attachment":[{"href":"https:\/\/redsemlac.com\/semmexico\/wp-json\/wp\/v2\/media?parent=6617"}],"wp:term":[{"taxonomy":"category","embeddable":true,"href":"https:\/\/redsemlac.com\/semmexico\/wp-json\/wp\/v2\/categories?post=6617"},{"taxonomy":"post_tag","embeddable":true,"href":"https:\/\/redsemlac.com\/semmexico\/wp-json\/wp\/v2\/tags?post=6617"}],"curies":[{"name":"wp","href":"https:\/\/api.w.org\/{rel}","templated":true}]}}