{"id":6601,"date":"2019-04-07T03:05:58","date_gmt":"2019-04-07T03:05:58","guid":{"rendered":"https:\/\/redsemlac.com\/semmexico\/?p=6601"},"modified":"2023-07-21T14:47:42","modified_gmt":"2023-07-21T19:47:42","slug":"estado-misoginia-y-transformacion-social","status":"publish","type":"post","link":"https:\/\/redsemlac.com\/semmexico\/estado-misoginia-y-transformacion-social\/","title":{"rendered":"Estado, misoginia y transformaci\u00f3n social"},"content":{"rendered":"\n<p class=\"wp-block-paragraph\">A todos los presidentes y pol\u00edticos los hemos tenido que convencer de la utilidad y necesidad de apoyar a las mujeres con medidas que permitan alcanzar la igualdad.<\/p>\n\n\n\n<h5 class=\"wp-block-heading\"> \u2022 Las feministas defensoras de derechos humanos nos interrogamos acerca de c\u00f3mo lograremos detener la violencia contra las mujeres.<\/h5>\n\n\n\n<p class=\"wp-block-paragraph\"><a href=\"https:\/\/semmexico.com\/gallery-post.php?id=7825#\">LA OPINI\u00d3N<\/a><\/p>\n\n\n\n<p class=\"wp-block-paragraph\"><strong>Rub\u00ed de Mar\u00eda G\u00f3mez Campos<\/strong><\/p>\n\n\n\n<p class=\"wp-block-paragraph\">SemM\u00e9xico. 07 de abril de 2019.- Desde que Andr\u00e9s&nbsp; Manuel L\u00f3pez Obrador comenz\u00f3 a desconocer las demandas y las luchas sociales de las mujeres, muchas de sus muchos votantes -quienes no sab\u00edamos ni supimos nunca, al menos por su discurso (s\u00ed por el e sus cr\u00edticos que entre muchas otras cosas le llamaban mis\u00f3gino)- supimos que las mujeres \u00e9ramos consideradas parte de sus enemigos. La mayor\u00eda de quienes luchamos por mantener a flote la seguridad, la vida y la dignidad que nos fue escamoteada durante mucho tiempo, desde cada trinchera cotidiana que encontramos para poder enfrentar las consecuencias de una violencia interminable -que no se reconoce en su profundo v\u00ednculo con la estructura de dominio de cualquier tipo- pensamos que nuestra coincidencia con sus cr\u00edticas al autoritarismo, antes de ser presidente, eran garant\u00eda suficiente para poder ser atendidas y escuchadas.<\/p>\n\n\n\n<p class=\"wp-block-paragraph\">AMLO nunca se pronunci\u00f3 a favor de las mujeres, eso es cierto, pero tampoco declar\u00f3 en ning\u00fan momento su animadversi\u00f3n a un compromiso por la transformaci\u00f3n social y la justicia para las mujeres: m\u00e1s de la mitad de la poblaci\u00f3n total distribuida en todas las esferas sociales, incluida la clase de los pobres a los que \u00e9l dice ser tan afecto. La diferencia entre hombres y mujeres en las clases m\u00e1s despose\u00eddas es que las mujeres pobres tienen que soportar, adem\u00e1s de la pobreza y otras desigualdades como la derivada de la etnicidad, la ancestral carga del machismo con el que el var\u00f3n se libera del sentimiento de opresi\u00f3n que, por otra parte, &nbsp;soporta estoicamente. Ya Simone de Beauvoir explicaba la relaci\u00f3n entre todas las formas de desigualdad (\u00e9tnica, de clase y de g\u00e9nero) y la manera en la que el machismo sirve para sostener la opresi\u00f3n: \u201cUno de los beneficios que la opresi\u00f3n asegura a los opresores es que el m\u00e1s humilde de ellos se siente superior: un \u2018pobre blanco\u2019 del sur de Estados Unidos tiene el consuelo de decirse que no es un \u2018sucio negro\u2019, y los blancos m\u00e1s afortunados explotan h\u00e1bilmente ese orgullo. De igual modo, el m\u00e1s mediocre de los machos se considera un semidi\u00f3s ante las mujeres\u201d, y ello le permite soportar su propia y extenuante experiencia de dominaci\u00f3n.<\/p>\n\n\n\n<p class=\"wp-block-paragraph\">Es precisamente ante este fen\u00f3meno de desigualdad extrema que viven las mujeres pobres trabajadoras, las madres trabajadoras solas; no los padres de familia en abstracto (masculino gen\u00e9rico que invisibiliza a las madres) como gusta llamar el Gobierno Federal a las usuarias del programa de Estancias Infantiles para Madres Trabajadoras (as\u00ed se llama o llamaba el programa en cuesti\u00f3n); quienes ilustran la cifra de m\u00e1s de la tercera parte de la poblaci\u00f3n representada en el indicador: \u201chogares jefaturados por mujeres\u201d. Ya lo he dicho, el horizonte en el que surgi\u00f3 la demanda de Estancias infantiles fue la urgente necesidad de mujeres trabajadoras agr\u00edcolas migrantes, quienes son explotadas y hacinadas en campamentos aislados y sin redes familiares de apoyo. El cuidado de las y los ni\u00f1os en familias integradas con presencia del progenitor masculino, o con recursos econ\u00f3micos suficientes, es resuelto generalmente con estancias p\u00fablicas y sobre todo privadas.<\/p>\n\n\n\n<p class=\"wp-block-paragraph\">En este caso, si hay corrupci\u00f3n -como se presume que hay en otros programas- en un programa vigilado y coordinado por tres instituciones: El DIF, SEDESOL (hoy Secretar\u00eda de Bienestar) y Protecci\u00f3n Civil, ello es responsabilidad del funcionariado no de los infantes o de las madres beneficiarias, ni necesariamente de las prestadoras de servicio. Por otra parte, no considerar todos los aspectos y beneficios de \u00e9ste, ni de cualquier otro programa, antes de tomar decisiones es falsear el sentido de la verdad y tratar de imponer ideas preconcebidas a una sociedad que, si bien ha soportado el peso de gobiernos corruptos e ineficientes, tampoco ha permanecido inerte. El combate al autoritarismo se ha ejercido permanentemente desde muchos frentes. Evidentemente es necesario continuar. El presidente es capaz de escuchar a grupos religiosos como no lo ha hecho con las madres trabajadoras, a las que ni siquiera menciona.<\/p>\n\n\n\n<p class=\"wp-block-paragraph\">Sin embargo no hay nada nuevo de qu\u00e9 preocuparse. Es s\u00f3lo una batalla m\u00e1s. Ya hemos enfrentado a otras fuerzas pol\u00edticas. Por ello siempre que escuch\u00e9 -y cada vez m\u00e1s escucho- cr\u00edticas a la misoginia de AMLO, he contestado que supongo que s\u00ed pero que no es el \u00fanico. A todos los presidentes y pol\u00edticos los hemos tenido que convencer de la utilidad y necesidad de apoyar a las mujeres con medidas que permitan alcanzar la igualdad. En verdad la obligaci\u00f3n de los gobiernos con el desarrollo humano s\u00f3lo ha sido aceptada y asumida cuando hemos demostrado el valor que para el mismo Estado tiene la justicia. Los m\u00ednimos avances y los logros nunca nos fueron regalados, trabajamos por ellos y debemos continuar haci\u00e9ndolo. Pero hoy que, m\u00e1s que nunca, necesitamos de aliados con \u00e1nimo de justicia ante la misoginia creciente, nos hemos ido viendo cada vez m\u00e1s reducidas a la impotencia. Ni nuestras aliadas feministas ni nuestros aliados dem\u00f3cratas dentro del gobierno han podido hacer algo para detener nuevas formas de injusticia hacia mujeres solas trabajadoras y v\u00edctimas de violencia.<\/p>\n\n\n\n<p class=\"wp-block-paragraph\">Las feministas defensoras de derechos humanos nos interrogamos acerca de c\u00f3mo lograremos detener la violencia contra las mujeres, en un contexto en el que hasta el suicidio de uno parece m\u00e1s dram\u00e1tico e inadmisible que la muerte y la indignidad en la que viven otras miles. Si antes, como ahora, la violencia contra las mujeres no se denuncia es debido a la ineficiencia, inconsciencia, insensibilidad y falta de profesionalizaci\u00f3n de los servidores p\u00fablicos, quienes re-victimizan a las denunciantes con su indiferencia, ignorancia, prejuicios, groser\u00edas, y en muchos casos su complicidad directa. La raz\u00f3n de las denuncias p\u00fablicas es \u00e9sta y no podemos ignorarla. Por ende no podemos pedirle mesura al movimiento social del #MeToo.<\/p>\n\n\n\n<p class=\"wp-block-paragraph\">La misoginia en la sociedad es un flagelo capaz de producir y mantener durante d\u00e9cadas crisis de seguridad ciudadana como la que M\u00e9xico ha vivido, una tragedia, un l\u00edmite formidable para el desarrollo de cualquier pueblo. Pero una misoginia de Estado es absolutamente imperdonable, insostenible. No es posible a\u00f1adir, a todas las formas de violencia que las mujeres en el siglo XXI sufren, la violencia institucional que con dificultad hemos estado conteniendo.<\/p>\n\n\n\n<p class=\"wp-block-paragraph\">El acoso sexual como el feminicidio, la violencia dom\u00e9stica, laboral o social que padecemos, no afecta s\u00f3lo a las v\u00edctimas directas o indirectas, es un tsunami imperceptible que desestabiliza todo el orden social y es capaz de impactar en la econom\u00eda de los pa\u00edses, que ven disminuidos sus ingresos&nbsp;<em>per c\u00e1pita<\/em>a causa de la violencia de g\u00e9nero.<\/p>\n\n\n\n<p class=\"wp-block-paragraph\">En el tema de seguridad ciudadana y acceso de mujeres a la justicia, adem\u00e1s de la obligaci\u00f3n de crear programas integrales con base en informaci\u00f3n y con conocimiento profundo de las causas de los problemas, es necesario combatir directamente la impunidad que circunda los asesinatos de mujeres. Mientras no se combata la misoginia institucionalizada en los espacios de administraci\u00f3n y procuraci\u00f3n de la justicia \u2013no s\u00f3lo con procesos de capacitaci\u00f3n (sensibilizaci\u00f3n y profesionalizaci\u00f3n) del personal, sino con una depuraci\u00f3n precisa y sistem\u00e1tica de los cuerpos de seguridad (como se establece en las observaciones planteadas al 9\u00ba informe de la CEDAW)- el Estado seguir\u00e1 asumiendo la representaci\u00f3n de un Estado feminicida, ya que la impunidad que caracteriza el delito de feminicidio lo configura como un delito de Estado que vulnera los derechos humanos de todas las ciudadanas.<\/p>\n\n\n\n<p class=\"wp-block-paragraph\">La corrupci\u00f3n que debe erradicarse no solamente es econ\u00f3mica, la corrupci\u00f3n moral, educativa, cultural es la m\u00e1s destructiva. La misoginia invisible del Estado es la principal causa del declive moral y el principal sost\u00e9n de la desigualdad econ\u00f3mica y social. Las feministas, defensoras de los derechos humanos, seguiremos trabajando desde la alegr\u00eda de la cr\u00edtica y en la trinchera que podamos, con el \u00e1nimo de que la cuarta transformaci\u00f3n no sea s\u00f3lo una parte, sino una soluci\u00f3n, de todos los problemas que aquejan a M\u00e9xico, para dise\u00f1ar colectivamente un futuro de democracia, dignidad, justicia y de igualdad.<\/p>\n","protected":false},"excerpt":{"rendered":"<p>A todos los presidentes y pol\u00edticos los hemos tenido que convencer de la utilidad y necesidad de apoyar a las mujeres con medidas que permitan alcanzar la igualdad. \u2022 Las feministas defensoras de derechos humanos nos interrogamos acerca de c\u00f3mo lograremos detener la violencia contra las mujeres. LA OPINI\u00d3N Rub\u00ed de Mar\u00eda G\u00f3mez Campos SemM\u00e9xico. [&hellip;]<\/p>\n","protected":false},"author":3,"featured_media":6602,"comment_status":"open","ping_status":"open","sticky":false,"template":"","format":"standard","meta":{"_monsterinsights_skip_tracking":false,"footnotes":""},"categories":[690,82],"tags":[],"class_list":["post-6601","post","type-post","status-publish","format-standard","has-post-thumbnail","category-690","category-la-opinion"],"_links":{"self":[{"href":"https:\/\/redsemlac.com\/semmexico\/wp-json\/wp\/v2\/posts\/6601","targetHints":{"allow":["GET"]}}],"collection":[{"href":"https:\/\/redsemlac.com\/semmexico\/wp-json\/wp\/v2\/posts"}],"about":[{"href":"https:\/\/redsemlac.com\/semmexico\/wp-json\/wp\/v2\/types\/post"}],"author":[{"embeddable":true,"href":"https:\/\/redsemlac.com\/semmexico\/wp-json\/wp\/v2\/users\/3"}],"replies":[{"embeddable":true,"href":"https:\/\/redsemlac.com\/semmexico\/wp-json\/wp\/v2\/comments?post=6601"}],"version-history":[{"count":0,"href":"https:\/\/redsemlac.com\/semmexico\/wp-json\/wp\/v2\/posts\/6601\/revisions"}],"wp:featuredmedia":[{"embeddable":true,"href":"https:\/\/redsemlac.com\/semmexico\/wp-json\/wp\/v2\/media\/6602"}],"wp:attachment":[{"href":"https:\/\/redsemlac.com\/semmexico\/wp-json\/wp\/v2\/media?parent=6601"}],"wp:term":[{"taxonomy":"category","embeddable":true,"href":"https:\/\/redsemlac.com\/semmexico\/wp-json\/wp\/v2\/categories?post=6601"},{"taxonomy":"post_tag","embeddable":true,"href":"https:\/\/redsemlac.com\/semmexico\/wp-json\/wp\/v2\/tags?post=6601"}],"curies":[{"name":"wp","href":"https:\/\/api.w.org\/{rel}","templated":true}]}}