{"id":6597,"date":"2019-04-10T03:02:44","date_gmt":"2019-04-10T03:02:44","guid":{"rendered":"https:\/\/redsemlac.com\/semmexico\/?p=6597"},"modified":"2023-07-21T14:48:13","modified_gmt":"2023-07-21T19:48:13","slug":"el-lince-acoso-en-la-uv","status":"publish","type":"post","link":"https:\/\/redsemlac.com\/semmexico\/el-lince-acoso-en-la-uv\/","title":{"rendered":"EL LINCE: ACOSO EN LA UV"},"content":{"rendered":"\n<p class=\"wp-block-paragraph\">*En el 2018 se llev\u00f3 a cabo la \u201cCaravana contra el acoso escolar y el hostigamiento sexual\u201d.<\/p>\n\n\n\n<h5 class=\"wp-block-heading\"> *El hashtag ha sido utilizado por m\u00e1s de quinientas mil personas, se extendi\u00f3 en al menos 85 pa\u00edses, incluyendo M\u00e9xico, levantando gran revuelo.<\/h5>\n\n\n\n<p class=\"wp-block-paragraph\"><a href=\"https:\/\/semmexico.com\/gallery-post.php?id=7858#\">LA OPINI\u00d3N<\/a><\/p>\n\n\n\n<p class=\"wp-block-paragraph\"><strong>C\u00e9sar A. V\u00e1zquez Lince<\/strong><\/p>\n\n\n\n<p class=\"wp-block-paragraph\">SemM\u00e9xico. 10 de abril 2019.-&nbsp;El movimiento #MeToo surgi\u00f3 en octubre del 2017 de un reportaje en&nbsp;<em>The New York Times<\/em>&nbsp;en el que revel\u00f3 m\u00faltiples acusaciones de agresi\u00f3n y acoso sexual contra el productor de cine Harvey Weinstein. La frase se populariza gracias a Alyssa Milano, qui\u00e9n anim\u00f3 a las mujeres a tuitear sus experiencias.<\/p>\n\n\n\n<p class=\"wp-block-paragraph\">El&nbsp;<em>hashtag<\/em>&nbsp;ha sido utilizado por m\u00e1s de quinientas mil personas, se extendi\u00f3 en al menos 85 pa\u00edses, incluyendo M\u00e9xico, levantando gran revuelo.&nbsp;<\/p>\n\n\n\n<p class=\"wp-block-paragraph\">En la Athenas Veracruzana y desde hace un tiempo, en su m\u00e1xima casa de estudios la Universidad Veracruzana, las estudiantes han estado denunciado el acoso por parte de los profesores.<\/p>\n\n\n\n<p class=\"wp-block-paragraph\">En el 2017, durante una pl\u00e1tica impartida por una academia, j\u00f3venes de diferentes facultades hablaron de las agresiones que sufrieron y de la nula respuesta que han tenido de parte de las autoridades universitarias y de la propia Fiscal\u00eda General del Estado (FGE).<\/p>\n\n\n\n<p class=\"wp-block-paragraph\">Expusieron que en algunos casos se han callado por miedo al poder que tiene el docente. Ese mismo a\u00f1o durante una entrevista Esther Hern\u00e1ndez Palacios quien fuera Coordinadora de la Unidad de G\u00e9nero reconoci\u00f3 que el acoso sexual por parte de los profesores hacia las estudiantes sigue siendo una realidad en la Universidad Veracruzana.<\/p>\n\n\n\n<p class=\"wp-block-paragraph\">En el 2018 se llev\u00f3 a cabo la \u201cCaravana contra el acoso escolar y el hostigamiento sexual\u201d realizaron denuncias de los diversos tipos de violencia que han sido objeto por parte de maestros y compa\u00f1eros.<\/p>\n\n\n\n<p class=\"wp-block-paragraph\">Tambi\u00e9n en el mismo a\u00f1o a trav\u00e9s de un comunicado, la Red de Mujeres Feministas de Veracruz (REMUFEVER) se pronunciaron respecto a los casos de acoso. Se\u00f1alaron que hay casos donde los sindicatos protegen al personal que caen en actos de acoso y hostigamiento sexual en contra de las mujeres de la comunidad universitaria, y&nbsp; citaron que la Unidad de G\u00e9nero hizo caso omiso de sus denuncias, incluso neg\u00e1ndose a recibirlas por cuestiones administrativas, en un evidente intento por negar la problem\u00e1tica. Responsabilizaban a Sara Ladr\u00f3n de Guevara de minimizar los casos y de llamar a denunciar, sin tomar en cuenta que las denunciantes no cuentan con la atenci\u00f3n ni el apoyo necesarios, ignorando sus derechos fundamentales como v\u00edctimas.<\/p>\n\n\n\n<p class=\"wp-block-paragraph\">El caso m\u00e1s reciente Karla Pino, estudiante de M\u00fasica de la Universidad Veracruzana (UV), interpuso una denuncia ante la Fiscal\u00eda General del Estado (FGE), pues dijo haber sido v\u00edctima de acoso sexual por parte de su profesor de Percusiones.<\/p>\n\n\n\n<p class=\"wp-block-paragraph\">Karla tambi\u00e9n puso la queja en la Unidad de G\u00e9nero de la UV y dirigi\u00f3 un oficio a la rectora Sara Ladr\u00f3n de Guevara Gonz\u00e1lez, solicit\u00e1ndole una audiencia pero fue ignorada.<\/p>\n\n\n\n<p class=\"wp-block-paragraph\">La rectora en entrevista no quiso manifestar si el caso de acoso es real, ser\u00e1 la Unidad de G\u00e9nero y la Unidad de la Defensor\u00eda de los Derechos Universitarios las que tendr\u00e1n que emitir un resultado. &nbsp;<\/p>\n\n\n\n<p class=\"wp-block-paragraph\">Pero \u00bfC\u00f3mo podemos confiar en su resoluci\u00f3n, si hist\u00f3ricamente la Unidad de Genero al igual que la Rectora han hecho caso omiso y se han negado a recibirlas?.&nbsp;<\/p>\n\n\n\n<p class=\"wp-block-paragraph\">Se sobre entiende que hay un contubernio por defender a los decanos que caen en estas pr\u00e1cticas, lo cual es ir\u00f3nico ya que siendo mujer, Sara Ladr\u00f3n de Guevara deber\u00eda ser la primera en tener inter\u00e9s en sentenciar estas acciones. Y de no ser por la presi\u00f3n social y la denuncia publica de la joven Karla Pino, este ser\u00eda un caso m\u00e1s en el olvido en la administraci\u00f3n de Ladr\u00f3n de Guevara.<\/p>\n\n\n\n<p class=\"wp-block-paragraph\"><strong>SALSEO POL\u00cdTICO&nbsp;<\/strong><\/p>\n\n\n\n<p class=\"wp-block-paragraph\"><strong>LA V\u00cdCTIMA, SOY YO<\/strong><\/p>\n\n\n\n<p class=\"wp-block-paragraph\">La victimizaci\u00f3n es una conducta sumamente repetida a lo largo de la humanidad. pol\u00edticos, empresarios y personas comunes.<\/p>\n\n\n\n<p class=\"wp-block-paragraph\">El que juega el rol de v\u00edctima eluden por completo y premeditadamente su rol de responsable de las situaciones de la vida. Cuentan s\u00f3lo la parte de la informaci\u00f3n que los favorece en su puesta en escena; crean situaciones muy alejadas de la realidad objetiva. Crea conspiraciones permanentemente, ve fantasmas donde no los hay, inventa historias, crea situaciones.&nbsp; La din\u00e1mica de la v\u00edctima. Totalmente opuesta a la responsabilidad, que es la \u201chabilidad para responder\u201d ante cada situaci\u00f3n que se presenta.<\/p>\n\n\n\n<p class=\"wp-block-paragraph\"><strong>\u00bfA qui\u00e9n les suena esta descripci\u00f3n?<\/strong><\/p>\n\n\n\n<p class=\"wp-block-paragraph\">Encaja perfectamente con el Alcalde de Xalapa, Pedro Hip\u00f3lito Rodriguez Herrero quien ha sido un mal gobernante aunque le cueste reconocerlo.<\/p>\n\n\n\n<p class=\"wp-block-paragraph\">Al estilo de Luis XIV con su celebre frase el \u201cEl Estado, Soy Yo\u201d Hip\u00f3lito ha adoptado una postura de \u201cLa Victima, Soy Yo\u201d<\/p>\n\n\n\n<p class=\"wp-block-paragraph\">Ya que nunca acepta su responsabilidad en los temas que aquejan a la capital, en su razonamiento todos los medios est\u00e1n en una campa\u00f1a en su contra, culpa la prensa de su falta de resultados.<\/p>\n\n\n\n<p class=\"wp-block-paragraph\">Pero la verdad es que gracias a su mala administraci\u00f3n Xalapa es un foco rojo para MORENA. Si su partido afilaron pierde el ayuntamiento \u00bfQu\u00e9 alegar\u00e1 entonces?<\/p>\n\n\n\n<p class=\"wp-block-paragraph\">\u00bfQu\u00e9 son los ciudadanos los que tienen una campa\u00f1a en su contra?<\/p>\n\n\n\n<p class=\"wp-block-paragraph\">S\u00f3lo un ejemplo, a principio de a\u00f1o el Ayuntamiento regreso a la Federaci\u00f3n 15 millones de pesos que estaban destinados a Obra Publica, sin embargo invertir\u00e1n 15 millones de pesos de su propio presupuesto para la construcci\u00f3n de una cafeter\u00eda en el palacio municipal para sus trabajadores.<br><br>\u00bfNo es esto una incongruencia, con tanta obra que se necesita en las colonias?&nbsp;<\/p>\n\n\n\n<p class=\"wp-block-paragraph\">Web:&nbsp;<a href=\"http:\/\/www.ellince.mx\/\" target=\"_blank\" rel=\"noreferrer noopener\">www.ellince.mx<\/a><\/p>\n\n\n\n<p class=\"wp-block-paragraph\">E-Mail:&nbsp;<a href=\"mailto:ellincexalapa@gmai.com\" target=\"_blank\" rel=\"noreferrer noopener\">ellincexalapa@gmai.com<\/a><\/p>\n\n\n\n<p class=\"wp-block-paragraph\">Twitter: @Cesar_Lince \/ @ElLince.Mx<\/p>\n\n\n\n<p class=\"wp-block-paragraph\">Faceboook:&nbsp;<a href=\"https:\/\/www.facebook.com\/ellince.mx\/\" target=\"_blank\" rel=\"noreferrer noopener\">https:\/\/www.facebook.com\/ellince.mx\/<\/a><\/p>\n","protected":false},"excerpt":{"rendered":"<p>*En el 2018 se llev\u00f3 a cabo la \u201cCaravana contra el acoso escolar y el hostigamiento sexual\u201d. *El hashtag ha sido utilizado por m\u00e1s de quinientas mil personas, se extendi\u00f3 en al menos 85 pa\u00edses, incluyendo M\u00e9xico, levantando gran revuelo. LA OPINI\u00d3N C\u00e9sar A. V\u00e1zquez Lince SemM\u00e9xico. 10 de abril 2019.-&nbsp;El movimiento #MeToo surgi\u00f3 en [&hellip;]<\/p>\n","protected":false},"author":3,"featured_media":6598,"comment_status":"open","ping_status":"open","sticky":false,"template":"","format":"standard","meta":{"_monsterinsights_skip_tracking":false,"footnotes":""},"categories":[690,82],"tags":[],"class_list":["post-6597","post","type-post","status-publish","format-standard","has-post-thumbnail","category-690","category-la-opinion"],"_links":{"self":[{"href":"https:\/\/redsemlac.com\/semmexico\/wp-json\/wp\/v2\/posts\/6597","targetHints":{"allow":["GET"]}}],"collection":[{"href":"https:\/\/redsemlac.com\/semmexico\/wp-json\/wp\/v2\/posts"}],"about":[{"href":"https:\/\/redsemlac.com\/semmexico\/wp-json\/wp\/v2\/types\/post"}],"author":[{"embeddable":true,"href":"https:\/\/redsemlac.com\/semmexico\/wp-json\/wp\/v2\/users\/3"}],"replies":[{"embeddable":true,"href":"https:\/\/redsemlac.com\/semmexico\/wp-json\/wp\/v2\/comments?post=6597"}],"version-history":[{"count":0,"href":"https:\/\/redsemlac.com\/semmexico\/wp-json\/wp\/v2\/posts\/6597\/revisions"}],"wp:featuredmedia":[{"embeddable":true,"href":"https:\/\/redsemlac.com\/semmexico\/wp-json\/wp\/v2\/media\/6598"}],"wp:attachment":[{"href":"https:\/\/redsemlac.com\/semmexico\/wp-json\/wp\/v2\/media?parent=6597"}],"wp:term":[{"taxonomy":"category","embeddable":true,"href":"https:\/\/redsemlac.com\/semmexico\/wp-json\/wp\/v2\/categories?post=6597"},{"taxonomy":"post_tag","embeddable":true,"href":"https:\/\/redsemlac.com\/semmexico\/wp-json\/wp\/v2\/tags?post=6597"}],"curies":[{"name":"wp","href":"https:\/\/api.w.org\/{rel}","templated":true}]}}