{"id":6593,"date":"2019-04-25T02:59:32","date_gmt":"2019-04-25T02:59:32","guid":{"rendered":"https:\/\/redsemlac.com\/semmexico\/?p=6593"},"modified":"2023-07-21T14:48:43","modified_gmt":"2023-07-21T19:48:43","slug":"por-la-cuarta","status":"publish","type":"post","link":"https:\/\/redsemlac.com\/semmexico\/por-la-cuarta\/","title":{"rendered":"Por la Cuarta"},"content":{"rendered":"\n<p class=\"wp-block-paragraph\">Definitivamente lograr la autoestima es hacer la revoluci\u00f3n<\/p>\n\n\n\n<h5 class=\"wp-block-heading\"> Entre la Autoestima y el Bistur\u00ed<\/h5>\n\n\n\n<p class=\"wp-block-paragraph\"><a href=\"https:\/\/semmexico.com\/gallery-post.php?id=7972#\">LA OPINI\u00d3N<\/a><\/p>\n\n\n\n<p class=\"wp-block-paragraph\"><strong>Enriqueta Burelo Melgar<\/strong><\/p>\n\n\n\n<p class=\"wp-block-paragraph\">SemM\u00e9xico. 25 de abril 2019.- Hablar de autoestima femenina en esta \u00e9poca y en cualquier \u00e9poca no es f\u00e1cil, las mujeres hemos vivido en raz\u00f3n a modelos externos que nos marcan el c\u00f3mo ser, c\u00f3mo actuar, c\u00f3mo vestirnos y nos vamos quedando atrapadas en un mundo que nos es nuestro, que nos recuerda el libro de Ira Levin, transformado en la pel\u00edcula Las esposas de Stepford, un argumento ciertamente interesante: mediante la biotecnolog\u00eda es posible reprogramar a mujeres exitosas y competitivas, para transformarlas en el ideal de esposa americana, ardiente y servicial.<\/p>\n\n\n\n<p class=\"wp-block-paragraph\">Por otra parte, en un mundo donde el cirujano pl\u00e1stico es el rey de reyes, y donde las operaciones donde nos acomodan bandas, nos cortan un pedazo de est\u00f3mago para que recobremos nuestro peso juvenil, quienes alguna vez fuimos varitas de nardo o&nbsp; dan vida a nuevos cuerpos para quienes han vivido atrapadas entre el sobrepeso y la obesidad m\u00f3rbida, ha hecho que alguien con crueldad y cinismo diga: \u201cno hay mujeres feas, solo pobres\u201d ya que estas operaciones no est\u00e1n incluidas en el Seguro Popular.<\/p>\n\n\n\n<p class=\"wp-block-paragraph\">Por otra parte nosotras, mujeres feministas, con m\u00e1s o menos \u00e9xito profesional y con cierta autonom\u00eda, que vamos entre los vaivenes de lo f\u00e1cil, de la compra de la crema de ingredientes m\u00e1gicos o los masajes de a 18 meses sin intereses, leemos a Marcela Lagarde, y nos preguntamos: \u00bfSentimos empat\u00eda hacia nosotras y somos capaces de valorarnos aunque no encajemos con el simb\u00f3lico prevaleciente en el mundo? \u00bfSomos capaces de hurgar donde sea para encontrar con quienes s\u00ed encajamos y vinculamos para sentirlo? \u00bfTenemos juicios propios y valores surgidos de nuestra experiencia o nos regimos por los valores vigentes y los juicios de las otras y los otros?<\/p>\n\n\n\n<p class=\"wp-block-paragraph\">\u00bfQu\u00e9 nos enoja o entristece de nosotras mismas? \u00bfQu\u00e9 nos enternece y conmueve, y qu\u00e9 nos moviliza para damos apoyo? \u00bfQu\u00e9 tanto conocemos nuestras necesidades m\u00e1s urgentes, y c\u00f3mo reaccionamos ante ellas? \u00bfPor qu\u00e9 posponemos lo que m\u00e1s necesitamos o qu\u00e9 nos hace anticipar a la necesidad misma? \u00bfD\u00f3nde radica el goce de ser? \u00bfQu\u00e9 nos hace sentir vulnerables? \u00bfEn qu\u00e9 reducto anidan el des\u00e1nimo, el abandono y el desaliento? \u00bfEn qu\u00e9 signos depositamos nuestra confianza? \u00bfQu\u00e9 valoramos de nuestra persona?<\/p>\n\n\n\n<p class=\"wp-block-paragraph\">Reconocer la autoestima, como amor a s\u00ed misma y como amor propio, es tan dif\u00edcil como hacernos la liposucci\u00f3n o una cirug\u00eda pl\u00e1stica, corremos riesgos, utilizamos diversas t\u00e9cnicas, las feministas ortodoxas van al psicoan\u00e1lisis a so\u00f1ar en el div\u00e1n por los siglos de los siglos, hay quienes como yo recurrimos a la Gestalt, nos gusta el aqu\u00ed y el ahora, vamos a talleres de Constelaciones Familiarias para romper c\u00edrculos ancestrales, otras escogen yoga, o hay quienes hasta se pasan el huevo todos los d\u00edas y se hacen limpias si tiene mal aspecto o quienes logran ese empoderamiento a trav\u00e9s de la lectura.<\/p>\n\n\n\n<p class=\"wp-block-paragraph\">Y de repente cuando te sientes en los cuernos de la luna, se atraviesa un gal\u00e1n y ya encarrerados te dice: \u201cme gustas toda t\u00fa, pero si te subes un poquito el busto y te compones tu ojito que no sabe si mira pa Chiapa o pa Berrioz\u00e1bal y bajas 10 kilos, te sentir\u00edas mejor, tendr\u00e1s la autoestima m\u00e1s alta\u201d. \u00c9l generosamente lo hace por ti, pero quiere tener a la mujer perfecta, me pregunto \u00bfpor qu\u00e9 no la busca por otro lado?, la que tenga los 10 kilos menos, los ojos bien alineados y el busto mirando para arriba, de esos que te pones un l\u00e1piz debajo de ellos y no se sostiene se cae, son los senos perfectos, pero no, est\u00e1 enamorado de ti, y tu autoestima se va por los suelos y ya est\u00e1n pensando cu\u00e1nto cuesta la cirug\u00eda de senos.<\/p>\n\n\n\n<p class=\"wp-block-paragraph\">Y volvemos al principio, a releer a la Lagarde: La autoestima es, consecuentemente, una experiencia \u00e9tica de fidelidad a una misma: una experiencia que fluye y se transforma en permanencia. Simboliza la m\u00e1xima transgresi\u00f3n del orden hegem\u00f3nico que proh\u00edbe tal autoestima a las mujeres en rango de tab\u00fa. Construir la autoestima es vivir, de hecho, bajo las pautas \u00e9ticas del paradigma feminista, es ser libre. La pol\u00edtica feminista plantea como aspiraci\u00f3n a que, adem\u00e1s de ser libres, las mujeres vivamos en libertad. Luce tan f\u00e1cil, cuando lo leemos, que decimos a vivir con libertad desde ma\u00f1ana.<\/p>\n\n\n\n<p class=\"wp-block-paragraph\">Quisiera sentirme como el poema de Gioconda Belli:<\/p>\n\n\n\n<p class=\"wp-block-paragraph\">Soy llena de gozo, llena de vida, cargada de energ\u00edas, como un animal joven y contento. Viviendo Libre.<\/p>\n\n\n\n<p class=\"wp-block-paragraph\">Como conclusi\u00f3n, me quedo con lo expresado por Gloria Steinem en La revoluci\u00f3n desde dentro un libro sobre la autoestima (1995). En esta vertiente, ella coloca el proceso de transformaci\u00f3n de la autoestima en la dimensi\u00f3n de una revoluci\u00f3n y, por analog\u00eda, la valora como equivalente y tan necesaria como la revoluci\u00f3n.<\/p>\n\n\n\n<p class=\"wp-block-paragraph\">Definitivamente lograr la autoestima es hacer la revoluci\u00f3n, ya entend\u00ed.<br><\/p>\n","protected":false},"excerpt":{"rendered":"<p>Definitivamente lograr la autoestima es hacer la revoluci\u00f3n Entre la Autoestima y el Bistur\u00ed LA OPINI\u00d3N Enriqueta Burelo Melgar SemM\u00e9xico. 25 de abril 2019.- Hablar de autoestima femenina en esta \u00e9poca y en cualquier \u00e9poca no es f\u00e1cil, las mujeres hemos vivido en raz\u00f3n a modelos externos que nos marcan el c\u00f3mo ser, c\u00f3mo actuar, [&hellip;]<\/p>\n","protected":false},"author":3,"featured_media":6594,"comment_status":"open","ping_status":"open","sticky":false,"template":"","format":"standard","meta":{"_monsterinsights_skip_tracking":false,"footnotes":""},"categories":[690,82,110,35],"tags":[],"class_list":["post-6593","post","type-post","status-publish","format-standard","has-post-thumbnail","category-690","category-la-opinion","category-la-opinion-columnas","category-opinion"],"_links":{"self":[{"href":"https:\/\/redsemlac.com\/semmexico\/wp-json\/wp\/v2\/posts\/6593","targetHints":{"allow":["GET"]}}],"collection":[{"href":"https:\/\/redsemlac.com\/semmexico\/wp-json\/wp\/v2\/posts"}],"about":[{"href":"https:\/\/redsemlac.com\/semmexico\/wp-json\/wp\/v2\/types\/post"}],"author":[{"embeddable":true,"href":"https:\/\/redsemlac.com\/semmexico\/wp-json\/wp\/v2\/users\/3"}],"replies":[{"embeddable":true,"href":"https:\/\/redsemlac.com\/semmexico\/wp-json\/wp\/v2\/comments?post=6593"}],"version-history":[{"count":0,"href":"https:\/\/redsemlac.com\/semmexico\/wp-json\/wp\/v2\/posts\/6593\/revisions"}],"wp:featuredmedia":[{"embeddable":true,"href":"https:\/\/redsemlac.com\/semmexico\/wp-json\/wp\/v2\/media\/6594"}],"wp:attachment":[{"href":"https:\/\/redsemlac.com\/semmexico\/wp-json\/wp\/v2\/media?parent=6593"}],"wp:term":[{"taxonomy":"category","embeddable":true,"href":"https:\/\/redsemlac.com\/semmexico\/wp-json\/wp\/v2\/categories?post=6593"},{"taxonomy":"post_tag","embeddable":true,"href":"https:\/\/redsemlac.com\/semmexico\/wp-json\/wp\/v2\/tags?post=6593"}],"curies":[{"name":"wp","href":"https:\/\/api.w.org\/{rel}","templated":true}]}}